{"id":438048,"date":"2025-10-04T06:55:09","date_gmt":"2025-10-04T06:55:09","guid":{"rendered":"https:\/\/www.europesays.com\/fr\/438048\/"},"modified":"2025-10-04T06:55:09","modified_gmt":"2025-10-04T06:55:09","slug":"ce-quartier-est-le-plus-cher-de-paris-de-nombreuses-personnalites-y-ont-elu-domicile","status":"publish","type":"post","link":"https:\/\/www.europesays.com\/fr\/438048\/","title":{"rendered":"ce quartier est le plus cher de Paris, de nombreuses personnalit\u00e9s y ont \u00e9lu domicile"},"content":{"rendered":"<p>            Par<br \/>\n        <strong><br \/>\n            <a href=\"https:\/\/actu.fr\/auteur\/thomas-martin\" title=\"Consulter tous les articles de Thomas Martin\" target=\"_blank\" rel=\"noopener\">Thomas Martin<\/a><br \/>\n        <\/strong><\/p>\n<p>        Publi\u00e9 le<\/p>\n<p>            4 oct. 2025 \u00e0 7h48        <\/p>\n<p>Il est officiellement le quartier le plus cher de Paris sur le march\u00e9 de l\u2019<a href=\"https:\/\/actu.fr\/tag\/immobilier\" target=\"_blank\" rel=\"noopener\">immobilier<\/a>. Nich\u00e9 dans le 7e arrondissement de Paris, Saint-Thomas d\u2019Aquin affiche certes un recul du prix au m\u00b2 de 7,4% en un an, selon les <a href=\"https:\/\/actu.fr\/ile-de-france\/paris_75056\/carte-immobilier-a-paris-cet-arrondissement-fait-desormais-partie-de-ceux-a-plus-de-10-000-euros-le-m_63212564.html\" target=\"_blank\" rel=\"noopener\">notaires du Grand Paris<\/a>, mais il truste encore la premi\u00e8re place de la capitale avec un prix au m\u00b2 de 15 090 euros. Un lieu prestigieux d\u00e9limit\u00e9 \u00e0 l\u2019ouest par les rues Vaneau, de Bellechasse et\u00a0 de la L\u00e9gion-d\u2019Honneur ; \u00e0 l\u2019est par une section de la rue de S\u00e8vres, puis la <a href=\"https:\/\/actu.fr\/ile-de-france\/paris_75056\/paris-cet-appartement-dans-une-rue-prisee-de-la-capitale-est-a-vendre-38-millions-d-euros_60452469.html\" target=\"_blank\" rel=\"noopener\">rue des Saints-P\u00e8res<\/a> ; au sud par les rues Vaneau et de S\u00e8vres puis au nord au bord de la Seine avec les quais Anatole France et Voltaire.\u00a0<\/p>\n<p>Fran\u00e7ois Pinault propri\u00e9taire rue du Bac<\/p>\n<p class=\" wall-content\">Il faut dire qu\u2019il a tout pour lui. Alliant architecture haussmannienne, h\u00f4tels particuliers et rues pav\u00e9es, il offre \u00e0 ses habitants un cadre de vie paisible et s\u00e9curis\u00e9. Il regorge par ailleurs de restaurants raffin\u00e9s, de caf\u00e9s \u00e9l\u00e9gants et de boutiques de cr\u00e9ateurs. Les rues de Grenelle, de Verneuil et de Varenne sont particuli\u00e8rement pris\u00e9es pour leurs commerces de qualit\u00e9. Les amateurs de <a href=\"https:\/\/actu.fr\/tag\/gastronomie\" target=\"_blank\" rel=\"noopener\">gastronomie<\/a> trouveront leur bonheur dans les \u00e9piceries fines et les p\u00e2tisseries renomm\u00e9es que l\u2019on trouve notamment dans la tr\u00e8s gourmande rue du Bac o\u00f9 se trouvent \u00e9galement\u00a0Le Bon March\u00e9 Rive Gauche et la Grande Epicerie de Paris<\/p>\n<p class=\" wall-content\">Pas \u00e9tonnant d\u00e8s lors que de nombreuses personnalit\u00e9s du monde de la culture, de la politique et des affaires y aient \u00e9lu domicile. Les rues les plus pris\u00e9es, comme la rue Saint-Thomas-d\u2019Aquin, la rue de Grenelle ou la rue du Bac, concentrent des h\u00f4tels particuliers, des ambassades et des r\u00e9sidences minist\u00e9rielles.\u00a0<\/p>\n<p class=\" wall-content\">La rue du Bac comptent ainsi parmi ses riverains, Charlotte Gainsbourg et Yvan Attal. Dans cette m\u00eame rue, Fran\u00e7ois Pinault s\u2019est offert, en 2016, l\u2019h\u00f4tel de Clermont-Tonnerre au n\u00b0118 pour 52 millions d\u2019euros.\u00a0<\/p>\n<p class=\" wall-content\">Toute proche, la cit\u00e9 de Varenne cultive sa discr\u00e9tion \u00e0 l\u2019ombre du jardin priv\u00e9 des Missions \u00e9trang\u00e8res. Fin d\u00e9cembre 2024, un bien immobilier s\u2019y est vendu 58 millions d\u2019euros.\u00a0<\/p>\n<p class=\" wall-content\">On est tr\u00e8s loin du quartier Pont-de-Flandre dans le 19e arrondissement o\u00f9 le prix du m\u00b2 s\u2019\u00e9tablit \u00e0 6 510 euros au 2e trimestre 2025 selon les notaires.\u00a0<\/p>\n<p class=\" wall-content\">Personnalisez votre actualit\u00e9 en ajoutant vos villes et m\u00e9dias en favori avec <a href=\"https:\/\/moncompte.actu.fr\" title=\"D\u00e9couvez Mon Actu\" rel=\"nofollow noopener\" data-trk=\"{&quot;cta&quot;:{&quot;action&quot;:&quot;https:\\\/\\\/moncompte.actu.fr&quot;,&quot;category&quot;:&quot;mon compte&quot;,&quot;from&quot;:&quot;article footer&quot;,&quot;name&quot;:&quot;Mon actu&quot;,&quot;type&quot;:&quot;cta&quot;}}\" target=\"_blank\">Mon Actu<\/a>.<\/p>\n","protected":false},"excerpt":{"rendered":"Par Thomas Martin Publi\u00e9 le 4 oct. 2025 \u00e0 7h48 Il est officiellement le quartier le plus cher&hellip;\n","protected":false},"author":2,"featured_media":438049,"comment_status":"","ping_status":"","sticky":false,"template":"","format":"standard","meta":{"footnotes":""},"categories":[1888],"tags":[11,1777,674,1011,27,1116,2425,12,626,25,104],"class_list":{"0":"post-438048","1":"post","2":"type-post","3":"status-publish","4":"format-standard","5":"has-post-thumbnail","7":"category-paris","8":"tag-actualites","9":"tag-eu","10":"tag-europe","11":"tag-fr","12":"tag-france","13":"tag-immobilier","14":"tag-luxe","15":"tag-news","16":"tag-paris","17":"tag-republique-francaise","18":"tag-societe"},"share_on_mastodon":{"url":"https:\/\/pubeurope.com\/@fr\/115314591213790572","error":""},"_links":{"self":[{"href":"https:\/\/www.europesays.com\/fr\/wp-json\/wp\/v2\/posts\/438048","targetHints":{"allow":["GET"]}}],"collection":[{"href":"https:\/\/www.europesays.com\/fr\/wp-json\/wp\/v2\/posts"}],"about":[{"href":"https:\/\/www.europesays.com\/fr\/wp-json\/wp\/v2\/types\/post"}],"author":[{"embeddable":true,"href":"https:\/\/www.europesays.com\/fr\/wp-json\/wp\/v2\/users\/2"}],"replies":[{"embeddable":true,"href":"https:\/\/www.europesays.com\/fr\/wp-json\/wp\/v2\/comments?post=438048"}],"version-history":[{"count":0,"href":"https:\/\/www.europesays.com\/fr\/wp-json\/wp\/v2\/posts\/438048\/revisions"}],"wp:featuredmedia":[{"embeddable":true,"href":"https:\/\/www.europesays.com\/fr\/wp-json\/wp\/v2\/media\/438049"}],"wp:attachment":[{"href":"https:\/\/www.europesays.com\/fr\/wp-json\/wp\/v2\/media?parent=438048"}],"wp:term":[{"taxonomy":"category","embeddable":true,"href":"https:\/\/www.europesays.com\/fr\/wp-json\/wp\/v2\/categories?post=438048"},{"taxonomy":"post_tag","embeddable":true,"href":"https:\/\/www.europesays.com\/fr\/wp-json\/wp\/v2\/tags?post=438048"}],"curies":[{"name":"wp","href":"https:\/\/api.w.org\/{rel}","templated":true}]}}