{"id":438056,"date":"2025-10-04T06:59:19","date_gmt":"2025-10-04T06:59:19","guid":{"rendered":"https:\/\/www.europesays.com\/fr\/438056\/"},"modified":"2025-10-04T06:59:19","modified_gmt":"2025-10-04T06:59:19","slug":"aux-etats-unis-derriere-le-pasteur-douglas-wilson-lessor-du-nationalisme-chretien","status":"publish","type":"post","link":"https:\/\/www.europesays.com\/fr\/438056\/","title":{"rendered":"aux \u00c9tats-Unis, derri\u00e8re le pasteur Douglas Wilson, l\u2019essor du nationalisme chr\u00e9tien"},"content":{"rendered":"<p>Longtemps figure marginale des milieux \u00e9vang\u00e9liques, l\u2019homme incarne aujourd\u2019hui la mont\u00e9e de cette id\u00e9ologie prot\u00e9iforme mais structurante de la sph\u00e8re MAGA.<\/p>\n<p class=\"fig-paragraph\">En 2007, le magazine Christianity Today publiait un \u00e9change \u00e9pistolaire entre deux hommes sur le d\u00e9bat suivant\u00a0: \u00ab Le christianisme est-il bon pour le monde\u00a0? \u00bb D\u2019un c\u00f4t\u00e9,\u00a0<a href=\"https:\/\/www.lefigaro.fr\/flash-actu\/2011\/12\/16\/97001-20111216FILWWW00207-deces-de-l-ecrivain-christopher-hitchens.php\" data-fig-type=\"NewsFlash\" data-gtm-custom-categorie=\"navigation\" data-gtm-custom-action=\"crossclick\" data-gtm-custom-label=\"Contextuel\" data-gtm-event=\"customEventSPE\" data-fig-domain=\"LEFIGARO\" rel=\"nofollow noopener\" target=\"_blank\">Christopher Hitchens<\/a>, c\u00e9l\u00e8bre \u00e9crivain de gauche pass\u00e9 \u00e0 droite, antith\u00e9iste convaincu et connu pour ses joutes verbales avec diff\u00e9rentes personnalit\u00e9s religieuses. De l\u2019autre, Douglas Wilson, pasteur de Christ Church, \u00e9glise situ\u00e9e dans la ville de Moscou, en Idaho. Le succ\u00e8s et la popularit\u00e9 de l\u2019\u00e9change amen\u00e8rent les deux hommes \u00e0 se rencontrer pour une tourn\u00e9e de d\u00e9bats aux \u00c9tats-Unis, document\u00e9e dans un film intitul\u00e9 Collision, sorti en 2009 \u2013 deux ans avant la mort de Hitchens.<\/p>\n<p class=\"fig-paragraph\">Deux d\u00e9cennies plus tard, ce n\u2019est pas un magazine religieux qui s\u2019int\u00e9resse \u00e0 Douglas Wilson, mais les grands m\u00e9dias nationaux,<a href=\"http:\/\/www.lefigaro.fr\/medias\/fox-news-wall-street-journal-the-times-la-sanglante-guerre-de-succession-pour-l-empire-de-rupert-murdoch-est-enfin-reglee-20250909\" data-fig-type=\"Article\" data-gtm-custom-categorie=\"navigation\" data-gtm-custom-action=\"crossclick\" data-gtm-custom-label=\"Contextuel\" data-gtm-event=\"customEventSPE\" data-fig-domain=\"LEFIGARO\" rel=\"nofollow noopener\" target=\"_blank\">\u00a0dont The Wall Street Journal<\/a> . La semaine derni\u00e8re, le deuxi\u00e8me quotidien am\u00e9ricain consacrait \u00e0 ce pasteur de l\u2019Idaho un grand article\u00a0: \u00ab Douglas Wilson souhaite que les \u00c9tats-Unis deviennent une r\u00e9publique chr\u00e9tienne. Et la sph\u00e8re MAGA l\u2019\u00e9coute. \u00bb Une cons\u00e9cration pour cet homme de 71 ans, qui a pass\u00e9 le plus clair de sa vie \u00e0 la marge des mouvements conservateurs et religieux de son pays. Lui-m\u00eame fils de pasteur, Wilson devait partir dans le Wyoming apr\u00e8s avoir fini son service militaire, pour suivre les traces de son p\u00e8re et ouvrir une librairie. Le destin et l\u2019amour l\u2019ont fait rester \u00e0 Moscou, Idaho, o\u00f9 ses parents s\u2019\u00e9taient install\u00e9s dans les ann\u00e9es 1960.<\/p>\n<p class=\"fig-premium-paywall__infos\">\n        Cet article est r\u00e9serv\u00e9 aux abonn\u00e9s.        Il vous reste 88% \u00e0 d\u00e9couvrir.\n    <\/p>\n<p>                <img  data- alt=\"Le Figaro\" class=\"fig-img--complete fig-img\"\/><\/p>\n<p class=\"fig-premium-paywall__title\">Vous avez envie de lire la suite ?<\/p>\n<p class=\"fig-premium-paywall__subtitle\">D\u00e9bloquez tous les articles imm\u00e9diatement.<\/p>\n<p class=\"fig-premium-paywall__connect\">\n                D\u00e9j\u00e0 abonn\u00e9\u00a0?                <a class=\"fig-premium-paywall__connect-link\" href=\"https:\/\/connect.lefigaro.fr\/login?client=horizon_web&amp;type=main&amp;redirect_uri=https%3A%2F%2Fwww.lefigaro.fr%2Finternational%2Fle-christ-ou-le-chaos-aux-etats-unis-derriere-le-pasteur-douglas-wilson-l-essor-du-nationalisme-chretien-20251004\" data-js-gtm=\"{&quot;customCategorie&quot;: &quot;conversion&quot;, &quot;customAction&quot;: &quot;before_Landing_Connexion_paywall_manuel&quot;, &quot;customLabel&quot;: &quot;bGVmaWdhcm8uZnJfXzFmMGEwMmMyLThmNjAtNmFmNC1hNGI4LTE5NWRjNTQwMzNlOF9fQXJ0aWNsZQ==_\u00abLe Christ ou le chaos\u00bb\u00a0: aux \u00c9tats-Unis, derri\u00e8re le pasteur Douglas Wilson, l\u2019essor du nationalisme chr\u00e9tien_902&quot;, &quot;customIDSPE&quot;: &quot;bGVmaWdhcm8uZnJfXzFmMGEwMmMyLThmNjAtNmFmNC1hNGI4LTE5NWRjNTQwMzNlOF9fQXJ0aWNsZQ==&quot;, &quot;event&quot;: &quot;customEventSPE&quot;}\" rel=\"nofollow noopener\" target=\"_blank\"><br \/>\n                    Connectez-vous<br \/>\n                <\/a>\n            <\/p>\n","protected":false},"excerpt":{"rendered":"Longtemps figure marginale des milieux \u00e9vang\u00e9liques, l\u2019homme incarne aujourd\u2019hui la mont\u00e9e de cette id\u00e9ologie prot\u00e9iforme mais structurante de&hellip;\n","protected":false},"author":2,"featured_media":438057,"comment_status":"","ping_status":"","sticky":false,"template":"","format":"standard","meta":{"footnotes":""},"categories":[1589],"tags":[11,75,73,1866,12,1864,1865,1863,308],"class_list":{"0":"post-438056","1":"post","2":"type-post","3":"status-publish","4":"format-standard","5":"has-post-thumbnail","7":"category-etats-unis","8":"tag-actualites","9":"tag-donald-trump","10":"tag-etats-unis","11":"tag-etats-unis-damerique","12":"tag-news","13":"tag-united-states","14":"tag-united-states-of-america","15":"tag-us","16":"tag-usa"},"share_on_mastodon":{"url":"https:\/\/pubeurope.com\/@fr\/115314607014687184","error":""},"_links":{"self":[{"href":"https:\/\/www.europesays.com\/fr\/wp-json\/wp\/v2\/posts\/438056","targetHints":{"allow":["GET"]}}],"collection":[{"href":"https:\/\/www.europesays.com\/fr\/wp-json\/wp\/v2\/posts"}],"about":[{"href":"https:\/\/www.europesays.com\/fr\/wp-json\/wp\/v2\/types\/post"}],"author":[{"embeddable":true,"href":"https:\/\/www.europesays.com\/fr\/wp-json\/wp\/v2\/users\/2"}],"replies":[{"embeddable":true,"href":"https:\/\/www.europesays.com\/fr\/wp-json\/wp\/v2\/comments?post=438056"}],"version-history":[{"count":0,"href":"https:\/\/www.europesays.com\/fr\/wp-json\/wp\/v2\/posts\/438056\/revisions"}],"wp:featuredmedia":[{"embeddable":true,"href":"https:\/\/www.europesays.com\/fr\/wp-json\/wp\/v2\/media\/438057"}],"wp:attachment":[{"href":"https:\/\/www.europesays.com\/fr\/wp-json\/wp\/v2\/media?parent=438056"}],"wp:term":[{"taxonomy":"category","embeddable":true,"href":"https:\/\/www.europesays.com\/fr\/wp-json\/wp\/v2\/categories?post=438056"},{"taxonomy":"post_tag","embeddable":true,"href":"https:\/\/www.europesays.com\/fr\/wp-json\/wp\/v2\/tags?post=438056"}],"curies":[{"name":"wp","href":"https:\/\/api.w.org\/{rel}","templated":true}]}}