{"id":438062,"date":"2025-10-04T07:02:12","date_gmt":"2025-10-04T07:02:12","guid":{"rendered":"https:\/\/www.europesays.com\/fr\/438062\/"},"modified":"2025-10-04T07:02:12","modified_gmt":"2025-10-04T07:02:12","slug":"litalie-passe-sous-la-limite-europeenne-du-deficit-budgetaire-plus-tot-que-prevu-business-am","status":"publish","type":"post","link":"https:\/\/www.europesays.com\/fr\/438062\/","title":{"rendered":"L\u2019Italie passe sous la limite europ\u00e9enne du d\u00e9ficit budg\u00e9taire plus t\u00f4t que pr\u00e9vu &#8211; Business AM"},"content":{"rendered":"<p>Principaux renseignements<\/p>\n<ul class=\"wp-block-list\">\n<li><strong>Le d\u00e9ficit public de l\u2019Italie devrait atteindre 3 pour cent cette ann\u00e9e.<\/strong><\/li>\n<li><strong>Des recettes fiscales sup\u00e9rieures aux pr\u00e9visions ont am\u00e9lior\u00e9 le solde budg\u00e9taire global. Elles ont permis \u00e0 l\u2019Italie de sortir un an plus t\u00f4t que pr\u00e9vu de la proc\u00e9dure de d\u00e9ficit excessif de l\u2019UE.<\/strong><\/li>\n<li><strong>Le gouvernement Meloni pr\u00e9voit une croissance \u00e9conomique de 0,5 pour cent en 2025.<\/strong><\/li>\n<\/ul>\n<p>Le gouvernement italien, dirig\u00e9 par la Premi\u00e8re ministre Giorgia Meloni, a annonc\u00e9 que <a href=\"https:\/\/fr.businessam.be\/litalie-prevoit-un-deficit-budgetaire-en-dessous-de-la-limite-de-lue-en-2025\/\" target=\"_blank\" rel=\"noopener\">le d\u00e9ficit budg\u00e9taire<\/a> pour cette ann\u00e9e devrait s\u2019\u00e9lever \u00e0 3 pour cent. Cette \u00e9volution positive est due \u00e0 des recettes fiscales sup\u00e9rieures aux pr\u00e9visions, ce qui a am\u00e9lior\u00e9 le solde budg\u00e9taire global.<\/p>\n<p>Ainsi, l\u2019Italie se retrouve plus t\u00f4t que pr\u00e9vu en conformit\u00e9 avec les r\u00e8gles financi\u00e8res de l\u2019Union europ\u00e9enne (UE). Ces r\u00e8gles s\u2019appliquent aux pays qui d\u00e9passent la limite de d\u00e9ficit de 3 pour cent fix\u00e9e par l\u2019Union. Elles limitent la marge de man\u0153uvre des \u00c9tats membres pour mettre en \u0153uvre des r\u00e9ductions d\u2019imp\u00f4ts et des mesures de d\u00e9penses, garantissent que les d\u00e9ficits restent \u00e0 un niveau soutenable et favorisent la stabilit\u00e9 budg\u00e9taire au sein de la zone euro.<\/p>\n<p>Reconnaissance positive<\/p>\n<p>Les perspectives budg\u00e9taires am\u00e9lior\u00e9es de l\u2019Italie ont \u00e9t\u00e9 reconnues par des observateurs tels que la pr\u00e9sidente de la BCE, Christine Lagarde, qui a soulign\u00e9 les \u00ab efforts budg\u00e9taires tr\u00e8s s\u00e9rieux \u00bb du pays. Ce sentiment positif a \u00e9t\u00e9 renforc\u00e9 par Fitch Ratings, qui, en septembre, a relev\u00e9 la notation de cr\u00e9dit \u00e0 long terme de l\u2019Italie \u00e0 \u00ab BBB+ \u00bb avec une perspective stable. L\u2019agence de notation a soulign\u00e9 l\u2019engagement d\u00e9termin\u00e9 du gouvernement \u00e0 atteindre les objectifs budg\u00e9taires dans le cadre du nouveau cadre europ\u00e9en.<\/p>\n<p>Malgr\u00e9 ces signes encourageants, des d\u00e9fis demeurent. L\u2019Italie est toujours confront\u00e9e \u00e0 un ratio dette\/PIB \u00e9lev\u00e9, qui devrait passer sous les 137,8 pour cent en 2026 et descendre \u00e0 136,4 pour cent en 2028.<\/p>\n<p>Pr\u00e9visions de croissance \u00e9conomique<\/p>\n<p>Pour l\u2019avenir, le gouvernement de Meloni pr\u00e9voit une croissance \u00e9conomique de 0,5 pour cent en 2025, apr\u00e8s une croissance de 0,7 pour cent en 2024. Pour 2026, une croissance de 0,7 pour cent est \u00e0 nouveau anticip\u00e9e. Cependant, ce chiffre reste d\u00e9pendant des \u00e9volutions g\u00e9opolitiques et des tarifs commerciaux am\u00e9ricains.<\/p>\n<p>Au cours du prochain exercice fiscal, l\u2019Italie r\u00e9duira les imp\u00f4ts pour les revenus moyens, respectant ainsi l\u2019une des principales promesses \u00e9lectorales de Meloni. De plus, le budget inclut une augmentation des d\u00e9penses de d\u00e9fense, qui devraient progressivement atteindre 0,5 pour cent du produit int\u00e9rieur brut en 2028. (fc)<\/p>\n<p><a href=\"https:\/\/portalfr.businessam.be\/plans\/business-am-fr-offre-dete\/\" target=\"_blank\" rel=\"noopener\">Si vous souhaitez acc\u00e9der \u00e0 tous les articles, abonnez-vous ici!<\/a><\/p>\n","protected":false},"excerpt":{"rendered":"Principaux renseignements Le d\u00e9ficit public de l\u2019Italie devrait atteindre 3 pour cent cette ann\u00e9e. Des recettes fiscales sup\u00e9rieures&hellip;\n","protected":false},"author":2,"featured_media":438063,"comment_status":"","ping_status":"","sticky":false,"template":"","format":"standard","meta":{"footnotes":""},"categories":[1586],"tags":[11,1777,674,1011,27,32040,1861,33383,12,25],"class_list":{"0":"post-438062","1":"post","2":"type-post","3":"status-publish","4":"format-standard","5":"has-post-thumbnail","7":"category-europe","8":"tag-actualites","9":"tag-eu","10":"tag-europe","11":"tag-fr","12":"tag-france","13":"tag-litalie","14":"tag-lue","15":"tag-meloni","16":"tag-news","17":"tag-republique-francaise"},"share_on_mastodon":{"url":"https:\/\/pubeurope.com\/@fr\/115314619176837750","error":""},"_links":{"self":[{"href":"https:\/\/www.europesays.com\/fr\/wp-json\/wp\/v2\/posts\/438062","targetHints":{"allow":["GET"]}}],"collection":[{"href":"https:\/\/www.europesays.com\/fr\/wp-json\/wp\/v2\/posts"}],"about":[{"href":"https:\/\/www.europesays.com\/fr\/wp-json\/wp\/v2\/types\/post"}],"author":[{"embeddable":true,"href":"https:\/\/www.europesays.com\/fr\/wp-json\/wp\/v2\/users\/2"}],"replies":[{"embeddable":true,"href":"https:\/\/www.europesays.com\/fr\/wp-json\/wp\/v2\/comments?post=438062"}],"version-history":[{"count":0,"href":"https:\/\/www.europesays.com\/fr\/wp-json\/wp\/v2\/posts\/438062\/revisions"}],"wp:featuredmedia":[{"embeddable":true,"href":"https:\/\/www.europesays.com\/fr\/wp-json\/wp\/v2\/media\/438063"}],"wp:attachment":[{"href":"https:\/\/www.europesays.com\/fr\/wp-json\/wp\/v2\/media?parent=438062"}],"wp:term":[{"taxonomy":"category","embeddable":true,"href":"https:\/\/www.europesays.com\/fr\/wp-json\/wp\/v2\/categories?post=438062"},{"taxonomy":"post_tag","embeddable":true,"href":"https:\/\/www.europesays.com\/fr\/wp-json\/wp\/v2\/tags?post=438062"}],"curies":[{"name":"wp","href":"https:\/\/api.w.org\/{rel}","templated":true}]}}