{"id":438078,"date":"2025-10-04T07:12:12","date_gmt":"2025-10-04T07:12:12","guid":{"rendered":"https:\/\/www.europesays.com\/fr\/438078\/"},"modified":"2025-10-04T07:12:12","modified_gmt":"2025-10-04T07:12:12","slug":"un-pilote-envisage-darreter-la-saison","status":"publish","type":"post","link":"https:\/\/www.europesays.com\/fr\/438078\/","title":{"rendered":"un pilote envisage d\u2019arr\u00eater la saison"},"content":{"rendered":"<p>Il est en souffrance depuis plusieurs Grand Prix maintenant. Maverick Vi\u00f1ales, victime d\u2019une blessure \u00e0 l\u2019\u00e9paule gauche survenue pendant les qualifications du GP d\u2019Allemagne en juillet, souffre encore malgr\u00e9 une op\u00e9ration r\u00e9alis\u00e9e en mi-juillet.\u00a0<\/p>\n<p><b>Un arr\u00eat pr\u00e9cipit\u00e9<\/b><\/p>\n<p>En vue de sa fracture, le processus de r\u00e9tablissement est assez long. Apr\u00e8s plusieurs retours tent\u00e9s en ao\u00fbt, le pilote a toujours d\u00fb raccourcir ses week-ends car la douleur \u00e9tait trop forte. La vraie reprise des comp\u00e9titions \u00e9tait \u00e0 Barcelone, mais avec des Grands Prix avec beaucoup de changements d\u2019angles, la moto peut \u00eatre compliqu\u00e9e \u00e0 conduire.\u00a0\u00a0\u00a0<\/p>\n<p>\u00a0\u201cLe premier mois, le bras est en \u00e9charpe : du deuxi\u00e8me au quatri\u00e8me mois, il s&rsquo;agit de r\u00e9cup\u00e9rer la mobilit\u00e9, et j&rsquo;en suis \u00e0 deux mois et demi ; puis, du quatri\u00e8me au sixi\u00e8me mois, on reprend un peu de force. \u00c0 partir de six mois, on peut d\u00e9j\u00e0 avoir des forces, mais \u00e7a me m\u00e8ne d\u00e9j\u00e0 \u00e0 la saison prochaine.\u201d, explique-t-il via des propos relay\u00e9s par <a href=\"https:\/\/fr.motorsport.com\/motogp\/news\/vinales-envisage-arreter-saison-blessure-epaule\/10764502\/\" rel=\"nofollow noopener\" target=\"_blank\">motorsport.com<\/a><\/p>\n<p>Maverick Vi\u00f1ales pourrait revenir durant les tests d\u2019intersaison se d\u00e9roulant \u00e0 Valence.\u00a0<\/p>\n<p>    Partagez cette info avec vos amis et vos proches en cliquant ici  <\/p>\n<p> Podcasts \u00e0 la une MEN LIFE <\/p>\n<p>    Pour r\u00e9sumer<\/p>\n<p>Maverick Vi\u00f1ales souffre depuis plusieurs mois d\u00e9j\u00e0 \u00e0 la suite d&rsquo;une grosse chute survenue durant les qualifications du GP d&rsquo;Allemagne et envisage d&rsquo;arr\u00eater sa saison MotoGP pour revenir durant les essais d&rsquo;intersaison se d\u00e9roulant \u00e0 Valence<\/p>\n<p>R\u00e9dacteur<\/p>\n<p><img decoding=\"async\" width=\"76\" height=\"76\" loading=\"lazy\" src=\"https:\/\/www.europesays.com\/fr\/wp-content\/uploads\/2025\/04\/avatar-sport-am.png\" alt=\"Cylia Espiau\"\/><\/p>\n","protected":false},"excerpt":{"rendered":"Il est en souffrance depuis plusieurs Grand Prix maintenant. Maverick Vi\u00f1ales, victime d\u2019une blessure \u00e0 l\u2019\u00e9paule gauche survenue&hellip;\n","protected":false},"author":2,"featured_media":438079,"comment_status":"","ping_status":"","sticky":false,"template":"","format":"standard","meta":{"footnotes":""},"categories":[1413],"tags":[1011,27,1457,1456,60],"class_list":{"0":"post-438078","1":"post","2":"type-post","3":"status-publish","4":"format-standard","5":"has-post-thumbnail","7":"category-moto","8":"tag-fr","9":"tag-france","10":"tag-moto","11":"tag-motocycle","12":"tag-sports"},"share_on_mastodon":{"url":"https:\/\/pubeurope.com\/@fr\/115314658434199160","error":""},"_links":{"self":[{"href":"https:\/\/www.europesays.com\/fr\/wp-json\/wp\/v2\/posts\/438078","targetHints":{"allow":["GET"]}}],"collection":[{"href":"https:\/\/www.europesays.com\/fr\/wp-json\/wp\/v2\/posts"}],"about":[{"href":"https:\/\/www.europesays.com\/fr\/wp-json\/wp\/v2\/types\/post"}],"author":[{"embeddable":true,"href":"https:\/\/www.europesays.com\/fr\/wp-json\/wp\/v2\/users\/2"}],"replies":[{"embeddable":true,"href":"https:\/\/www.europesays.com\/fr\/wp-json\/wp\/v2\/comments?post=438078"}],"version-history":[{"count":0,"href":"https:\/\/www.europesays.com\/fr\/wp-json\/wp\/v2\/posts\/438078\/revisions"}],"wp:featuredmedia":[{"embeddable":true,"href":"https:\/\/www.europesays.com\/fr\/wp-json\/wp\/v2\/media\/438079"}],"wp:attachment":[{"href":"https:\/\/www.europesays.com\/fr\/wp-json\/wp\/v2\/media?parent=438078"}],"wp:term":[{"taxonomy":"category","embeddable":true,"href":"https:\/\/www.europesays.com\/fr\/wp-json\/wp\/v2\/categories?post=438078"},{"taxonomy":"post_tag","embeddable":true,"href":"https:\/\/www.europesays.com\/fr\/wp-json\/wp\/v2\/tags?post=438078"}],"curies":[{"name":"wp","href":"https:\/\/api.w.org\/{rel}","templated":true}]}}