{"id":438084,"date":"2025-10-04T07:15:11","date_gmt":"2025-10-04T07:15:11","guid":{"rendered":"https:\/\/www.europesays.com\/fr\/438084\/"},"modified":"2025-10-04T07:15:11","modified_gmt":"2025-10-04T07:15:11","slug":"fan-diniesta-qi-foot-incroyable-echec-a-latletico-qui-est-arthur-vermeeren-le-nouveau-chouchou-du-velodrome","status":"publish","type":"post","link":"https:\/\/www.europesays.com\/fr\/438084\/","title":{"rendered":"Fan d&rsquo;Iniesta, QI foot \u00ab\u00a0incroyable\u00a0\u00bb, \u00e9chec \u00e0 l&rsquo;Atl\u00e9tico&#8230; Qui est Arthur Vermeeren, le nouveau chouchou du V\u00e9lodrome?"},"content":{"rendered":"<p>Arriv\u00e9 dans la derni\u00e8re ligne droite du mercato estival, Arthur Vermeeren a \u00e9pat\u00e9 le V\u00e9lodrome mardi contre l\u2019Ajax en Ligue des champions. Une prestation pleine de promesses pour le jeune milieu belge (20 ans), bien d\u00e9cid\u00e9 \u00e0 se relever de deux derni\u00e8res ann\u00e9es contrast\u00e9es.<\/p>\n<p>Il y a ce soir-l\u00e0 sur la pelouse du Bosuilstadion d\u2019Anvers quelques-uns des meilleurs joueurs au monde avec <a href=\"https:\/\/rmcsport.bfmtv.com\/football\/clubs\/paris-saint-germain\/la-surprise-mbaye-les-tensions-en-tribune-l-echange-entre-al-khelaifi-et-lewandowski-les-secrets-de-la-folle-soiree-du-psg-a-barcelone_AV-202510020499.html\" title=\"La surprise Mbaye, les tensions en tribune, l&#039;\u00e9change entre Al-Khela\u00effi et Lewandowski: les secrets de la folle soir\u00e9e du PSG \u00e0 Barcelone\" class=\"internal_link\" rel=\"nofollow noopener\" target=\"_blank\">Robert Lewandowski<\/a>, Pedri ou Ilkay G\u00fcndogan. Les yeux sont aussi riv\u00e9s sur un jeune crack catalan de 16 ans dont il se murmure d\u00e9j\u00e0 qu\u2019il pourrait martyriser bien des d\u00e9fenses dans les ann\u00e9es \u00e0 venir, un certain <a href=\"https:\/\/rmcsport.bfmtv.com\/football\/ligue-des-champions\/non-yamal-n-est-pas-le-nom-de-famille-de-lamine-et-voila-pourquoi_AV-202505060556.html\" title=\"Non, Yamal n&#039;est pas le nom de famille de Lamine (et voil\u00e0 pourquoi)\" class=\"internal_link\" rel=\"nofollow noopener\" target=\"_blank\">Lamine Yamal<\/a>. C\u2019est pourtant dans le camp d\u2019en face que toute la lumi\u00e8re est prise. Ce 13 d\u00e9cembre 2023, ce qui ne devait \u00eatre qu\u2019un banal match de phase de poules de <a href=\"https:\/\/rmcsport.bfmtv.com\/football\/ligue-des-champions\/\" target=\"_blank\" class=\"external_link\" rel=\"nofollow noopener\">Ligue des champions<\/a> entre le Royal Antwerp et le FC Barcelone devient l\u2019acte de naissance d\u2019un joyau belge de 18 ans: Arthur Vermeeren.<\/p>\n<p>Car avant de s\u00e9duire les supporters marseillais par sa prestation maousse r\u00e9ussie <a href=\"https:\/\/rmcsport.bfmtv.com\/football\/ligue-des-champions\/direct-om-ajax-suivez-en-live-le-premier-match-de-ligue-de-champions-de-marseille-au-velodrome-cette-saison_LS-202509300248.html\" title=\"OM-Ajax: Grosse tuile pour l&#039;OM, Medina absent deux mois\" class=\"internal_link\" rel=\"nofollow noopener\" target=\"_blank\">contre l\u2019Ajax Amsterdam (4-0)<\/a> dans la chaleur du V\u00e9lodrome cette semaine, le droitier avait d\u00e9j\u00e0 eu droit aux honneurs de la presse internationale. Il y a deux ans, ce sont les m\u00e9dias espagnols qui \u00e9taient tomb\u00e9s sous le charme de ce gamin maigrichon au sourire timide mais \u00e0 l\u2019\u00e9l\u00e9gance certaine, buteur au bout de deux minutes et capable d\u2019\u00e9teindre \u00e0 lui tout seul ou presque le milieu du Bar\u00e7a pour guider les siens vers un succ\u00e8s de prestige (3-2). Au coup de sifflet final, son entra\u00eeneur Mark van Bommel s\u2019\u00e9tait empress\u00e9 de saluer \u00ab\u00a0l\u2019extra classe\u00a0\u00bb de son milieu: \u00ab\u00a0On dirait que ce qu&rsquo;il fait est simple mais je peux vous dire que \u00e7a ne l&rsquo;est pas.\u00a0\u00bb<\/p>\n<p>L&rsquo;OM le voulait d\u00e9j\u00e0 il y a un an<\/p>\n<p>C\u2019est sans doute ce que s\u2019est dit <a href=\"https:\/\/rmcsport.bfmtv.com\/football\/clubs\/olympique-marseille\/un-plan-decide-le-matin-du-match-comment-de-zerbi-a-reussi-son-coup-tactique-avec-l-om-face-a-l-ajax_AV-202510010801.html\" title=\"Un plan d\u00e9cid\u00e9 le matin du match: comment De Zerbi a r\u00e9ussi son coup tactique avec l&#039;OM face \u00e0 l&#039;Ajax\" class=\"internal_link\" rel=\"nofollow noopener\" target=\"_blank\">Roberto De Zerbi<\/a> en le voyant rayonner dans l\u2019entrejeu marseillais pour sa premi\u00e8re titularisation de la saison ce mardi, avec une activit\u00e9 de tous les instants \u00e0 la r\u00e9cup\u00e9ration (six ballons gratt\u00e9s, record du match) et cette m\u00eame facult\u00e9 \u00e0 jouer simple. Une performance d\u2019autant plus remarquable qu\u2019il a tout de suite r\u00e9pondu pr\u00e9sent dans l\u2019intensit\u00e9, malgr\u00e9 un temps de jeu pour le moins limit\u00e9 depuis le d\u00e9but de saison (13 minutes contre Lorient, 25 minutes face au Real Madrid).<\/p>\n<p>\u00ab\u00a0Arthur est un super joueur. On avait d\u00e9j\u00e0 essay\u00e9 de le recruter l\u2019an dernier. Malheureusement, on n\u2019avait pas r\u00e9ussi. Pour son \u00e2ge, il joue d\u00e9j\u00e0 comme un ancien. On sent quelqu\u2019un de tr\u00e8s tranquille. Techniquement, il est toujours orient\u00e9, toujours en mouvement. C\u2019est un vrai joueur de football\u00a0\u00bb, louait \u00e0 l\u2019issue de la rencontre face \u00e0 l\u2019Ajax le directeur du football du club phoc\u00e9en, Medhi Benatia, anticipant les questions sur son avenir. \u00ab\u00a0M\u00eame s\u2019il n\u2019est que pr\u00eat\u00e9, si le projet lui pla\u00eet et s\u2019il encha\u00eene ce genre de prestations, on pourrait le voir ici pour quelques ann\u00e9es.\u00a0\u00bb Pour l\u2019heure sous contrat jusqu\u2019en 2029 avec le RB Leipzig, Vermeeren ne dirait sans doute pas non \u00e0 un peu de stabilit\u00e9, pour ne pas revivre le m\u00eame genre d\u2019\u00e9chec qu\u2019\u00e0 l\u2019Atl\u00e9tico.<\/p>\n<p>Car \u00e0 peine deux mois apr\u00e8s sa soir\u00e9e magique de 2023 face au Bar\u00e7a, le Belge s\u2019\u00e9tait laiss\u00e9 s\u00e9duire par les bons mots de Diego Simeone, rejoignant l\u2019Espagne pour 20 millions d\u2019euros. Trop jeune, trop t\u00f4t, trop de pression. Les Colchoneros ne lui ont jamais vraiment laiss\u00e9 sa chance et se sont m\u00eame empress\u00e9s de le c\u00e9der d\u00e8s l\u2019\u00e9t\u00e9 suivant \u00e0 Leipzig. Pourtant pas aid\u00e9 par un collectif en grande souffrance (7e de Bundesliga), Vermeeren a pu retrouver en Allemagne des sensations, et se rapprocher par s\u00e9quences du niveau qui en avait fait l\u2019un des artisans du doubl\u00e9 Coupe-Championnat obtenu par le Royal Antwerp en 2023.<\/p>\n<p>\u00ab\u00a0Aucun dribble ou geste superflu\u00a0\u00bb<\/p>\n<p>En Belgique, on esp\u00e8re maintenant que cette signature \u00e0 Marseille permettra de r\u00e9v\u00e9ler le plein potentiel de ce talent au caract\u00e8re discret mais affirm\u00e9, fan de Rocky Balboa et de Kobe Bryant, d\u2019abord r\u00e9v\u00e9l\u00e9 en d\u00e9fense centrale, puis lanc\u00e9 chez les pros \u00e0 seulement 17 ans. \u00ab\u00a0On dirait qu&rsquo;il a \u00e9t\u00e9 form\u00e9 \u00e0 la Masia\u00a0\u00bb, disait de lui il y a deux ans David Penneman, son ancien entra\u00eeneur chez les U17 belges, dans les colonnes de <a href=\"https:\/\/www.dhnet.be\/sports\/football\/division-1a\/2023\/01\/11\/qui-est-arthur-vermeeren-le-nouveau-phenomene-du-football-belge-on-dirait-quil-a-ete-forme-au-barca-KHSBTFP7QZE3LOCQOYNW5E4LXQ\/\" target=\"_blank\" class=\"external_link\" rel=\"nofollow noopener\">La Derni\u00e8re Heure<\/a>. Sans l\u00e9siner sur les compliments. \u00ab\u00a0Les analogies avec Andr\u00e9s Iniesta ne sont pas vol\u00e9es. Je sais que ce genre de comparaison est \u00e0 double tranchant car il conna\u00eetra des creux. Mais son QI foot est incroyable. M\u00eame l&rsquo;histoire de sa premi\u00e8re s\u00e9lection est amusante. J&rsquo;allais scouter d&rsquo;autres joueurs des U18 de l&rsquo;Antwerp \u00e0 l&rsquo;\u00e9t\u00e9 2021 et j&rsquo;ai vu Arthur. Il \u00e9tait le meilleur joueur sur le terrain tout en \u00e9tant peu visible.\u00a0\u00bb<\/p>\n<blockquote class=\"embed embed_quote\"><p>\u00ab\u00a0Il r\u00e9solvait toutes les situations avec tellement d&rsquo;intelligence. Ses choix \u00e9taient bons, sa position toujours id\u00e9ale. Il ne faisait aucun dribble ou geste superflu.\u00a0\u00bb<\/p><\/blockquote>\n<p>Bluff\u00e9 par sa vista et son sens de l\u2019anticipation, Van Bommel a m\u00eame un jour promis \u00e0 son poulain du Royal Antwerp une trajectoire \u00e0 la Jude Bellingham &#8211; rien que \u00e7a &#8211; \u00e0 condition de \u00ab\u00a0ne pas franchir les \u00e9tapes trop rapidement\u00a0\u00bb. \u00c0 l\u2019OM, De Zerbi aimerait qu&rsquo;il se montre \u00ab\u00a0moins timide en dehors des terrains pour augmenter son rendement\u00a0\u00bb sur le rectangle vert. \u00ab\u00a0C&rsquo;est le pr\u00e9sent et aussi le futur du club. Il a encore une tr\u00e8s grande marge de progression. Il faut qu&rsquo;il r\u00e9ussisse \u00e0 \u00eatre plus patron de l&rsquo;environnement qui l&rsquo;entoure\u00a0\u00bb, dit de lui l&rsquo;exigeant technicien italien. Un discours laudateur \u00e0 l\u2019\u00e9gard d\u2019un \u00e9l\u00e9ment qui doit apprendre \u00e0 composer avec une concurrence fournie et incarn\u00e9e par Pierre-Emile Hojbjerg, Matt O&rsquo;Riley, Angel Gomes, Geoffrey Kondogbia ou Bilel Nadir.<\/p>\n<p>\u00ab\u00a0L\u2019important, c\u2019est le collectif et que l&rsquo;\u00e9quipe joue bien. Chacun travaille pour \u00e7a. Tout le monde aimerait jouer, moi aussi, mais on doit respecter les choix du coach et supporter l&rsquo;\u00e9quipe, qu&rsquo;on joue ou pas\u00a0\u00bb, r\u00e9pond l\u2019international belge aux six s\u00e9lections (son dernier match avec les Diables Rouges remonte \u00e0 novembre 2024), qui cite parmi ses principales qualit\u00e9s sa vision du jeu et sa lecture des matchs. \u00ab\u00a0Avec le ballon, je suis tr\u00e8s calme, j&rsquo;ai confiance. Andr\u00e9s Iniesta est un exemple pour moi. J\u2019aimais regarder ses matchs, il \u00e9tait magnifique \u00e0 voir jouer\u00a0\u00bb, a-t-il confi\u00e9 ce vendredi pour sa premi\u00e8re conf\u00e9rence de presse, se disant \u00ab\u00a0reconnaissant d\u2019avoir \u00e9t\u00e9 tr\u00e8s bien accueilli\u00a0\u00bb \u00e0 l\u2019OM.<\/p>\n<p>Quant \u00e0 son avenir et les conditions de son pr\u00eat, lui y voit pour l&rsquo;instant un non-sujet: \u00ab\u00a0Je ne sais pas trop. Le plus important, c&rsquo;est que je vais tout donner sur le terrain.\u00a0\u00bb Soit \u00e0 peu pr\u00e8s le meilleur moyen de gagner le c\u0153ur des supporters marseillais.<\/p>\n","protected":false},"excerpt":{"rendered":"Arriv\u00e9 dans la derni\u00e8re ligne droite du mercato estival, Arthur Vermeeren a \u00e9pat\u00e9 le V\u00e9lodrome mardi contre l\u2019Ajax&hellip;\n","protected":false},"author":2,"featured_media":438085,"comment_status":"","ping_status":"","sticky":false,"template":"","format":"standard","meta":{"footnotes":""},"categories":[1410],"tags":[63,1011,27,60],"class_list":{"0":"post-438084","1":"post","2":"type-post","3":"status-publish","4":"format-standard","5":"has-post-thumbnail","7":"category-football","8":"tag-football","9":"tag-fr","10":"tag-france","11":"tag-sports"},"share_on_mastodon":{"url":"https:\/\/pubeurope.com\/@fr\/115314670286703554","error":""},"_links":{"self":[{"href":"https:\/\/www.europesays.com\/fr\/wp-json\/wp\/v2\/posts\/438084","targetHints":{"allow":["GET"]}}],"collection":[{"href":"https:\/\/www.europesays.com\/fr\/wp-json\/wp\/v2\/posts"}],"about":[{"href":"https:\/\/www.europesays.com\/fr\/wp-json\/wp\/v2\/types\/post"}],"author":[{"embeddable":true,"href":"https:\/\/www.europesays.com\/fr\/wp-json\/wp\/v2\/users\/2"}],"replies":[{"embeddable":true,"href":"https:\/\/www.europesays.com\/fr\/wp-json\/wp\/v2\/comments?post=438084"}],"version-history":[{"count":0,"href":"https:\/\/www.europesays.com\/fr\/wp-json\/wp\/v2\/posts\/438084\/revisions"}],"wp:featuredmedia":[{"embeddable":true,"href":"https:\/\/www.europesays.com\/fr\/wp-json\/wp\/v2\/media\/438085"}],"wp:attachment":[{"href":"https:\/\/www.europesays.com\/fr\/wp-json\/wp\/v2\/media?parent=438084"}],"wp:term":[{"taxonomy":"category","embeddable":true,"href":"https:\/\/www.europesays.com\/fr\/wp-json\/wp\/v2\/categories?post=438084"},{"taxonomy":"post_tag","embeddable":true,"href":"https:\/\/www.europesays.com\/fr\/wp-json\/wp\/v2\/tags?post=438084"}],"curies":[{"name":"wp","href":"https:\/\/api.w.org\/{rel}","templated":true}]}}