{"id":438088,"date":"2025-10-04T07:18:14","date_gmt":"2025-10-04T07:18:14","guid":{"rendered":"https:\/\/www.europesays.com\/fr\/438088\/"},"modified":"2025-10-04T07:18:14","modified_gmt":"2025-10-04T07:18:14","slug":"ce-que-les-ecrivains-disent-de-largent-et-de-son-pouvoir","status":"publish","type":"post","link":"https:\/\/www.europesays.com\/fr\/438088\/","title":{"rendered":"ce que les \u00e9crivains disent de l\u2019argent et de son pouvoir"},"content":{"rendered":"<p><strong>CRITIQUE <\/strong>&#8211; Ce livre propose, \u00e0 travers trois mille ans d\u2019histoire, une exploration passionnante des r\u00e9flexions inspir\u00e9es aux \u00e9crivains par l\u2019argent et par la fa\u00e7on dont il agit sur le c\u0153ur de l\u2019homme.<\/p>\n<p class=\"fig-paragraph\">Cet article est extrait du\u00a0<a href=\"https:\/\/boutique.lefigaro.fr\/produit\/140965-le-reveil-de-l-islamisme\" target=\"_blank\" rel=\"noopener\" data-gtm-custom-categorie=\"navigation\" data-gtm-custom-action=\"crossclick\" data-gtm-custom-label=\"Contextuel\" data-gtm-event=\"customEventSPE\">Figaro Histoire \u00ab Le r\u00e9veil de l\u2019islamisme. D\u2019un califat \u00e0 l\u2019autre. 1924-2014\u00bb . Retrouvez dans ce num\u00e9ro<\/a>\u00a0un dossier sp\u00e9cial pour tout comprendre sur cet enjeu majeur du monde contemporain.<\/p>\n<p>    \u00abLe r\u00e9veil de l\u2019islamisme.\u00bb<br \/>\n                Le Figaro Histoire<\/p>\n<p class=\"fig-paragraph\">Avant m\u00eame celui de la lecture, il y a un plaisir particulier \u00e0 ouvrir un livre dont le sujet tient de l\u2019in\u00e9dit. C\u2019est ce sentiment qu\u2019on \u00e9prouve face \u00e0 Tout l\u2019or du monde d\u2019<a href=\"http:\/\/www.lefigaro.fr\/conjoncture\/anne-de-guigne-le-nouveau-budget-ne-reglera-de-toute-facon-rien-20250928\" data-fig-type=\"Article\" data-gtm-custom-categorie=\"navigation\" data-gtm-custom-action=\"crossclick\" data-gtm-custom-label=\"Contextuel\" data-gtm-event=\"customEventSPE\" data-fig-domain=\"LEFIGARO\" target=\"_blank\" rel=\"noopener\">Anne de Guign\u00e9<\/a>, grand reporter au service \u00e9conomie du Figaro, qui aurait pu avoir pour titre Des \u00e9crivains parlent d\u2019argent, si ce n\u2019\u00e9tait d\u00e9j\u00e0, depuis 2017, celui de l\u2019un des savoureux spectacles de<a href=\"http:\/\/www.lefigaro.fr\/fabrice-luchini-le-portable-est-une-reponse-illusoire-a-l-ennui-20250409\" data-fig-type=\"NewsFlash\" data-gtm-custom-categorie=\"navigation\" data-gtm-custom-action=\"crossclick\" data-gtm-custom-label=\"Contextuel\" data-gtm-event=\"customEventSPE\" data-fig-domain=\"LEFIGARO\" target=\"_blank\" rel=\"noopener\">\u00a0Fabrice Luchini<\/a>. Des feuilletonistes \u00e0 la ligne aux auteurs \u00e0 succ\u00e8s perclus de dettes (ceux-ci, tel Alexandre Dumas, ayant parfois \u00e9t\u00e9 ceux-l\u00e0), on conna\u00eet surtout les soucis financiers des hommes de lettres. S\u2019ils affleurent au fil de ces pages qui explorent une quarantaine d\u2019\u0153uvres, ils ne forment pas, cependant, la mati\u00e8re de ce livre.<\/p>\n<p class=\"fig-paragraph\">Ce qui int\u00e9resse Anne de\u00a0Guign\u00e9, c\u2019est l\u2019enseignement que l\u2019on peut tirer\u2026<\/p>\n<p class=\"fig-premium-paywall__infos\">\n        Cet article est r\u00e9serv\u00e9 aux abonn\u00e9s.        Il vous reste 88% \u00e0 d\u00e9couvrir.\n    <\/p>\n<p>                <img  data- alt=\"Le Figaro\" class=\"fig-img--complete fig-img\"\/><\/p>\n<p class=\"fig-premium-paywall__title\">Vous avez envie de lire la suite ?<\/p>\n<p class=\"fig-premium-paywall__subtitle\">D\u00e9bloquez tous les articles imm\u00e9diatement.<\/p>\n<p class=\"fig-premium-paywall__connect\">\n                D\u00e9j\u00e0 abonn\u00e9\u00a0?                <a class=\"fig-premium-paywall__connect-link\" href=\"https:\/\/connect.lefigaro.fr\/login?client=horizon_web&amp;type=main&amp;redirect_uri=https%3A%2F%2Fwww.lefigaro.fr%2Flivres%2Ftout-l-or-du-monde-d-anne-de-guigne-ce-que-les-ecrivains-disent-de-l-argent-et-de-son-pouvoir-20251004\" data-js-gtm=\"{&quot;customCategorie&quot;: &quot;conversion&quot;, &quot;customAction&quot;: &quot;before_Landing_Connexion_paywall_auto&quot;, &quot;customLabel&quot;: &quot;bGVmaWdhcm8uZnJfXzFmMGEwMzg0LTgyZDQtNmI5Mi1hZTgyLTI3NGMwNGFjNTlhY19fQXJ0aWNsZQ==_&lt;i&gt;Tout l\u2019or du monde&lt;\/i&gt;, d\u2019Anne de Guign\u00e9\u00a0: ce que les \u00e9crivains disent de l\u2019argent et de son pouvoir_69&quot;, &quot;customIDSPE&quot;: &quot;bGVmaWdhcm8uZnJfXzFmMGEwMzg0LTgyZDQtNmI5Mi1hZTgyLTI3NGMwNGFjNTlhY19fQXJ0aWNsZQ==&quot;, &quot;event&quot;: &quot;customEventSPE&quot;}\" target=\"_blank\" rel=\"noopener\"><br \/>\n                    Connectez-vous<br \/>\n                <\/a>\n            <\/p>\n","protected":false},"excerpt":{"rendered":"CRITIQUE &#8211; Ce livre propose, \u00e0 travers trois mille ans d\u2019histoire, une exploration passionnante des r\u00e9flexions inspir\u00e9es aux&hellip;\n","protected":false},"author":2,"featured_media":438089,"comment_status":"","ping_status":"","sticky":false,"template":"","format":"standard","meta":{"footnotes":""},"categories":[1357],"tags":[3355,1379,58,33,59,1011,27,2003,1380],"class_list":{"0":"post-438088","1":"post","2":"type-post","3":"status-publish","4":"format-standard","5":"has-post-thumbnail","7":"category-livres","8":"tag-auteur","9":"tag-books","10":"tag-divertissement","11":"tag-economie","12":"tag-entertainment","13":"tag-fr","14":"tag-france","15":"tag-livre","16":"tag-livres"},"share_on_mastodon":{"url":"https:\/\/pubeurope.com\/@fr\/115314681789771208","error":""},"_links":{"self":[{"href":"https:\/\/www.europesays.com\/fr\/wp-json\/wp\/v2\/posts\/438088","targetHints":{"allow":["GET"]}}],"collection":[{"href":"https:\/\/www.europesays.com\/fr\/wp-json\/wp\/v2\/posts"}],"about":[{"href":"https:\/\/www.europesays.com\/fr\/wp-json\/wp\/v2\/types\/post"}],"author":[{"embeddable":true,"href":"https:\/\/www.europesays.com\/fr\/wp-json\/wp\/v2\/users\/2"}],"replies":[{"embeddable":true,"href":"https:\/\/www.europesays.com\/fr\/wp-json\/wp\/v2\/comments?post=438088"}],"version-history":[{"count":0,"href":"https:\/\/www.europesays.com\/fr\/wp-json\/wp\/v2\/posts\/438088\/revisions"}],"wp:featuredmedia":[{"embeddable":true,"href":"https:\/\/www.europesays.com\/fr\/wp-json\/wp\/v2\/media\/438089"}],"wp:attachment":[{"href":"https:\/\/www.europesays.com\/fr\/wp-json\/wp\/v2\/media?parent=438088"}],"wp:term":[{"taxonomy":"category","embeddable":true,"href":"https:\/\/www.europesays.com\/fr\/wp-json\/wp\/v2\/categories?post=438088"},{"taxonomy":"post_tag","embeddable":true,"href":"https:\/\/www.europesays.com\/fr\/wp-json\/wp\/v2\/tags?post=438088"}],"curies":[{"name":"wp","href":"https:\/\/api.w.org\/{rel}","templated":true}]}}