{"id":438090,"date":"2025-10-04T07:19:47","date_gmt":"2025-10-04T07:19:47","guid":{"rendered":"https:\/\/www.europesays.com\/fr\/438090\/"},"modified":"2025-10-04T07:19:47","modified_gmt":"2025-10-04T07:19:47","slug":"anna-cabana-julian-bugier-et-gerard-holtz-font-leur-entree-sur-lcp-qui-ne-se-cantonnera-plus-a-la-politique","status":"publish","type":"post","link":"https:\/\/www.europesays.com\/fr\/438090\/","title":{"rendered":"Anna Cabana, Julian Bugier et G\u00e9rard Holtz font leur entr\u00e9e sur LCP, qui ne se cantonnera plus \u00e0 la politique"},"content":{"rendered":"\n<p class=\"article__chapeau\">Dans un moment de crise d\u00e9mocratique et de d\u00e9fiance envers l\u2019information politique, la cha\u00eene mise sur son ind\u00e9pendance pour continuer sa croissance. Et inaugure un pari culturel, avec quelques recrues bien connues des t\u00e9l\u00e9spectateurs.<\/p>\n<p>              <a href=\"https:\/\/www.europesays.com\/fr\/wp-content\/uploads\/2025\/10\/8925e2e_upload-1-ztimfio8ipiq-image00009.jpeg\" data-pswp-width=\"\" data-pswp-height=\"\" class=\"media__hd\" target=\"_blank\">      <img decoding=\"async\" fetchpriority=\"high\" src=\"https:\/\/www.europesays.com\/fr\/wp-content\/uploads\/2025\/10\/8925e2e_upload-1-ztimfio8ipiq-image00009.jpeg\" class=\"media__picture js-media-zoom-main \" alt=\"Anna Cabana, Nicolas Daniel (directeur \u00e9ditorial de LCP) et \u00e0 droite Emmanuel Kessler (PDG de LCP), au Griffon, \u00e0 Paris le 29\u00a0septembre 2025.\" title=\"LCP Assembl\u00e9e nationale\"\/>      <\/p>\n<p class=\"media__legend\"> Anna Cabana, Nicolas Daniel (directeur \u00e9ditorial de LCP) et \u00e0 droite Emmanuel Kessler (PDG de LCP), au Griffon, \u00e0 Paris le 29\u00a0septembre 2025.  LCP Assembl\u00e9e nationale  <\/p>\n<p>     <\/a>                    <\/p>\n<p class=\"author author--simple\">Par  <a class=\"author author--link\" href=\"https:\/\/www.telerama.fr\/recherche\/articles?q=Juliette+B%C3%A9nabent\" rel=\"nofollow noopener\" target=\"_blank\"> Juliette B\u00e9nabent <\/a>    <\/p>\n<p class=\"publication__date\">Publi\u00e9 le 29 septembre 2025 \u00e0 17h40<\/p>\n<p>   Partager   <\/p>\n<ul class=\"sharing-popin--results\">\n<li class=\"sharing-popin--item sharing-popin--item-container\"> Partage  <\/li>\n<li data-share=\"linkedin\" class=\"sharing-popin--item\">  LinkedIn <\/li>\n<li data-share=\"facebook\" class=\"sharing-popin--item\">  Facebook <\/li>\n<li data-share=\"mail\" data-social=\"mail\" class=\"sharing-popin--item\">  Envoyer par email <\/li>\n<li data-share=\"copy\" class=\"sharing-popin--item\">  Copier le lien <\/li>\n<\/ul>\n<p>        Favoris       <\/p>\n<p>                <a class=\"openapp__link\" data-event=\"click-open-app\" data-deep-link=\"tlrm:\/\/element?id=\/television\/anna-cabana-julian-bugier-et-gerard-holtz-font-leur-entree-sur-lcp-qui-ne-se-cantonnera-plus-a-la-politique-7027606.php&amp;source=deeplink_site\">  Lire dans l&rsquo;application<br \/>\n  <\/a>                               <\/p>\n<p class=\"paragraph\">En ces temps de \u00ab\u00a0polarisation\u00a0\u00bb, de \u00ab\u00a0tourments\u00a0\u00bb, de \u00ab\u00a0clivages\u00a0\u00bb, de \u00ab\u00a0fake news\u00a0\u00bb et de \u00ab\u00a0chute de confiance dans la d\u00e9mocratie\u00a0\u00bb, la cha\u00eene parlementaire LCP joue \u00e0 fond sa carte\u00a0: \u00ab\u00a0ind\u00e9pendance, pluralisme, impartialit\u00e9\u00a0\u00bb, a martel\u00e9 <a target=\"_blank\" href=\"https:\/\/www.telerama.fr\/television\/emmanuel-kessler-quelle-que-soit-la-majorite-elue-lcp-poursuivra-sa-mission-7020873.php\" rel=\"nofollow noopener\">son patron, Emmanuel Kessler<\/a>, lors de la pr\u00e9sentation \u00e0 la presse de sa nouvelle saison, le 29\u00a0septembre.\u00a0Une cha\u00eene politique, certes, mais pas seulement\u00a0: il y a aura aussi cette ann\u00e9e de la culture, du reportage, et quelques animateurs qui ont bien roul\u00e9 leur bosse dans l\u2019audiovisuel public.<\/p>\n<p class=\"paragraph\">Les historiques demeurent\u00a0: Francis Letellier conserve Lundi, c\u2019est politique, Patrick Cohen poursuit Rembob\u2019INA, et Jean-Pierre Gratien les soir\u00e9es D\u00e9batDoc. Le c\u0153ur du r\u00e9acteur reste au palais Bourbon\u00a0: depuis le 9\u00a0septembre, l\u2019actualit\u00e9 politique est analys\u00e9e, d\u00e9battue et comment\u00e9e par <a target=\"_blank\" href=\"https:\/\/www.telerama.fr\/debats-reportages\/encore-un-matin-avec-trump-le-defi-journalistique-permanent-des-equipes-radio-et-tele-7025416.php\" rel=\"nofollow noopener\">Adeline Fran\u00e7ois<\/a> et des chroniqueurs, du mardi au vendredi, dans Chaque voix compte, tourn\u00e9 in situ et en public, afin de permettre \u00e0 des Fran\u00e7ais lambda de \u00ab\u00a0visiter l\u2019Assembl\u00e9e nationale et de dialoguer avec des d\u00e9put\u00e9s\u00a0\u00bb. Ce jour-l\u00e0, lendemain du vote de la censure contre Fran\u00e7ois Bayrou, LCP \u00ab\u00a0a battu ses records d\u2019audience\u00a0: la preuve qu\u2019un\u00a0r\u00e9flexe LCP\u00a0\u00bb s\u2019est install\u00e9 en cas de grosse actualit\u00e9 politique, selon la journaliste venue de BFM TV.<\/p>\n<p>                De la fiction, un magazine cin\u00e9\u2026                       <\/p>\n<p class=\"paragraph\">C\u00f4t\u00e9 visages connus, la journaliste et essayiste Anna Cabana (BFM TV, i24News) et l\u2019immarcescible G\u00e9rard Holtz (qui fait son retour \u00e0 la t\u00e9l\u00e9 apr\u00e8s pr\u00e8s de dix ans d\u2019absence, et \u00e0 78\u00a0ans) prennent les r\u00eanes du Banquet, en prime, le vendredi soir. Une \u00e9mission dont le titre \u00e9voque \u00ab\u00a0Platon ou Ast\u00e9rix\u00a0\u00bb, qui m\u00ealera les cultures \u00ab\u00a0\u00e9litiste et populaire\u00a0\u00bb et dont le plateau sera install\u00e9 \u00e0 Paris 14\u1d49, au restaurant Le Poin\u00e7on, dans l\u2019ancienne gare Montrouge-Ceinture. Ils y parleront litt\u00e9rature, cin\u00e9ma ou id\u00e9es avec des invit\u00e9s, dont des politiques \u2014 Anna Cabana, mari\u00e9e \u00e0 l\u2019ex-ministre Jean-Michel Blanquer, sera-t-elle de nouveau vis\u00e9e par des <a target=\"_blank\" href=\"https:\/\/www.telerama.fr\/ecrans\/anna-cabana-animatrice-d-un-debat-tele-sur-son-mari-jean-michel-blanquer-7008311.php\" rel=\"nofollow noopener\">soup\u00e7o<\/a><a target=\"_blank\" href=\"https:\/\/www.telerama.fr\/ecrans\/anna-cabana-animatrice-d-un-debat-tele-sur-son-mari-jean-michel-blanquer-7008311.php\" rel=\"nofollow noopener\">ns<\/a> de manquement d\u00e9ontologique\u00a0?<\/p>\n<p>                              <a href=\"https:\/\/www.europesays.com\/fr\/wp-content\/uploads\/2025\/10\/acbb132_upload-1-9sevncswaa3q-sans-titre-1.jpg\" data-pswp-width=\"\" data-pswp-height=\"\" class=\"media__hd\" target=\"_blank\">      <img decoding=\"async\" loading=\"lazy\" src=\"https:\/\/www.europesays.com\/fr\/wp-content\/uploads\/2025\/10\/acbb132_upload-1-9sevncswaa3q-sans-titre-1.jpg\" class=\"media__picture js-media-zoom  media__size--large\" alt=\"Julian Bugier et G\u00e9rard Holtz\" title=\"Photo \u00a0Corentin Folhen et Sophie Boulet\"\/>      <\/p>\n<p class=\"media__legend\"> Julian Bugier et G\u00e9rard Holtz  Photo \u00a0Corentin Folhen et Sophie Boulet  <\/p>\n<p>     <\/a>                          <\/p>\n<p class=\"paragraph\">Alors que la fiction s\u2019invite de plus en plus dans ses programmes (la rediffusion, cet \u00e9t\u00e9, de la s\u00e9rie Un village fran\u00e7ais a boost\u00e9 ses audiences), LCP lance aussi un magazine cin\u00e9ma, La grande s\u00e9ance, anim\u00e9 un dimanche soir par mois par Julian Bugier (pr\u00e9sentateur du 13\u00a0heures de France 2\u00a0depuis\u00a02021)\u00a0: autour d\u2019un film (La Haine, Un proph\u00e8te ou 120\u00a0Battements par minute), il misera sur \u00ab\u00a0le temps long pour r\u00e9fl\u00e9chir \u00e0 des enjeux de soci\u00e9t\u00e9 soulev\u00e9s par ces films\u00a0\u00bb. Un autre nouveau format se d\u00e9roulera dans un train\u00a0: dans Quai n\u1d52 8, un intervieweur m\u00e8nera un long entretien th\u00e9matique film\u00e9 dans un joli wagon offert par le partenaire SNCF. Les invit\u00e9s confieront leurs combats f\u00e9ministes \u00e0 Laure Adler (Ovidie, Michelle Perrot\u2026)\u00a0; leur vision de la musique comme acte citoyen \u00e0 Didier Varrod (Laurent Voulzy, Youssou N\u2019Dour\u2026)\u00a0; le jour o\u00f9 leur vie politique a bascul\u00e9 \u00e0 Yves Thr\u00e9ard, du Figaro (Dominique de Villepin\u2026) ou leurs r\u00e9flexions et connaissances sur le vivant \u00e0 Daphn\u00e9 Roulier.<\/p>\n<p>                Documentaires in\u00e9dits                       <\/p>\n<p class=\"paragraph\">Outre ces paris r\u00e9solument culturels, LCP refond son format LCP le mag qui devient En immersion, avec les coulisses, une fois par mois, d\u2019un dossier d\u2019actualit\u00e9 (Bloquons tout, la commission d\u2019enqu\u00eate sur l\u2019affaire B\u00e9tharram\u2026). La cha\u00eene programmera aussi cet automne des documentaires in\u00e9dits, consacr\u00e9s notamment \u00e0 plusieurs victimes de l\u2019attentat au Bataclan, le 13\u00a0novembre 2015 (Vendredi noir, de Daniel Psenny), \u00e0 la maladie de Charcot (Du c\u00f4t\u00e9 de la vie, de Myriam Seurat), aux gar\u00e7ons victimes de violences sexistes et sexuelles (Didier, moi et les autres\u2026 Les enfants du silence, de Nicolas Bourgouin\u2026).<\/p>\n<p class=\"paragraph\">\u00c0 l\u2019antenne depuis vingt-cinq ans, forte de soixante-dix collaborateurs et 17,5\u00a0millions d\u2019euros de budget, et <a target=\"_blank\" href=\"https:\/\/www.telerama.fr\/television\/tnt-nouvelles-chaines-nouvelle-numerotation-qu-est-ce-qui-change-1902-7025892.php\" rel=\"nofollow noopener\">d\u00e9sormais distribu\u00e9e sur le canal 8\u00a0de la TNT<\/a>, ainsi que sur les plateformes de Radio France, France T\u00e9l\u00e9visions ou TF1, et sur YouTube (o\u00f9 elle est pass\u00e9e de 300\u00a0000\u00a0\u00e0 430\u00a0000\u00a0abonn\u00e9s), LCP entend profiter de sa libert\u00e9\u00a0: sa part d\u2019audience est pass\u00e9e de 0,4\u00a0% \u00e0 0,6\u00a0%. Emmanuel Kessler assure que ce n\u2019est pas l\u2019essentiel, mais \u00e7a fait toujours plaisir.<\/p>\n","protected":false},"excerpt":{"rendered":"Dans un moment de crise d\u00e9mocratique et de d\u00e9fiance envers l\u2019information politique, la cha\u00eene mise sur son ind\u00e9pendance&hellip;\n","protected":false},"author":2,"featured_media":438091,"comment_status":"","ping_status":"","sticky":false,"template":"","format":"standard","meta":{"footnotes":""},"categories":[1356],"tags":[58,59,1011,27,252,1364],"class_list":{"0":"post-438090","1":"post","2":"type-post","3":"status-publish","4":"format-standard","5":"has-post-thumbnail","7":"category-television","8":"tag-divertissement","9":"tag-entertainment","10":"tag-fr","11":"tag-france","12":"tag-television","13":"tag-tv"},"share_on_mastodon":{"url":"https:\/\/pubeurope.com\/@fr\/115314690122218391","error":""},"_links":{"self":[{"href":"https:\/\/www.europesays.com\/fr\/wp-json\/wp\/v2\/posts\/438090","targetHints":{"allow":["GET"]}}],"collection":[{"href":"https:\/\/www.europesays.com\/fr\/wp-json\/wp\/v2\/posts"}],"about":[{"href":"https:\/\/www.europesays.com\/fr\/wp-json\/wp\/v2\/types\/post"}],"author":[{"embeddable":true,"href":"https:\/\/www.europesays.com\/fr\/wp-json\/wp\/v2\/users\/2"}],"replies":[{"embeddable":true,"href":"https:\/\/www.europesays.com\/fr\/wp-json\/wp\/v2\/comments?post=438090"}],"version-history":[{"count":0,"href":"https:\/\/www.europesays.com\/fr\/wp-json\/wp\/v2\/posts\/438090\/revisions"}],"wp:featuredmedia":[{"embeddable":true,"href":"https:\/\/www.europesays.com\/fr\/wp-json\/wp\/v2\/media\/438091"}],"wp:attachment":[{"href":"https:\/\/www.europesays.com\/fr\/wp-json\/wp\/v2\/media?parent=438090"}],"wp:term":[{"taxonomy":"category","embeddable":true,"href":"https:\/\/www.europesays.com\/fr\/wp-json\/wp\/v2\/categories?post=438090"},{"taxonomy":"post_tag","embeddable":true,"href":"https:\/\/www.europesays.com\/fr\/wp-json\/wp\/v2\/tags?post=438090"}],"curies":[{"name":"wp","href":"https:\/\/api.w.org\/{rel}","templated":true}]}}