{"id":438092,"date":"2025-10-04T07:20:24","date_gmt":"2025-10-04T07:20:24","guid":{"rendered":"https:\/\/www.europesays.com\/fr\/438092\/"},"modified":"2025-10-04T07:20:24","modified_gmt":"2025-10-04T07:20:24","slug":"dautres-radiodiffuseurs-suggerent-dabaisser-les-quotas","status":"publish","type":"post","link":"https:\/\/www.europesays.com\/fr\/438092\/","title":{"rendered":"d&rsquo;autres radiodiffuseurs sugg\u00e8rent d&rsquo;abaisser les quotas"},"content":{"rendered":"<p> <img decoding=\"async\" class=\"lazyload\" src=\"https:\/\/www.europesays.com\/fr\/wp-content\/uploads\/2025\/10\/342e6338-780c-454f-bc53-35d37cdb403a-678x381.jpg\" alt=\"\" title=\"radio micro\"\/>(Image d&rsquo;illustration Depositphotos)<\/p>\n<p><strong>C\u2019\u00e9tait le jour 4 des audiences du CRTC sur le contenu canadien et autochtone dans les plateformes en ligne et les radiodiffuseurs traditionnels, vendredi, \u00e0 Gatineau.<\/strong><\/p>\n<p>Des radiodiffuseurs ont sugg\u00e9r\u00e9 d\u2019abaisser le quota de musique canadienne francophone \u00e0 40%, calcul\u00e9 sur une base mensuelle, au lieu des 65% qu\u2019impose actuellement le CRTC aux stations de radio.<\/p>\n<p>Dans une intervention effectu\u00e9e conjointement par Leclerc Communications et RNC M\u00e9dia, aux audiences du CRTC, Leclerc Communication a propos\u00e9 cette diminution, qui rejoint celle de Cogeco et d\u2019Arsenal M\u00e9dia.<\/p>\n<p>Par ailleurs,<a href=\"https:\/\/monlatuque.com\/contenu-canadien-arsenal-media-propose-ses-solutions-au-crtc\/\" target=\"_blank\" rel=\"noreferrer noopener nofollow\"> la proposition de jeudi d\u2019Arsenal M\u00e9dia pour des mesures transitoires de 36 mois<\/a> a \u00e9t\u00e9 appuy\u00e9e par\u00a0 les deux radiodiffuseurs, vendredi.<\/p>\n<p>On y voit une occasion d\u2019\u00e9valuer l\u2019impact des quotas sur les cotes d\u2019\u00e9coute.<\/p>\n<p>On a aussi propos\u00e9 d\u2019imposer des exigences en mati\u00e8re de contenu et de d\u00e9couvrabilit\u00e9 aux services audio num\u00e9riques \u00e9trangers pour s\u2019assurer que \u00ab\u00a0chacun des acteurs du syst\u00e8me joue son r\u00f4le dans la d\u00e9couvrabilit\u00e9 et la mise en valeur de la musique vocale francophone\u00a0\u00bb.<\/p>\n<p>Parmi les autres intervenants entendus plus t\u00f4t ce vendredi, la Canadian Association of Aboriginal Broadcasters pr\u00f4ne l\u2019implantation d\u2019un quota minimal de 5 % de musique autochtone dans les radios commerciales. La Soci\u00e9t\u00e9 professionnelle des auteurs, compositeurs du Qu\u00e9bec et des artistes entrepreneurs a aussi plaid\u00e9 pour le maintien de quotas pour les radiodiffuseurs.<\/p>\n<p>Quant \u00e0 des quotas pouvant \u00eatre impos\u00e9s aux diffuseurs en continu, la Digital Media Association les a consid\u00e9r\u00e9s incompatibles, vendredi. Selon elle, ils seraient difficiles \u00e0 appliquer dans un contexte o\u00f9 les utilisateurs choisissent leur musique et o\u00f9 la d\u00e9couverte musicale est aliment\u00e9e par \u00abun m\u00e9lange d\u2019algorithmes, de recherche, de m\u00e9dias sociaux et de marketing propres \u00e0 l\u2019artiste\u00bb.<\/p>\n<p>Les audiences se poursuivront lundi, pour une derni\u00e8re journ\u00e9e. Pr\u00e8s d\u2019une dizaine d\u2019intervenants seront entendus dont Spotify et l\u2019ADISQ.<\/p>\n","protected":false},"excerpt":{"rendered":"(Image d&rsquo;illustration Depositphotos) C\u2019\u00e9tait le jour 4 des audiences du CRTC sur le contenu canadien et autochtone dans&hellip;\n","protected":false},"author":2,"featured_media":438093,"comment_status":"","ping_status":"","sticky":false,"template":"","format":"standard","meta":{"footnotes":""},"categories":[1355],"tags":[58,59,1011,27,1361,873],"class_list":{"0":"post-438092","1":"post","2":"type-post","3":"status-publish","4":"format-standard","5":"has-post-thumbnail","7":"category-musique","8":"tag-divertissement","9":"tag-entertainment","10":"tag-fr","11":"tag-france","12":"tag-music","13":"tag-musique"},"share_on_mastodon":{"url":"https:\/\/pubeurope.com\/@fr\/115314690213798884","error":""},"_links":{"self":[{"href":"https:\/\/www.europesays.com\/fr\/wp-json\/wp\/v2\/posts\/438092","targetHints":{"allow":["GET"]}}],"collection":[{"href":"https:\/\/www.europesays.com\/fr\/wp-json\/wp\/v2\/posts"}],"about":[{"href":"https:\/\/www.europesays.com\/fr\/wp-json\/wp\/v2\/types\/post"}],"author":[{"embeddable":true,"href":"https:\/\/www.europesays.com\/fr\/wp-json\/wp\/v2\/users\/2"}],"replies":[{"embeddable":true,"href":"https:\/\/www.europesays.com\/fr\/wp-json\/wp\/v2\/comments?post=438092"}],"version-history":[{"count":0,"href":"https:\/\/www.europesays.com\/fr\/wp-json\/wp\/v2\/posts\/438092\/revisions"}],"wp:featuredmedia":[{"embeddable":true,"href":"https:\/\/www.europesays.com\/fr\/wp-json\/wp\/v2\/media\/438093"}],"wp:attachment":[{"href":"https:\/\/www.europesays.com\/fr\/wp-json\/wp\/v2\/media?parent=438092"}],"wp:term":[{"taxonomy":"category","embeddable":true,"href":"https:\/\/www.europesays.com\/fr\/wp-json\/wp\/v2\/categories?post=438092"},{"taxonomy":"post_tag","embeddable":true,"href":"https:\/\/www.europesays.com\/fr\/wp-json\/wp\/v2\/tags?post=438092"}],"curies":[{"name":"wp","href":"https:\/\/api.w.org\/{rel}","templated":true}]}}