{"id":438106,"date":"2025-10-04T07:27:10","date_gmt":"2025-10-04T07:27:10","guid":{"rendered":"https:\/\/www.europesays.com\/fr\/438106\/"},"modified":"2025-10-04T07:27:10","modified_gmt":"2025-10-04T07:27:10","slug":"sanae-takaichi-nouvelle-chef-du-pld-et-pressentie-pour-diriger-le-gouvernement","status":"publish","type":"post","link":"https:\/\/www.europesays.com\/fr\/438106\/","title":{"rendered":"Sanae Takaichi, nouvelle chef du PLD et pressentie pour diriger le gouvernement"},"content":{"rendered":"<p>La nationaliste Sanae Takaichi, 64 ans, a \u00e9t\u00e9 \u00e9lue samedi \u00e0 la t\u00eate du Parti lib\u00e9ral-d\u00e9mocrate (PLD), formation au pouvoir au Japon.<\/p>\n<p class=\"fig-paragraph\">Sanae Takaichi, une nationaliste radicale, a \u00e9t\u00e9 \u00e9lue samedi cheffe du Parti Lib\u00e9ral-D\u00e9mocrate (PLD) au pouvoir et devrait \u00e0 ce titre devenir prochainement la premi\u00e8re femme Premier ministre du Japon. Le PLD a certes perdu cette ann\u00e9e la majorit\u00e9 absolue dans les deux chambres, mais l\u2019opposition semble trop fragment\u00e9e pour l\u2019emp\u00eacher d\u2019\u00eatre \u00e9lue Premi\u00e8re ministre par le Parlement dans les prochains jours, la semaine du 13 octobre, selon les m\u00e9dias locaux.<\/p>\n<p class=\"fig-paragraph\">Sanae Takaichi, 64, ans, succ\u00e8de \u00e0\u00a0<a href=\"http:\/\/www.lefigaro.fr\/international\/japon-le-premier-ministre-shigeru-ishiba-prevoit-de-demissionner-apres-sa-debacle-electorale-20250723\" data-fig-type=\"NewsFlash\" data-gtm-custom-categorie=\"navigation\" data-gtm-custom-action=\"crossclick\" data-gtm-custom-label=\"Contextuel\" data-gtm-event=\"customEventSPE\" data-fig-domain=\"LEFIGARO\" target=\"_blank\" rel=\"noopener\">Shigeru Ishiba<\/a>, d\u00e9missionnaire et qui avait \u00e9t\u00e9 \u00e9lu chef du gouvernement en octobre 2024 en la battant lors de l\u2019\u00e9lection pour la t\u00eate du PLD. Samedi au 2e tour de ce scrutin pour lequel ont vot\u00e9 uniquement des \u00e9lus et membres du PLD, Sanae Takaichi a devanc\u00e9 le ministre de l\u2019Agriculture et tr\u00e8s m\u00e9diatique Shinjiro Koizumi, 44 ans. Takaichi devra veiller \u00e0 ce que le PLD, formation de droite nationaliste au pouvoir quasiment sans interruption depuis 1955 mais aujourd\u2019hui de plus en plus boud\u00e9e par les \u00e9lecteurs, retrouve un peu de sa superbe.<\/p>\n<p>                                    <a class=\"fig-a11y-skip a11y-hidden\" href=\"#fig-a11y-skip-main-inarticle\"><br \/>\n        Passer la publicit\u00e9<br \/>\n    <\/a><\/p>\n<p class=\"fig-paragraph\">\u00abAvec vous tous, nous avons inaugur\u00e9 une nouvelle \u00e8re pour le PLD\u00bb, a-t-elle lanc\u00e9 devant ses pairs quelques minutes apr\u00e8s son \u00e9lection. \u00abLa tendance de la sc\u00e8ne politique est une transition des anciens partis vers de nouveaux partis, le PLD doit donc se renouveler pour survivre\u00bb, estimait Junichi Takase, professeur \u00e9m\u00e9rite \u00e0 l\u2019universit\u00e9 des \u00e9tudes \u00e9trang\u00e8res de Nagoya, interrog\u00e9 par l\u2019AFP il y a quelques jours. Elle devra notamment faire face aux questions du vieillissement de la population de l\u2019archipel et de la dette nationale colossale, \u00e0 l\u2019\u00e9conomie chancelante et aux inqui\u00e9tudes croissantes au sujet de l\u2019immigration.<\/p>\n<p>Thatcher comme mod\u00e8le<\/p>\n<p class=\"fig-paragraph\">La derni\u00e8re \u00e9lection nationale, en juillet, a ainsi sign\u00e9 l\u2019essor du parti nationaliste Sanseito, dont le slogan est \u00abLe Japon d\u2019abord\u00bb. Faisant \u00e9cho aux populismes d\u2019autres pays, ce parti bl\u00e2me les \u00e9trangers pour une multitude de probl\u00e8mes, de la hausse des prix de l\u2019immobilier \u00e0 l\u2019ins\u00e9curit\u00e9 routi\u00e8re. Mme Takaichi avait estim\u00e9 que le Japon devrait \u00abreconsid\u00e9rer les politiques qui permettent l\u2019entr\u00e9e de personnes ayant des cultures et des origines compl\u00e8tement diff\u00e9rentes\u00bb. \u00abIl est possible que l\u2019opinion publique \u00e0 l\u2019\u00e9gard des \u00e9trangers devienne plus stricte\u00bb, et \u00abil est \u00e0 craindre que les inqui\u00e9tudes infond\u00e9es du public ne soient amplifi\u00e9es en devenant un enjeu politique\u00bb, note Hidehiro Yamamoto.<\/p>\n<p class=\"fig-paragraph\">Takaichi qui est aussi connue pour son attitude intransigeante envers la Chine est soutenue par l\u2019aile conservatrice du parti et les partisans de son mentor politique, l\u2019ancien Premier ministre Shinzo Abe (2006-2007, puis 2012-2020), assassin\u00e9 en 2022. Elle a ax\u00e9 son programme politique sur le renforcement de la d\u00e9fense nationale et de la s\u00e9curit\u00e9 \u00e9conomique, et aurait r\u00e9cemment d\u00e9clar\u00e9 qu\u2019elle n\u2019h\u00e9siterait pas \u00e0 demander la ren\u00e9gociation des droits de douane avec les \u00c9tats-Unis si certaines parties de l\u2019accord \u00e9taient \u00abinjustes ou pr\u00e9judiciables\u00bb pour le Japon. Elle a \u00e9galement exprim\u00e9 sa vive inqui\u00e9tude concernant la criminalit\u00e9 et l\u2019influence \u00e9conomique des \u00e9trangers au Japon, appelant \u00e0 un durcissement des r\u00e8gles relatives \u00e0 l\u2019achat de biens immobiliers.<\/p>\n<p class=\"fig-paragraph\">Son ascension co\u00efncide avec un d\u00e9samour des \u00e9lecteurs pour le PLD au pouvoir au Japon depuis des d\u00e9cennies, en particulier au profit du Sanseito, un nouveau parti nationaliste qui a \u00e9largi son soutien gr\u00e2ce \u00e0 des messages anti-immigration. Sur le plan \u00e9conomique, la candidate soutient un assouplissement mon\u00e9taire agressif et d\u2019importantes d\u00e9penses budg\u00e9taires, faisant \u00e9cho aux politiques controvers\u00e9es de Shinzo Abe, les \u00abAbenomics\u00bb. Ancienne batteuse dans un groupe de heavy metal \u00e0 l\u2019universit\u00e9, Mme Takaichi consid\u00e8re la Britannique Margaret Thatcher (1925-2013) comme son h\u00e9ro\u00efne politique.<\/p>\n","protected":false},"excerpt":{"rendered":"La nationaliste Sanae Takaichi, 64 ans, a \u00e9t\u00e9 \u00e9lue samedi \u00e0 la t\u00eate du Parti lib\u00e9ral-d\u00e9mocrate (PLD), formation&hellip;\n","protected":false},"author":2,"featured_media":438107,"comment_status":"","ping_status":"","sticky":false,"template":"","format":"standard","meta":{"footnotes":""},"categories":[5],"tags":[11,1011,27,14,2070,12,28],"class_list":{"0":"post-438106","1":"post","2":"type-post","3":"status-publish","4":"format-standard","5":"has-post-thumbnail","7":"category-international","8":"tag-actualites","9":"tag-fr","10":"tag-france","11":"tag-international","12":"tag-japon","13":"tag-news","14":"tag-world"},"share_on_mastodon":{"url":"https:\/\/pubeurope.com\/@fr\/115314717113398007","error":""},"_links":{"self":[{"href":"https:\/\/www.europesays.com\/fr\/wp-json\/wp\/v2\/posts\/438106","targetHints":{"allow":["GET"]}}],"collection":[{"href":"https:\/\/www.europesays.com\/fr\/wp-json\/wp\/v2\/posts"}],"about":[{"href":"https:\/\/www.europesays.com\/fr\/wp-json\/wp\/v2\/types\/post"}],"author":[{"embeddable":true,"href":"https:\/\/www.europesays.com\/fr\/wp-json\/wp\/v2\/users\/2"}],"replies":[{"embeddable":true,"href":"https:\/\/www.europesays.com\/fr\/wp-json\/wp\/v2\/comments?post=438106"}],"version-history":[{"count":0,"href":"https:\/\/www.europesays.com\/fr\/wp-json\/wp\/v2\/posts\/438106\/revisions"}],"wp:featuredmedia":[{"embeddable":true,"href":"https:\/\/www.europesays.com\/fr\/wp-json\/wp\/v2\/media\/438107"}],"wp:attachment":[{"href":"https:\/\/www.europesays.com\/fr\/wp-json\/wp\/v2\/media?parent=438106"}],"wp:term":[{"taxonomy":"category","embeddable":true,"href":"https:\/\/www.europesays.com\/fr\/wp-json\/wp\/v2\/categories?post=438106"},{"taxonomy":"post_tag","embeddable":true,"href":"https:\/\/www.europesays.com\/fr\/wp-json\/wp\/v2\/tags?post=438106"}],"curies":[{"name":"wp","href":"https:\/\/api.w.org\/{rel}","templated":true}]}}