{"id":438110,"date":"2025-10-04T07:29:12","date_gmt":"2025-10-04T07:29:12","guid":{"rendered":"https:\/\/www.europesays.com\/fr\/438110\/"},"modified":"2025-10-04T07:29:12","modified_gmt":"2025-10-04T07:29:12","slug":"trump-se-felicite-de-la-reponse-du-hamas-et-met-une-pression-inedite-sur-israel","status":"publish","type":"post","link":"https:\/\/www.europesays.com\/fr\/438110\/","title":{"rendered":"Trump se f\u00e9licite de la r\u00e9ponse du Hamas et met une pression in\u00e9dite sur Isra\u00ebl"},"content":{"rendered":"<p>        <img decoding=\"async\" loading=\"lazy\" src=\"https:\/\/www.europesays.com\/fr\/wp-content\/uploads\/2025\/10\/dbf3787_upload-1-iikbefaz4lvn-afp-20250929-aa-30092025-2445477-v1-midres-donaldtrumpnetanyahupressco.jpeg\"  width=\"728\" height=\"410\" alt=\"Trump se f\u00e9licite de la r\u00e9ponse du Hamas et met une pression in\u00e9dite sur Isra\u00ebl\"\/>  <\/p>\n<p>STRINGER \/ Anadolu via AFP<\/p>\n<p>Trump se f\u00e9licite de la r\u00e9ponse du Hamas et met une pression in\u00e9dite sur Isra\u00ebl<\/p>\n<p class=\"asset asset-text\">INTERNATIONAL &#8211; Le Hamas s\u2019est dit pr\u00eat vendredi \u00e0 des n\u00e9gociations imm\u00e9diates en vue de la lib\u00e9ration des <a href=\"https:\/\/www.huffingtonpost.fr\/international\/article\/le-hamas-pret-a-liberer-ses-derniers-otages-a-gaza-ce-qu-on-sait-de-ces-victimes-deux-ans-apres-leur-capture_255475.html\" target=\"_blank\" rel=\"noopener\">otages isra\u00e9liens retenus \u00e0 Gaza<\/a> et de la fin de la guerre, dans le cadre du plan propos\u00e9 par <a href=\"https:\/\/www.huffingtonpost.fr\/international\/article\/albanie-ou-armenie-quand-macron-et-des-dirigeants-europeens-rient-des-confusions-diplomatiques-de-trump_255569.html\" target=\"_blank\" rel=\"noopener\">Donald Trump<\/a>. Un motif de r\u00e9jouissance pour ce dernier, qui appelle d\u00e9sormais Isra\u00ebl \u00e0 \u00ab\u00a0arr\u00eater imm\u00e9diatement les bombardements\u00a0\u00bb.<\/p>\n<p class=\"asset asset-text\">Sur son r\u00e9seau Truth Social, Donald Trump a effectivement jug\u00e9 que le mouvement islamiste palestinien \u00ab\u00a0\u00e9tait pr\u00eat pour une paix durable\u00a0\u00bb apr\u00e8s deux ans de guerre. \u00ab\u00a0Isra\u00ebl doit arr\u00eater imm\u00e9diatement les bombardements \u00e0 Gaza, pour que nous puissions faire sortir les otages rapidement et en toute s\u00e9curit\u00e9\u00a0\u00bb, a ajout\u00e9 le pr\u00e9sident am\u00e9ricain.<\/p>\n<p class=\"asset asset-text\">Un appel \u00e0 cesser les combats que le locataire de la Maison-Blanche, comme son pr\u00e9d\u00e9cesseur Joe Biden, n\u2019avait jusqu\u2019ici jamais formul\u00e9 depuis 2023. Isra\u00ebl a de son c\u00f4t\u00e9 pris acte de la r\u00e9ponse du mouvement palestinien et dit samedi se pr\u00e9parer \u00ab\u00a0pour la mise en \u0153uvre imm\u00e9diate de la premi\u00e8re \u00e9tape du plan Trump pour la lib\u00e9ration de tous les otages\u00a0\u00bb, sans \u00e9voquer \u00e0 ce stade d\u2019autres aspects du plan.<\/p>\n<p>    <strong>Isra\u00ebl poursuit ses bombardements malgr\u00e9 tout<\/strong>    <\/p>\n<p class=\"asset asset-text\">La D\u00e9fense civile locale \u00e0 Gaza a fait \u00e9tat pour sa part de dizaines de frappes et des tirs d\u2019artillerie isra\u00e9liens sur l\u2019enclave, malgr\u00e9 les mots de Donald Trump. \u00ab\u00a0La nuit a \u00e9t\u00e9 tr\u00e8s violente, avec l\u2019arm\u00e9e isra\u00e9lienne menant des dizaines de frappes et de tirs d\u2019artillerie sur la ville de Gaza et d\u2019autres zones de la bande de Gaza\u00a0\u00bb, a ainsi d\u00e9clar\u00e9 \u00e0 l\u2019AFP le porte-parole de la D\u00e9fense civile, Mahmoud Bassal.<\/p>\n<p class=\"asset asset-text\">Dans ce contexte, de nombreux dirigeants internationaux ont salu\u00e9 l\u2019annonce du Hamas quelques heures plus t\u00f4t. La lib\u00e9ration des otages et un cessez-le-feu sont \u00ab\u00a0\u00e0 port\u00e9e de main\u00a0\u00bb, a notamment jug\u00e9 le pr\u00e9sident fran\u00e7ais Emmanuel Macron, le secr\u00e9taire g\u00e9n\u00e9ral de l\u2019ONU, Antonio Guterres, se disant \u00ab\u00a0encourag\u00e9\u00a0\u00bb.<\/p>\n<p class=\"asset asset-text\">Donald Trump avait donn\u00e9 au Hamas jusqu\u2019\u00e0 dimanche\u00a018\u00a0heures, heure de Washington pour accepter sa proposition, que le Premier ministre isra\u00e9lien Benjamin Netanyahu a dit soutenir. En cas de refus, le dirigeant am\u00e9ricain avait promis \u00ab\u00a0l\u2019enfer\u00a0\u00bb au Hamas, peu apr\u00e8s une conversation t\u00e9l\u00e9phonique avec le pr\u00e9sident turc Recep Tayyip Erdogan qui avait jug\u00e9 \u00ab\u00a0crucial\u00a0\u00bb un arr\u00eat des frappes isra\u00e9liennes.<\/p>\n<p>    <strong>47\u00a0otages toujours \u00e0 Gaza<\/strong>    <\/p>\n<p class=\"asset asset-text\">Dans sa r\u00e9ponse, le Hamas s\u2019est dit pr\u00eat \u00e0 lib\u00e9rer tous les otages vivants et \u00e0 rendre les corps des otages d\u00e9c\u00e9d\u00e9s, en \u00e9change de prisonniers palestiniens d\u00e9tenus par Isra\u00ebl, ainsi qu\u2019\u00e0 des n\u00e9gociations imm\u00e9diates sur les \u00ab\u00a0d\u00e9tails\u00a0\u00bb de ces lib\u00e9rations. Sur 251 personnes enlev\u00e9es lors de l\u2019attaque du Hamas contre Isra\u00ebl le 7\u00a0octobre\u00a02023, qui a d\u00e9clench\u00e9 la guerre, 47 sont toujours otages \u00e0 Gaza, dont 25 sont mortes selon l\u2019arm\u00e9e isra\u00e9lienne.<\/p>\n<p class=\"asset asset-text\">Le Hamas a par ailleurs r\u00e9affirm\u00e9 son accord pour confier la gestion de la bande de Gaza \u00e0 une instance palestinienne compos\u00e9e de \u00ab\u00a0technocrates\u00a0\u00bb ind\u00e9pendants, pr\u00e9cisant que les autres questions concernant l\u2019avenir du territoire devraient \u00eatre discut\u00e9es dans un cadre palestinien \u00ab\u00a0auquel le Hamas participera et contribuera de mani\u00e8re responsable\u00a0\u00bb.<\/p>\n<p class=\"asset asset-text\">Isra\u00ebl, qui a promis de d\u00e9truire le Hamas, a toujours refus\u00e9 tout r\u00f4le dans l\u2019apr\u00e8s-guerre pour le mouvement palestinien, qui s\u2019est empar\u00e9 du pouvoir \u00e0 Gaza en 2007. Le Hamas ne mentionne pas en revanche la question de son d\u00e9sarmement, r\u00e9clam\u00e9 avec force par Isra\u00ebl, ni de l\u2019exil de ses combattants dans des pays tiers, deux points cl\u00e9s du plan pr\u00e9sent\u00e9 lundi par Donald Trump.<\/p>\n<p class=\"asset asset-text\">Celui-ci pr\u00e9voit un cessez-le-feu, la lib\u00e9ration dans les 72\u00a0heures des otages retenus dans la bande de Gaza, le d\u00e9sarmement du Hamas et le retrait par \u00e9tapes de l\u2019arm\u00e9e isra\u00e9lienne. La proposition pr\u00e9voit \u00e9galement la mise en place d\u2019une autorit\u00e9 de transition chapeaut\u00e9e par Donald Trump et le d\u00e9ploiement d\u2019une force internationale.<\/p>\n","protected":false},"excerpt":{"rendered":"STRINGER \/ Anadolu via AFP Trump se f\u00e9licite de la r\u00e9ponse du Hamas et met une pression in\u00e9dite&hellip;\n","protected":false},"author":2,"featured_media":438111,"comment_status":"","ping_status":"","sticky":false,"template":"","format":"standard","meta":{"footnotes":""},"categories":[2],"tags":[11,75,1011,27,665,3519,14,664,12],"class_list":{"0":"post-438110","1":"post","2":"type-post","3":"status-publish","4":"format-standard","5":"has-post-thumbnail","7":"category-actualites","8":"tag-actualites","9":"tag-donald-trump","10":"tag-fr","11":"tag-france","12":"tag-gaza","13":"tag-hamas","14":"tag-international","15":"tag-israel","16":"tag-news"},"share_on_mastodon":{"url":"https:\/\/pubeurope.com\/@fr\/115314725367093815","error":""},"_links":{"self":[{"href":"https:\/\/www.europesays.com\/fr\/wp-json\/wp\/v2\/posts\/438110","targetHints":{"allow":["GET"]}}],"collection":[{"href":"https:\/\/www.europesays.com\/fr\/wp-json\/wp\/v2\/posts"}],"about":[{"href":"https:\/\/www.europesays.com\/fr\/wp-json\/wp\/v2\/types\/post"}],"author":[{"embeddable":true,"href":"https:\/\/www.europesays.com\/fr\/wp-json\/wp\/v2\/users\/2"}],"replies":[{"embeddable":true,"href":"https:\/\/www.europesays.com\/fr\/wp-json\/wp\/v2\/comments?post=438110"}],"version-history":[{"count":0,"href":"https:\/\/www.europesays.com\/fr\/wp-json\/wp\/v2\/posts\/438110\/revisions"}],"wp:featuredmedia":[{"embeddable":true,"href":"https:\/\/www.europesays.com\/fr\/wp-json\/wp\/v2\/media\/438111"}],"wp:attachment":[{"href":"https:\/\/www.europesays.com\/fr\/wp-json\/wp\/v2\/media?parent=438110"}],"wp:term":[{"taxonomy":"category","embeddable":true,"href":"https:\/\/www.europesays.com\/fr\/wp-json\/wp\/v2\/categories?post=438110"},{"taxonomy":"post_tag","embeddable":true,"href":"https:\/\/www.europesays.com\/fr\/wp-json\/wp\/v2\/tags?post=438110"}],"curies":[{"name":"wp","href":"https:\/\/api.w.org\/{rel}","templated":true}]}}