{"id":438112,"date":"2025-10-04T07:30:17","date_gmt":"2025-10-04T07:30:17","guid":{"rendered":"https:\/\/www.europesays.com\/fr\/438112\/"},"modified":"2025-10-04T07:30:17","modified_gmt":"2025-10-04T07:30:17","slug":"avec-583-tonnes-depuis-debut-2025-le-phenomene-explose","status":"publish","type":"post","link":"https:\/\/www.europesays.com\/fr\/438112\/","title":{"rendered":"avec 583 tonnes depuis d\u00e9but 2025, le ph\u00e9nom\u00e8ne explose"},"content":{"rendered":"<p>Huit cents tonnes\u00a0: c\u2019est le volume ahurissant de d\u00e9p\u00f4ts sauvages que les services municipaux avaient ramass\u00e9 en 2024 aux quatre coins de la ville (1). Dix agents du service \u00ab\u00a0cadre de vie\u00a0\u00bb sont affect\u00e9s \u00e0 plein temps \u00e0 cette t\u00e2che, du lundi au vendredi. Co\u00fbt pour la collectivit\u00e9\u00a0: 400\u00a0000\u00a0euros par an.<\/p>\n<p>Pour lutter contre ce fl\u00e9au, la Ville a d\u00e9cid\u00e9 de se doter de nouveaux moyens. Alors qu\u2019il y en avait un seul jusqu\u2019\u00e0 pr\u00e9sent, deux agents suppl\u00e9mentaires ont \u00e9t\u00e9 recrut\u00e9s d\u00e9but septembre pour faire la chasse \u00e0 ces d\u00e9p\u00f4ts sauvages qui pourrissent la vie des riverains. Ils sont charg\u00e9s de mener l\u2019enqu\u00eate pour essayer de retrouver les auteurs et, le cas \u00e9ch\u00e9ant, les verbaliser.<\/p>\n<p>Pour y parvenir, ils peuvent notamment interroger le voisinage ou fouiller&#8230;<\/p>\n","protected":false},"excerpt":{"rendered":"Huit cents tonnes\u00a0: c\u2019est le volume ahurissant de d\u00e9p\u00f4ts sauvages que les services municipaux avaient ramass\u00e9 en 2024&hellip;\n","protected":false},"author":2,"featured_media":438113,"comment_status":"","ping_status":"","sticky":false,"template":"","format":"standard","meta":{"footnotes":""},"categories":[9653],"tags":[1111,11,2430,7539,436,1777,674,1011,27,3367,12,25,4001,7538],"class_list":{"0":"post-438112","1":"post","2":"type-post","3":"status-publish","4":"format-standard","5":"has-post-thumbnail","7":"category-saint-etienne","8":"tag-actu","9":"tag-actualites","10":"tag-auvergne-rhone-alpes","11":"tag-edition-loire-sud","12":"tag-environnement","13":"tag-eu","14":"tag-europe","15":"tag-fr","16":"tag-france","17":"tag-loire","18":"tag-news","19":"tag-republique-francaise","20":"tag-saint-etienne","21":"tag-saint-etienne-ville"},"share_on_mastodon":{"url":"https:\/\/pubeurope.com\/@fr\/115314728989254265","error":""},"_links":{"self":[{"href":"https:\/\/www.europesays.com\/fr\/wp-json\/wp\/v2\/posts\/438112","targetHints":{"allow":["GET"]}}],"collection":[{"href":"https:\/\/www.europesays.com\/fr\/wp-json\/wp\/v2\/posts"}],"about":[{"href":"https:\/\/www.europesays.com\/fr\/wp-json\/wp\/v2\/types\/post"}],"author":[{"embeddable":true,"href":"https:\/\/www.europesays.com\/fr\/wp-json\/wp\/v2\/users\/2"}],"replies":[{"embeddable":true,"href":"https:\/\/www.europesays.com\/fr\/wp-json\/wp\/v2\/comments?post=438112"}],"version-history":[{"count":0,"href":"https:\/\/www.europesays.com\/fr\/wp-json\/wp\/v2\/posts\/438112\/revisions"}],"wp:featuredmedia":[{"embeddable":true,"href":"https:\/\/www.europesays.com\/fr\/wp-json\/wp\/v2\/media\/438113"}],"wp:attachment":[{"href":"https:\/\/www.europesays.com\/fr\/wp-json\/wp\/v2\/media?parent=438112"}],"wp:term":[{"taxonomy":"category","embeddable":true,"href":"https:\/\/www.europesays.com\/fr\/wp-json\/wp\/v2\/categories?post=438112"},{"taxonomy":"post_tag","embeddable":true,"href":"https:\/\/www.europesays.com\/fr\/wp-json\/wp\/v2\/tags?post=438112"}],"curies":[{"name":"wp","href":"https:\/\/api.w.org\/{rel}","templated":true}]}}