{"id":438127,"date":"2025-10-04T07:38:11","date_gmt":"2025-10-04T07:38:11","guid":{"rendered":"https:\/\/www.europesays.com\/fr\/438127\/"},"modified":"2025-10-04T07:38:11","modified_gmt":"2025-10-04T07:38:11","slug":"tempete-amy-plusieurs-foyers-prives-de-courant-en-seine-maritime","status":"publish","type":"post","link":"https:\/\/www.europesays.com\/fr\/438127\/","title":{"rendered":"Temp\u00eate Amy. Plusieurs foyers priv\u00e9s de courant en Seine-Maritime"},"content":{"rendered":"<p melodystyle=\"texte\">Samedi 4\u00a0octobre vers 6h45, les sapeurs-pompiers sont intervenus rue de la Forge \u00e0 Thiouville \u00e0 la suite d&rsquo;une branche d&rsquo;arbre tomb\u00e9e sur une ligne haute tension.<\/p>\n<p>Des coupures d&rsquo;\u00e9lectricit\u00e9<\/p>\n<p melodystyle=\"texte\">A cause des vents violents li\u00e9s \u00e0 la temp\u00eate Amy, une branche d&rsquo;arbre a chut\u00e9 sur une ligne haute tension. Cet accident a provoqu\u00e9 une coupure d&rsquo;\u00e9lectricit\u00e9 pour 300 foyers sur six communes autour de Thiouville. Enedis, le gestionnaire du r\u00e9seau, proc\u00e8de \u00e0 des r\u00e9parations sans pour autant savoir le d\u00e9lai de cette coupure. L&rsquo;\u00e9v\u00e9nement a mobilis\u00e9 six sapeurs-pompiers et un engin.<\/p>\n<p melodystyle=\"texte\"><b>\u2022 A lire aussi.<\/b>\u00a0<a href=\"https:\/\/www.lecourriercauchois.fr\/actualite-390007-meteo-rafales-a-plus-de-100km-h-et-orages-prevus-ce-week-end-a-quoi-s-attendre-en-seine-maritime\" target=\"_blank\" rel=\"nofollow noopener\">M\u00e9t\u00e9o. Rafales \u00e0 plus de 100km\/h et orages pr\u00e9vus ce week-end : \u00e0 quoi s&rsquo;attendre en Seine-Maritime ?<\/a><\/p>\n","protected":false},"excerpt":{"rendered":"Samedi 4\u00a0octobre vers 6h45, les sapeurs-pompiers sont intervenus rue de la Forge \u00e0 Thiouville \u00e0 la suite d&rsquo;une&hellip;\n","protected":false},"author":2,"featured_media":438128,"comment_status":"","ping_status":"","sticky":false,"template":"","format":"standard","meta":{"footnotes":""},"categories":[9587],"tags":[1111,11,1777,674,1011,27,12,5161,25,9590],"class_list":{"0":"post-438127","1":"post","2":"type-post","3":"status-publish","4":"format-standard","5":"has-post-thumbnail","7":"category-rouen","8":"tag-actu","9":"tag-actualites","10":"tag-eu","11":"tag-europe","12":"tag-fr","13":"tag-france","14":"tag-news","15":"tag-normandie","16":"tag-republique-francaise","17":"tag-rouen"},"share_on_mastodon":{"url":"https:\/\/pubeurope.com\/@fr\/115314760403851123","error":""},"_links":{"self":[{"href":"https:\/\/www.europesays.com\/fr\/wp-json\/wp\/v2\/posts\/438127","targetHints":{"allow":["GET"]}}],"collection":[{"href":"https:\/\/www.europesays.com\/fr\/wp-json\/wp\/v2\/posts"}],"about":[{"href":"https:\/\/www.europesays.com\/fr\/wp-json\/wp\/v2\/types\/post"}],"author":[{"embeddable":true,"href":"https:\/\/www.europesays.com\/fr\/wp-json\/wp\/v2\/users\/2"}],"replies":[{"embeddable":true,"href":"https:\/\/www.europesays.com\/fr\/wp-json\/wp\/v2\/comments?post=438127"}],"version-history":[{"count":0,"href":"https:\/\/www.europesays.com\/fr\/wp-json\/wp\/v2\/posts\/438127\/revisions"}],"wp:featuredmedia":[{"embeddable":true,"href":"https:\/\/www.europesays.com\/fr\/wp-json\/wp\/v2\/media\/438128"}],"wp:attachment":[{"href":"https:\/\/www.europesays.com\/fr\/wp-json\/wp\/v2\/media?parent=438127"}],"wp:term":[{"taxonomy":"category","embeddable":true,"href":"https:\/\/www.europesays.com\/fr\/wp-json\/wp\/v2\/categories?post=438127"},{"taxonomy":"post_tag","embeddable":true,"href":"https:\/\/www.europesays.com\/fr\/wp-json\/wp\/v2\/tags?post=438127"}],"curies":[{"name":"wp","href":"https:\/\/api.w.org\/{rel}","templated":true}]}}