{"id":438131,"date":"2025-10-04T07:41:27","date_gmt":"2025-10-04T07:41:27","guid":{"rendered":"https:\/\/www.europesays.com\/fr\/438131\/"},"modified":"2025-10-04T07:41:27","modified_gmt":"2025-10-04T07:41:27","slug":"pro-d2-cartons-orange-une-penalite-ratee-a-la-79e-minute-le-fcg-sincline-contre-provence-au-stade-des-alpes-revivez-la-rencontre","status":"publish","type":"post","link":"https:\/\/www.europesays.com\/fr\/438131\/","title":{"rendered":"Pro D2. Cartons orange, une p\u00e9nalit\u00e9 rat\u00e9e \u00e0 la 79e minute, le FCG\u00a0s&rsquo;incline contre Provence au Stade des Alpes : revivez la rencontre"},"content":{"rendered":"<p>Le manager Philippe Saint-Andr\u00e9 a d\u00e9cid\u00e9 de donner du temps de jeu \u00e0 plusieurs jeunes du groupe de Provence, qui vient en Is\u00e8re avec l&rsquo;envie de bousculer l&rsquo;\u00e9quipe du FCG, secou\u00e9e par les \u00e9v\u00e9nements extra sportifs.\u00a0<\/p>\n<p>15. Vareiro \u2013 14. Lap\u00e8gue, 13. P. Lucas, 12. I. Finau, 11. Cellio-Zwiler \u2013 (o) 10. Soulan, (m) 9. Coville \u2013 7. Gambini, 8. Harrison (cap), 6. Jalagonia \u2013 5. Zafra Tarazona, 4. Youyoute \u2013 3. Hawkes Faimanifo, 2. Pifeleti Jr, 1. L. Julien.<br \/>Rempla\u00e7ants\u00a0: 16. Latterrade, 17. S. Taofifenua, 23. Yemsi, 18. Rodda, 19. Tuisue, 20. Portat, 21. J. Cazenave, 22. T. Salles.<\/p>\n","protected":false},"excerpt":{"rendered":"Le manager Philippe Saint-Andr\u00e9 a d\u00e9cid\u00e9 de donner du temps de jeu \u00e0 plusieurs jeunes du groupe de&hellip;\n","protected":false},"author":2,"featured_media":438132,"comment_status":"","ping_status":"","sticky":false,"template":"","format":"standard","meta":{"footnotes":""},"categories":[9566],"tags":[1111,11,2430,3545,112,113,114,1777,674,2727,107,1701,1011,27,2731,2732,108,1985,12,2308,25,479,517,1947],"class_list":{"0":"post-438131","1":"post","2":"type-post","3":"status-publish","4":"format-standard","5":"has-post-thumbnail","7":"category-grenoble","8":"tag-actu","9":"tag-actualites","10":"tag-auvergne-rhone-alpes","11":"tag-direct-sport","12":"tag-edition-grenoble-agglomeration","13":"tag-edition-gresivaudan-oisans","14":"tag-edition-voiron-saint-marcellin","15":"tag-eu","16":"tag-europe","17":"tag-fcg-fc-grenoble-rugby","18":"tag-fil-info","19":"tag-fil-info-sport","20":"tag-fr","21":"tag-france","22":"tag-grenoble","23":"tag-grenoble-bassin","24":"tag-isere","25":"tag-metropole-de-grenoble","26":"tag-news","27":"tag-pro-d2","28":"tag-republique-francaise","29":"tag-rugby","30":"tag-sport","31":"tag-sport-national"},"share_on_mastodon":{"url":"https:\/\/pubeurope.com\/@fr\/115314772114083709","error":""},"_links":{"self":[{"href":"https:\/\/www.europesays.com\/fr\/wp-json\/wp\/v2\/posts\/438131","targetHints":{"allow":["GET"]}}],"collection":[{"href":"https:\/\/www.europesays.com\/fr\/wp-json\/wp\/v2\/posts"}],"about":[{"href":"https:\/\/www.europesays.com\/fr\/wp-json\/wp\/v2\/types\/post"}],"author":[{"embeddable":true,"href":"https:\/\/www.europesays.com\/fr\/wp-json\/wp\/v2\/users\/2"}],"replies":[{"embeddable":true,"href":"https:\/\/www.europesays.com\/fr\/wp-json\/wp\/v2\/comments?post=438131"}],"version-history":[{"count":0,"href":"https:\/\/www.europesays.com\/fr\/wp-json\/wp\/v2\/posts\/438131\/revisions"}],"wp:featuredmedia":[{"embeddable":true,"href":"https:\/\/www.europesays.com\/fr\/wp-json\/wp\/v2\/media\/438132"}],"wp:attachment":[{"href":"https:\/\/www.europesays.com\/fr\/wp-json\/wp\/v2\/media?parent=438131"}],"wp:term":[{"taxonomy":"category","embeddable":true,"href":"https:\/\/www.europesays.com\/fr\/wp-json\/wp\/v2\/categories?post=438131"},{"taxonomy":"post_tag","embeddable":true,"href":"https:\/\/www.europesays.com\/fr\/wp-json\/wp\/v2\/tags?post=438131"}],"curies":[{"name":"wp","href":"https:\/\/api.w.org\/{rel}","templated":true}]}}