{"id":438135,"date":"2025-10-04T07:43:55","date_gmt":"2025-10-04T07:43:55","guid":{"rendered":"https:\/\/www.europesays.com\/fr\/438135\/"},"modified":"2025-10-04T07:43:55","modified_gmt":"2025-10-04T07:43:55","slug":"les-flammes-se-propagent-a-un-immeuble","status":"publish","type":"post","link":"https:\/\/www.europesays.com\/fr\/438135\/","title":{"rendered":"les flammes se propagent \u00e0 un immeuble"},"content":{"rendered":"<p>            Par<br \/>\n        <strong><br \/>\n            <a href=\"https:\/\/actu.fr\/auteur\/laurene-fertin\" title=\"Consulter tous les articles de Laur\u00e8ne Fertin\" rel=\"nofollow noopener\" target=\"_blank\">Laur\u00e8ne Fertin<\/a><br \/>\n        <\/strong><\/p>\n<p>        Publi\u00e9 le<\/p>\n<p>            2 oct. 2025 \u00e0 8h08        <\/p>\n<p>Dans la nuit du mercredi 1\u1d49\u02b3 au jeudi 2\u00a0octobre 2025, les sapeurs-pompiers ont \u00e9t\u00e9 appel\u00e9s pour<strong> un incendie<\/strong> \u00e0 <strong>3h26<\/strong>.<\/p>\n<p class=\" wall-content\">\u00c0 l\u2019angle de la rue Descartes et du boulevard Magenta, pr\u00e8s de la gare SNCF, <strong>deux v\u00e9hicules,<\/strong> gar\u00e9s, \u00e9taient<strong> en proie aux flammes<\/strong>.<\/p>\n<p>Aucune victime<\/p>\n<p class=\" wall-content\">Le feu s\u2019est alors propag\u00e9 sur <strong>la fa\u00e7ade et le rez-de-chauss\u00e9e d\u2019un immeuble de<\/strong>\u00a0<strong>bureaux<\/strong> comportant six \u00e9tages.<\/p>\n<p>    <img   decoding=\"async\" loading=\"lazy\" src=\"https:\/\/www.europesays.com\/fr\/wp-content\/uploads\/2025\/10\/whatsapp-image-2025-10-02-at-134854-960x640.jpeg\" alt=\"xxx\" width=\"960\" height=\"640\"\/><br \/>\n    La fa\u00e7ade de l\u2019immeuble a \u00e9t\u00e9 touch\u00e9e par les flammes. (\u00a9Edgar Chaumond \/ actu.fr)<\/p>\n<p class=\" wall-content\">Les sapeurs-pompiers \u2013 au nombre de 25 au plus fort de l\u2019intervention \u2013 sont venus <strong>\u00e0 bout de l\u2019incendie aux alentours de 7h30<\/strong>.<strong> Aucune victime<\/strong> n\u2019a \u00e9t\u00e9 recens\u00e9e.<\/p>\n<p class=\" wall-content\">Personnalisez votre actualit\u00e9 en ajoutant vos villes et m\u00e9dias en favori avec <a href=\"https:\/\/moncompte.actu.fr\" title=\"D\u00e9couvez Mon Actu\" rel=\"nofollow noopener\" data-trk=\"{&quot;cta&quot;:{&quot;action&quot;:&quot;https:\\\/\\\/moncompte.actu.fr&quot;,&quot;category&quot;:&quot;mon compte&quot;,&quot;from&quot;:&quot;article footer&quot;,&quot;name&quot;:&quot;Mon actu&quot;,&quot;type&quot;:&quot;cta&quot;}}\" target=\"_blank\">Mon Actu<\/a>.<\/p>\n","protected":false},"excerpt":{"rendered":"Par Laur\u00e8ne Fertin Publi\u00e9 le 2 oct. 2025 \u00e0 8h08 Dans la nuit du mercredi 1\u1d49\u02b3 au jeudi&hellip;\n","protected":false},"author":2,"featured_media":438136,"comment_status":"","ping_status":"","sticky":false,"template":"","format":"standard","meta":{"footnotes":""},"categories":[2821],"tags":[1111,11,829,1777,674,118,1011,27,1310,12,1311,584,25],"class_list":{"0":"post-438135","1":"post","2":"type-post","3":"status-publish","4":"format-standard","5":"has-post-thumbnail","7":"category-rennes","8":"tag-actu","9":"tag-actualites","10":"tag-bretagne","11":"tag-eu","12":"tag-europe","13":"tag-faits-divers","14":"tag-fr","15":"tag-france","16":"tag-incendie","17":"tag-news","18":"tag-pompiers","19":"tag-rennes","20":"tag-republique-francaise"},"share_on_mastodon":{"url":"https:\/\/pubeurope.com\/@fr\/115314784348824531","error":""},"_links":{"self":[{"href":"https:\/\/www.europesays.com\/fr\/wp-json\/wp\/v2\/posts\/438135","targetHints":{"allow":["GET"]}}],"collection":[{"href":"https:\/\/www.europesays.com\/fr\/wp-json\/wp\/v2\/posts"}],"about":[{"href":"https:\/\/www.europesays.com\/fr\/wp-json\/wp\/v2\/types\/post"}],"author":[{"embeddable":true,"href":"https:\/\/www.europesays.com\/fr\/wp-json\/wp\/v2\/users\/2"}],"replies":[{"embeddable":true,"href":"https:\/\/www.europesays.com\/fr\/wp-json\/wp\/v2\/comments?post=438135"}],"version-history":[{"count":0,"href":"https:\/\/www.europesays.com\/fr\/wp-json\/wp\/v2\/posts\/438135\/revisions"}],"wp:featuredmedia":[{"embeddable":true,"href":"https:\/\/www.europesays.com\/fr\/wp-json\/wp\/v2\/media\/438136"}],"wp:attachment":[{"href":"https:\/\/www.europesays.com\/fr\/wp-json\/wp\/v2\/media?parent=438135"}],"wp:term":[{"taxonomy":"category","embeddable":true,"href":"https:\/\/www.europesays.com\/fr\/wp-json\/wp\/v2\/categories?post=438135"},{"taxonomy":"post_tag","embeddable":true,"href":"https:\/\/www.europesays.com\/fr\/wp-json\/wp\/v2\/tags?post=438135"}],"curies":[{"name":"wp","href":"https:\/\/api.w.org\/{rel}","templated":true}]}}