{"id":438156,"date":"2025-10-04T07:56:17","date_gmt":"2025-10-04T07:56:17","guid":{"rendered":"https:\/\/www.europesays.com\/fr\/438156\/"},"modified":"2025-10-04T07:56:17","modified_gmt":"2025-10-04T07:56:17","slug":"vieux-lille-safaris-dexception-croisieres-unique-cette-agence-propose-des-voyages-de-luxe-sur-mesure","status":"publish","type":"post","link":"https:\/\/www.europesays.com\/fr\/438156\/","title":{"rendered":"Vieux-Lille. Safaris d&rsquo;exception, croisi\u00e8res unique&#8230; Cette agence propose des voyages de luxe sur mesure"},"content":{"rendered":"<p>            Par<br \/>\n        <strong><br \/>\n            <a href=\"https:\/\/actu.fr\/auteur\/hervine-mahaud\" title=\"Consulter tous les articles de Hervine Mahaud\" target=\"_blank\" rel=\"noopener\">Hervine Mahaud<\/a><br \/>\n        <\/strong><\/p>\n<p>        Publi\u00e9 le<\/p>\n<p>            4 oct. 2025 \u00e0 8h42        <\/p>\n<p>Une <b>nouvelle adresse<\/b> pour les voyageurs en qu\u00eate d\u2019exception. Depuis le mois de mai 2025, <b data-end=\"348\">Eluxtravel<\/b> a pos\u00e9 ses valises au 22 rue Bartholom\u00e9 Masurel, en plein c\u0153ur du <b>Vieux-Lille<\/b>. Cette agence, sp\u00e9cialiste du <a href=\"https:\/\/actu.fr\/tag\/voyage\" target=\"_blank\" rel=\"noopener\">voyage<\/a> de <a href=\"https:\/\/actu.fr\/tag\/luxe\" target=\"_blank\" rel=\"noopener\">luxe<\/a> sur mesure et exp\u00e9rientiel, a \u00e9t\u00e9 pens\u00e9e comme un <b data-end=\"532\">salon raffin\u00e9 et un espace d\u2019inspiration.<\/b> Le but ? Inviter les <b>voyageurs<\/b> \u00e0 vivre une premi\u00e8re parenth\u00e8se enchant\u00e9e d\u00e8s leur entr\u00e9e. Apr\u00e8s Paris, Versailles et Rouen, <a href=\"https:\/\/actu.fr\/lille\/\" target=\"_blank\" rel=\"noopener\">Lille<\/a> devient la sixi\u00e8me implantation de l\u2019enseigne. Un choix assum\u00e9 pour cette ville carrefour, \u00ab\u00a0\u00e9l\u00e9gante et vibrante\u00a0\u00bb, o\u00f9 <a href=\"https:\/\/eluxtravel.com\/fr\/\" target=\"_blank\" rel=\"noopener\">Eluxtravel<\/a> esp\u00e8re s\u00e9duire une <b>client\u00e8le locale exigeante en qu\u00eate d\u2019exp\u00e9riences rares<\/b>.<\/p>\n<p>Un \u00e9crin raffin\u00e9 au service du voyage sur mesure<\/p>\n<p data-end=\"1015\" class=\" wall-content\">Fond\u00e9e en 2015, Eluxtravel s\u2019est impos\u00e9e comme un pr\u00e9curseur du <b data-end=\"653\">luxe exp\u00e9rientiel<\/b> : des s\u00e9jours pens\u00e9s au-del\u00e0 du confort mat\u00e9riel, o\u00f9 chaque itin\u00e9raire est con\u00e7u selon le rythme, les envies et le style de vie du client.<\/p>\n<p>    <img   decoding=\"async\" loading=\"lazy\" class=\"size-large\" src=\"https:\/\/www.europesays.com\/fr\/wp-content\/uploads\/2025\/10\/4d8ce33d3ed86319ce33d3ed8159cev-960x640.jpg\" alt=\"agence de voyage de luxe eluxtravel vieux lille\" width=\"960\" height=\"640\"\/><br \/>\n    Un salon au d\u00e9cor chaleureux a \u00e9t\u00e9 install\u00e9 pour permettre aux clients de pr\u00e9parer leurs s\u00e9jours dans un cadre raffin\u00e9. \u00a9Eluxtravel<\/p>\n<p data-end=\"1015\" class=\" wall-content\"><br data-end=\"795\"\/>\u00ab\u00a0Nous souhaitions cr\u00e9er un lieu qui refl\u00e8te notre philosophie : un monde de d\u00e9couvertes, de raffinement et de service sur mesure\u00a0\u00bb, souligne <b data-end=\"957\">Fr\u00e9d\u00e9ric Savoyen<\/b>, CEO d\u2019Eluxtravel.<\/p>\n<p data-end=\"1257\" class=\" wall-content\">Dans ce salon au d\u00e9cor chaleureux et immersif, des <b data-end=\"1099\">Travel Designers passionn\u00e9s<\/b> accompagnent chaque voyageur dans la conception de leurs s\u00e9jours. Safari en Afrique, cabane bor\u00e9ale en Laponie, croisi\u00e8re polaire silencieuse ou retraite spirituelle au Japon : chaque projet est pens\u00e9 comme une exp\u00e9rience intime et exclusive.<\/p>\n<p>Les nouvelles tendances du voyage de luxe<\/p>\n<p data-end=\"1755\" class=\" wall-content\">L\u2019ouverture lilloise s\u2019inscrit dans un contexte o\u00f9 le luxe se red\u00e9finit. Selon Eluxtravel, trois grandes tendances marqueront 2026 :<\/p>\n<ul class=\" wall-content\">\n<li data-end=\"1909\"><b data-end=\"1785\">L\u2019exclusivit\u00e9 invisible<\/b> : offrir l\u2019acc\u00e8s \u00e0 des instants rares et \u00e9ph\u00e9m\u00e8res, comme un d\u00eener dans une serre botanique ferm\u00e9e au public \u00e0 Singapour.<\/li>\n<li data-end=\"2119\"><b data-end=\"1947\">L\u2019hyperlocal et l\u2019hyperconnect\u00e9<\/b> : associer technologies de pointe et immersion culturelle, par exemple avec des rencontres d\u2019artisans oubli\u00e9s ou des retraites connect\u00e9es aux cycles lunaires en Islande.<\/li>\n<li data-end=\"2326\"><b data-end=\"2142\">Le voyage-racine<\/b> : partir loin pour mieux se retrouver, avec des retraites introspectives ou des p\u00e8lerinages spirituels, tel le parcours des 88 temples au Japon<\/li>\n<\/ul>\n<p>Votre r\u00e9gion, votre actu !<\/p>\n<p>Recevez chaque jour les infos qui comptent pour vous.<\/p>\n<p>\t<a href=\"https:\/\/actu.fr\/newsletter\" class=\"ac-btn ac-btn--corner ac-btn--medium ac-btn--blue800\" target=\"_blank\" rel=\"noopener\">S&rsquo;incrire<\/a><\/p>\n<p data-end=\"2692\" class=\" wall-content\">Pour Fr\u00e9d\u00e9ric Savoyen, \u00ab\u00a0nos voyageurs ne sont plus en qu\u00eate de possession, mais d\u2019\u00e9motion. Le luxe, d\u00e9sormais, se vit dans l\u2019intimit\u00e9 d\u2019un silence min\u00e9ral au c\u0153ur du d\u00e9sert, dans la qui\u00e9tude d\u2019une maison de th\u00e9 cach\u00e9e au Japon, ou dans la spontan\u00e9it\u00e9 d\u2019une rencontre avec un chef de la cordill\u00e8re des Andes\u00a0\u00bb.<\/p>\n<p data-end=\"2692\" class=\" wall-content\">Avec son nouveau salon du Vieux-Lille, Eluxtravel entend donc faire rayonner dans la m\u00e9tropole l\u2019art du voyage d\u2019exception, intime et sur mesure.<\/p>\n<p class=\" wall-content\">Personnalisez votre actualit\u00e9 en ajoutant vos villes et m\u00e9dias en favori avec <a href=\"https:\/\/moncompte.actu.fr\" title=\"D\u00e9couvez Mon Actu\" rel=\"nofollow noopener\" data-trk=\"{&quot;cta&quot;:{&quot;action&quot;:&quot;https:\\\/\\\/moncompte.actu.fr&quot;,&quot;category&quot;:&quot;mon compte&quot;,&quot;from&quot;:&quot;article footer&quot;,&quot;name&quot;:&quot;Mon actu&quot;,&quot;type&quot;:&quot;cta&quot;}}\" target=\"_blank\">Mon Actu<\/a>.<\/p>\n","protected":false},"excerpt":{"rendered":"Par Hervine Mahaud Publi\u00e9 le 4 oct. 2025 \u00e0 8h42 Une nouvelle adresse pour les voyageurs en qu\u00eate&hellip;\n","protected":false},"author":2,"featured_media":438157,"comment_status":"","ping_status":"","sticky":false,"template":"","format":"standard","meta":{"footnotes":""},"categories":[2815],"tags":[1111,11,33,1777,674,1011,27,811,1307,2425,12,3147,25,586],"class_list":{"0":"post-438156","1":"post","2":"type-post","3":"status-publish","4":"format-standard","5":"has-post-thumbnail","7":"category-lille","8":"tag-actu","9":"tag-actualites","10":"tag-economie","11":"tag-eu","12":"tag-europe","13":"tag-fr","14":"tag-france","15":"tag-hauts-de-france","16":"tag-lille","17":"tag-luxe","18":"tag-news","19":"tag-nouveaux-commerces","20":"tag-republique-francaise","21":"tag-voyage"},"share_on_mastodon":{"url":"https:\/\/pubeurope.com\/@fr\/115314831156638374","error":""},"_links":{"self":[{"href":"https:\/\/www.europesays.com\/fr\/wp-json\/wp\/v2\/posts\/438156","targetHints":{"allow":["GET"]}}],"collection":[{"href":"https:\/\/www.europesays.com\/fr\/wp-json\/wp\/v2\/posts"}],"about":[{"href":"https:\/\/www.europesays.com\/fr\/wp-json\/wp\/v2\/types\/post"}],"author":[{"embeddable":true,"href":"https:\/\/www.europesays.com\/fr\/wp-json\/wp\/v2\/users\/2"}],"replies":[{"embeddable":true,"href":"https:\/\/www.europesays.com\/fr\/wp-json\/wp\/v2\/comments?post=438156"}],"version-history":[{"count":0,"href":"https:\/\/www.europesays.com\/fr\/wp-json\/wp\/v2\/posts\/438156\/revisions"}],"wp:featuredmedia":[{"embeddable":true,"href":"https:\/\/www.europesays.com\/fr\/wp-json\/wp\/v2\/media\/438157"}],"wp:attachment":[{"href":"https:\/\/www.europesays.com\/fr\/wp-json\/wp\/v2\/media?parent=438156"}],"wp:term":[{"taxonomy":"category","embeddable":true,"href":"https:\/\/www.europesays.com\/fr\/wp-json\/wp\/v2\/categories?post=438156"},{"taxonomy":"post_tag","embeddable":true,"href":"https:\/\/www.europesays.com\/fr\/wp-json\/wp\/v2\/tags?post=438156"}],"curies":[{"name":"wp","href":"https:\/\/api.w.org\/{rel}","templated":true}]}}