{"id":438160,"date":"2025-10-04T07:58:10","date_gmt":"2025-10-04T07:58:10","guid":{"rendered":"https:\/\/www.europesays.com\/fr\/438160\/"},"modified":"2025-10-04T07:58:10","modified_gmt":"2025-10-04T07:58:10","slug":"il-y-a-20-ans-une-rude-bataille-pour-lunicite-de-la-rtm","status":"publish","type":"post","link":"https:\/\/www.europesays.com\/fr\/438160\/","title":{"rendered":"Il y a 20 ans, une rude bataille pour l\u2019unicit\u00e9 de la RTM"},"content":{"rendered":"\n<p>R\u00e9quisition, attaque en justice&#8230; On leur aura tout fait. Mais ils auront tenu bon. Lorsque la communaut\u00e9 urbaine de Marseille, alors sous la pr\u00e9sidence de Jean-Claude Gaudin (UMP, ex-LR), vote le 24\u00a0mars 2005 une proc\u00e9dure de d\u00e9l\u00e9gation de service public (DSP) pour la gestion du tramway \u00e0 venir et la modification du r\u00e8glement int\u00e9rieur, brisant l\u2019unit\u00e9 de la RTM, les traminots voient rouge.<\/p>\n<p>Le maire de Marseille voit l\u00e0 une occasion de se d\u00e9barrasser d\u2019une r\u00e9gie qu\u2019il se pla\u00eet \u00e0 qualifier de \u00ab\u00a0tonneau des Dana\u00efdes\u00a0\u00bb. Autre argument selon lui b\u00e9ton\u00a0: l\u2019Europe exigerait la mise en concurrence pour d\u00e9bloquer les emprunts n\u00e9cessaires \u00e0 la construction du tram. Bien qu\u2019aucune directive ne le stipule&#8230; Pour \u00ab\u00a0aider\u00a0\u00bb la r\u00e9gie \u00e0 r\u00e9pondre \u00e0 la DSP, Connex, filiale de Veolia, est choisie. Moyennant trois cadres cher pay\u00e9s, le groupe r\u00e9clame 850\u00a0000\u00a0euros par an sur 8 ans et le partage des recettes s\u2019engageant \u00e0 assurer 49% des risques financiers, soit pas grand-chose sur un tram flambant neuf.<\/p>\n<p>Soud\u00e9s en intersyndicale, les traminots se mobilisent le 4\u00a0octobre. Le mouvement sera tr\u00e8s suivi, soutenu par les salari\u00e9s lors d\u2019un vote \u00e0 bulletin secret, et m\u00eame les Marseillais pourtant priv\u00e9s de transports, les bus restant au d\u00e9p\u00f4t. Quand Jean-Claude Gaudin r\u00e9clame au pr\u00e9fet la r\u00e9quisition, le 28\u00a0octobre, apr\u00e8s une entrevue infructueuse la semaine pr\u00e9c\u00e9dente (ce sera la seule), ce dernier refuse de sortir \u00ab\u00a0l\u2019artillerie lourde\u00a0\u00bb et envoie un m\u00e9diateur. Bernard Bruhnes t\u00e9moignera plus tard n\u2019avoir pas compris l\u2019attitude d\u2019un certain nombre de gens autour du maire qui \u00ab\u00a0n\u2019avaient qu\u2019une envie : tirer dans le tas\u00a0\u00bb.<\/p>\n<p>S\u2019ils sont oblig\u00e9s de suspendre leur gr\u00e8ve, un juge des r\u00e9f\u00e9r\u00e9s dans une d\u00e9cision politique, d\u00e9clarant le pr\u00e9avis ill\u00e9gal, ils repartent le 15\u00a0novembre. Ils tiendront encore dix jours. L\u2019avenir leur donnera raison. Contest\u00e9e en justice par le s\u00e9nateur PCF et membre du conseil d\u2019administration, Robert Bret, et Michel Illac, \u00e9lu communautaire, la d\u00e9lib\u00e9ration sur la DSP sera annul\u00e9e le 6\u00a0juillet 2007.<\/p>\n","protected":false},"excerpt":{"rendered":"R\u00e9quisition, attaque en justice&#8230; On leur aura tout fait. Mais ils auront tenu bon. Lorsque la communaut\u00e9 urbaine&hellip;\n","protected":false},"author":2,"featured_media":438161,"comment_status":"","ping_status":"","sticky":false,"template":"","format":"standard","meta":{"footnotes":""},"categories":[2814],"tags":[1111,11,1777,674,1011,27,2861,884,12,882,25],"class_list":{"0":"post-438160","1":"post","2":"type-post","3":"status-publish","4":"format-standard","5":"has-post-thumbnail","7":"category-marseille","8":"tag-actu","9":"tag-actualites","10":"tag-eu","11":"tag-europe","12":"tag-fr","13":"tag-france","14":"tag-gestion","15":"tag-marseille","16":"tag-news","17":"tag-provence-alpes-cote-dazur","18":"tag-republique-francaise"},"share_on_mastodon":{"url":"https:\/\/pubeurope.com\/@fr\/115314839000345863","error":""},"_links":{"self":[{"href":"https:\/\/www.europesays.com\/fr\/wp-json\/wp\/v2\/posts\/438160","targetHints":{"allow":["GET"]}}],"collection":[{"href":"https:\/\/www.europesays.com\/fr\/wp-json\/wp\/v2\/posts"}],"about":[{"href":"https:\/\/www.europesays.com\/fr\/wp-json\/wp\/v2\/types\/post"}],"author":[{"embeddable":true,"href":"https:\/\/www.europesays.com\/fr\/wp-json\/wp\/v2\/users\/2"}],"replies":[{"embeddable":true,"href":"https:\/\/www.europesays.com\/fr\/wp-json\/wp\/v2\/comments?post=438160"}],"version-history":[{"count":0,"href":"https:\/\/www.europesays.com\/fr\/wp-json\/wp\/v2\/posts\/438160\/revisions"}],"wp:featuredmedia":[{"embeddable":true,"href":"https:\/\/www.europesays.com\/fr\/wp-json\/wp\/v2\/media\/438161"}],"wp:attachment":[{"href":"https:\/\/www.europesays.com\/fr\/wp-json\/wp\/v2\/media?parent=438160"}],"wp:term":[{"taxonomy":"category","embeddable":true,"href":"https:\/\/www.europesays.com\/fr\/wp-json\/wp\/v2\/categories?post=438160"},{"taxonomy":"post_tag","embeddable":true,"href":"https:\/\/www.europesays.com\/fr\/wp-json\/wp\/v2\/tags?post=438160"}],"curies":[{"name":"wp","href":"https:\/\/api.w.org\/{rel}","templated":true}]}}