{"id":438162,"date":"2025-10-04T07:59:11","date_gmt":"2025-10-04T07:59:11","guid":{"rendered":"https:\/\/www.europesays.com\/fr\/438162\/"},"modified":"2025-10-04T07:59:11","modified_gmt":"2025-10-04T07:59:11","slug":"incendie-du-8-juillet-lhommage-aux-jeunes-de-la-castellane","status":"publish","type":"post","link":"https:\/\/www.europesays.com\/fr\/438162\/","title":{"rendered":"Incendie du 8 juillet, l&rsquo;hommage aux jeunes de la Castellane"},"content":{"rendered":"<p>\u00ab\u00a0Nous avons connu en juillet <a href=\"https:\/\/www.laprovence.com\/article\/region\/7047479383776514\/incendie-de-marseille-on-a-vu-les-arbres-bruler-sous-nos-fenetres-panique-et-solidarite-a-la-castellane-et-a-verduron\" target=\"_blank\" rel=\"noopener\">des incendies dramatiques<\/a> qui ont ravag\u00e9 Marseille, a rappel\u00e9 <a href=\"https:\/\/www.laprovence.com\/article\/elections\/1606782139059615\/immigration-gaza-mosquees-un-conseil-municipal-vampirise-a-marseille\" target=\"_blank\" rel=\"noopener\">Beno\u00eet Payan<\/a>. Beaucoup de gens ont eu la peur de leur vie. Et il y a ici des jeunes de la cit\u00e9 de la Castellane qui, avec leurs mains et leur courage, nous ont montr\u00e9 ce que c&rsquo;\u00e9tait d&rsquo;\u00eatre Marseillais.\u00a0\u00bb<\/p>\n<p>Le 8\u00a0juillet, alors que les flammes mena\u00e7aient des habitations, une cinquantaine d&rsquo;entre eux avaient port\u00e9 main forte aux secours. Un geste salu\u00e9 par des applaudissements de l&rsquo;ensemble de l&rsquo;h\u00e9micycle. \u00ab\u00a0Ce jour-l\u00e0, dans cette cit\u00e9 au bord des flammes, vous avez fait preuve d&rsquo;h\u00e9ro\u00efsme, saluait le maire (DVG).\u00a0Pendant que certains commentaient sur de faux cambriolages, vous avez montr\u00e9 le plus beau visage.\u00a0\u00bb<\/p>\n","protected":false},"excerpt":{"rendered":"\u00ab\u00a0Nous avons connu en juillet des incendies dramatiques qui ont ravag\u00e9 Marseille, a rappel\u00e9 Beno\u00eet Payan. Beaucoup de&hellip;\n","protected":false},"author":2,"featured_media":438163,"comment_status":"","ping_status":"","sticky":false,"template":"","format":"standard","meta":{"footnotes":""},"categories":[2814],"tags":[17,1111,11,1007,2826,1777,674,1011,27,1310,4074,2868,2836,884,12,316,882,25],"class_list":{"0":"post-438162","1":"post","2":"type-post","3":"status-publish","4":"format-standard","5":"has-post-thumbnail","7":"category-marseille","8":"tag-17","9":"tag-actu","10":"tag-actualites","11":"tag-aux","12":"tag-confidentiels","13":"tag-eu","14":"tag-europe","15":"tag-fr","16":"tag-france","17":"tag-incendie","18":"tag-jeunes","19":"tag-juillet","20":"tag-lhommage","21":"tag-marseille","22":"tag-news","23":"tag-politique","24":"tag-provence-alpes-cote-dazur","25":"tag-republique-francaise"},"share_on_mastodon":{"url":"https:\/\/pubeurope.com\/@fr\/115314842906941548","error":""},"_links":{"self":[{"href":"https:\/\/www.europesays.com\/fr\/wp-json\/wp\/v2\/posts\/438162","targetHints":{"allow":["GET"]}}],"collection":[{"href":"https:\/\/www.europesays.com\/fr\/wp-json\/wp\/v2\/posts"}],"about":[{"href":"https:\/\/www.europesays.com\/fr\/wp-json\/wp\/v2\/types\/post"}],"author":[{"embeddable":true,"href":"https:\/\/www.europesays.com\/fr\/wp-json\/wp\/v2\/users\/2"}],"replies":[{"embeddable":true,"href":"https:\/\/www.europesays.com\/fr\/wp-json\/wp\/v2\/comments?post=438162"}],"version-history":[{"count":0,"href":"https:\/\/www.europesays.com\/fr\/wp-json\/wp\/v2\/posts\/438162\/revisions"}],"wp:featuredmedia":[{"embeddable":true,"href":"https:\/\/www.europesays.com\/fr\/wp-json\/wp\/v2\/media\/438163"}],"wp:attachment":[{"href":"https:\/\/www.europesays.com\/fr\/wp-json\/wp\/v2\/media?parent=438162"}],"wp:term":[{"taxonomy":"category","embeddable":true,"href":"https:\/\/www.europesays.com\/fr\/wp-json\/wp\/v2\/categories?post=438162"},{"taxonomy":"post_tag","embeddable":true,"href":"https:\/\/www.europesays.com\/fr\/wp-json\/wp\/v2\/tags?post=438162"}],"curies":[{"name":"wp","href":"https:\/\/api.w.org\/{rel}","templated":true}]}}