{"id":438164,"date":"2025-10-04T08:00:10","date_gmt":"2025-10-04T08:00:10","guid":{"rendered":"https:\/\/www.europesays.com\/fr\/438164\/"},"modified":"2025-10-04T08:00:10","modified_gmt":"2025-10-04T08:00:10","slug":"pollution-de-lair-une-qualite-bonne-a-moyenne-ce-samedi","status":"publish","type":"post","link":"https:\/\/www.europesays.com\/fr\/438164\/","title":{"rendered":"Pollution de l&rsquo;air : une qualit\u00e9 bonne \u00e0 moyenne ce samedi"},"content":{"rendered":"<p class=\"content\" style=\"font-size:1.2em;font-weight:700\">La qualit\u00e9 de l&rsquo;air oscillera entre bonne et moyenne ce samedi 4 octobre \u00e0 Lyon et dans la m\u00e9tropole de Lyon. <\/p>\n<p>Il fait bon de respirer l&rsquo;air frais \u00e0 Lyon et dans sa m\u00e9tropole ce samedi 4 octobre. Les conditions m\u00e9t\u00e9orologiques favorables \u00ab\u00a0lessiveront\u00a0\u00bb l&rsquo;atmosph\u00e8re, selon l&rsquo;observatoire Atmo, qui estime que la qualit\u00e9 de l&rsquo;air pour cette journ\u00e9e oscillera entre bonne et moyenne, m\u00eame si les particules fines, l&rsquo;ozone et le dioxyde d&rsquo;azote affichent des concentrations mod\u00e9r\u00e9es.<\/p>\n<p>Autour des grands axes de circulation comme la M6, la M7 et le boulevard p\u00e9riph\u00e9rique Laurent Bonnevay, la qualit\u00e9 de l&rsquo;air est \u00e9videmment d\u00e9grad\u00e9e, avec une petite am\u00e9lioration attendue dans le week-end gr\u00e2ce au temps venteux et pluvieux.. <\/p>\n","protected":false},"excerpt":{"rendered":"La qualit\u00e9 de l&rsquo;air oscillera entre bonne et moyenne ce samedi 4 octobre \u00e0 Lyon et dans la&hellip;\n","protected":false},"author":2,"featured_media":438165,"comment_status":"","ping_status":"","sticky":false,"template":"","format":"standard","meta":{"footnotes":""},"categories":[1889],"tags":[1111,11,2430,1777,674,1011,27,2428,12,1800,25],"class_list":{"0":"post-438164","1":"post","2":"type-post","3":"status-publish","4":"format-standard","5":"has-post-thumbnail","7":"category-lyon","8":"tag-actu","9":"tag-actualites","10":"tag-auvergne-rhone-alpes","11":"tag-eu","12":"tag-europe","13":"tag-fr","14":"tag-france","15":"tag-lyon","16":"tag-news","17":"tag-pollution","18":"tag-republique-francaise"},"share_on_mastodon":{"url":"https:\/\/pubeurope.com\/@fr\/115314846853724313","error":""},"_links":{"self":[{"href":"https:\/\/www.europesays.com\/fr\/wp-json\/wp\/v2\/posts\/438164","targetHints":{"allow":["GET"]}}],"collection":[{"href":"https:\/\/www.europesays.com\/fr\/wp-json\/wp\/v2\/posts"}],"about":[{"href":"https:\/\/www.europesays.com\/fr\/wp-json\/wp\/v2\/types\/post"}],"author":[{"embeddable":true,"href":"https:\/\/www.europesays.com\/fr\/wp-json\/wp\/v2\/users\/2"}],"replies":[{"embeddable":true,"href":"https:\/\/www.europesays.com\/fr\/wp-json\/wp\/v2\/comments?post=438164"}],"version-history":[{"count":0,"href":"https:\/\/www.europesays.com\/fr\/wp-json\/wp\/v2\/posts\/438164\/revisions"}],"wp:featuredmedia":[{"embeddable":true,"href":"https:\/\/www.europesays.com\/fr\/wp-json\/wp\/v2\/media\/438165"}],"wp:attachment":[{"href":"https:\/\/www.europesays.com\/fr\/wp-json\/wp\/v2\/media?parent=438164"}],"wp:term":[{"taxonomy":"category","embeddable":true,"href":"https:\/\/www.europesays.com\/fr\/wp-json\/wp\/v2\/categories?post=438164"},{"taxonomy":"post_tag","embeddable":true,"href":"https:\/\/www.europesays.com\/fr\/wp-json\/wp\/v2\/tags?post=438164"}],"curies":[{"name":"wp","href":"https:\/\/api.w.org\/{rel}","templated":true}]}}