{"id":438186,"date":"2025-10-04T08:12:20","date_gmt":"2025-10-04T08:12:20","guid":{"rendered":"https:\/\/www.europesays.com\/fr\/438186\/"},"modified":"2025-10-04T08:12:20","modified_gmt":"2025-10-04T08:12:20","slug":"allemagne-la-guerre-hybride-de-poutine-y-est-quotidienne","status":"publish","type":"post","link":"https:\/\/www.europesays.com\/fr\/438186\/","title":{"rendered":"Allemagne: la guerre hybride de Poutine y est quotidienne"},"content":{"rendered":"<p>Menace de drones en Europe \u2013 <\/p>\n<p>En Allemagne, la guerre hybride de Poutine est quotidienne<\/p>\n<p class=\"ContentHead_lead____SsS link_regular__O0hk0 link_externalicon-big__ZdPgo link_externalicon__qcwXs\">Survol\u00e9 par des drones, l\u2019a\u00e9roport de Munich a annul\u00e9 jeudi soir une trentaine de vols. Ces attaques r\u00e9guli\u00e8res inqui\u00e8tent les experts.<\/p>\n<p>Publi\u00e9 aujourd\u2019hui \u00e0 09h34<img decoding=\"async\" loading=\"eager\" fetchpriority=\"high\" src=\"https:\/\/www.europesays.com\/fr\/wp-content\/uploads\/2025\/10\/2x_63NZRKylAEByQfMNGTC.jpg\" alt=\"Vue g\u00e9n\u00e9rale de l\u2019a\u00e9roport international de Munich avec plusieurs avions stationn\u00e9s sur le tarmac, sous un ciel nuageux, en f\u00e9vrier 2024.\" title=\"Vue g\u00e9n\u00e9rale de l\u2019a\u00e9roport international de Munich avec plusieurs avions stationn\u00e9s sur le tarmac, sous un ciel nuageux, en f\u00e9vrier 2024.\" class=\"ResponsiveImage_root__ZDz10 responsive-image\" style=\"background-color:#677B8E\"\/><\/p>\n<p>Une trentaine de vols ont \u00e9t\u00e9 annul\u00e9s jeudi soir \u00e0 l\u2019a\u00e9roport de Munich, \u00e0 cause de survols de drones.<\/p>\n<p>AFP\/Michaela STACHE<\/p>\n<p><strong class=\"SummaryList_title__8uifR\">En bref:<\/strong><\/p>\n<ul class=\"SummaryList_list__pEa7M\">\n<li>L\u2019a\u00e9roport de Munich reprend ses activit\u00e9s apr\u00e8s plusieurs observations de drones suspects.<\/li>\n<li>Une flotte fant\u00f4me russe est soup\u00e7onn\u00e9e d\u2019op\u00e9rer des drones pr\u00e8s des c\u00f4tes europ\u00e9ennes.<\/li>\n<li>Les services allemands constatent des survols r\u00e9guliers de sites militaires sensibles.<\/li>\n<\/ul>\n<p class=\"ArticleParagraph_root__lhFZo ArticleContainer_content-width__FRl7F link_focus__0ZMwx link_externalicon-big__ZdPgo link_externalicon__qcwXs ArticleElement_article-element__q93eL\">Une guerre? Les Allemands ont encore du mal \u00e0 croire qu\u2019elle a d\u00e9j\u00e0 commenc\u00e9 sous une forme \u00abhybride\u00bb. Mais les r\u00e9centes intrusions de drones en <a class=\"HtmlText_root__A1OSq\" href=\"https:\/\/www.24heures.ch\/pologne-lattaque-de-drone-nest-pas-une-coincidence-724327304664\" rel=\"nofollow noopener\" target=\"_blank\">Pologne<\/a>, en Roumanie, en <a class=\"HtmlText_root__A1OSq\" href=\"https:\/\/www.24heures.ch\/la-lituanie-demande-laide-de-lotan-pour-sa-defense-aerienne-957296421503\" rel=\"nofollow noopener\" target=\"_blank\">Lituanie<\/a> et plus r\u00e9cemment au <a class=\"HtmlText_root__A1OSq\" href=\"https:\/\/www.24heures.ch\/drones-les-aeroports-de-copenhague-et-oslo-ferment-237483515200\" rel=\"nofollow noopener\" target=\"_blank\">Danemark<\/a> ont d\u00e9montr\u00e9 que la menace russe contre l\u2019Europe \u00e9tait r\u00e9elle. \u00abNous ne sommes pas en guerre, mais nous ne sommes plus en paix non plus\u00bb, a d\u00e9clar\u00e9 prudemment le chancelier, Friedrich Merz, le 29\u00a0septembre, pour leur faire comprendre l\u2019urgence de la situation.<\/p>\n<p class=\"ArticleParagraph_root__lhFZo ArticleContainer_content-width__FRl7F link_focus__0ZMwx link_externalicon-big__ZdPgo link_externalicon__qcwXs ArticleElement_article-element__q93eL\">L\u2019alerte aux drones \u00e0 l\u2019a\u00e9roport de Munich, jeudi soir, leur a rappel\u00e9 une fois de plus que la Russie visait aussi l\u2019Allemagne, m\u00eame si rien ne prouve pour l\u2019instant que ce soit une nouvelle op\u00e9ration d\u2019intimidation du Kremlin.<\/p>\n<p class=\"ArticleParagraph_root__lhFZo ArticleContainer_content-width__FRl7F link_focus__0ZMwx link_externalicon-big__ZdPgo link_externalicon__qcwXs ArticleElement_article-element__q93eL\">La r\u00e9ponse des Europ\u00e9ens reste pour l\u2019instant limit\u00e9e \u00e0 des effets d\u2019annonces (\u00e0 part la Pologne qui a abattu des drones russes sur son territoire). \u00c0 Copenhague, lors du sommet de la Communaut\u00e9 politique europ\u00e9enne, le pr\u00e9sident fran\u00e7ais a promis des mesures contre la \u00abflotte fant\u00f4me\u00bb russe qui croise au large des c\u00f4tes territoriales europ\u00e9ennes. Une r\u00e9union doit avoir lieu dans les prochains jours avec les chefs d\u2019\u00e9tat-major de la \u00abcoalition des volontaires\u00bb (les 25 pays ultrasolidaires de l\u2019Ukraine).<\/p>\n<p class=\"ArticleParagraph_root__lhFZo ArticleContainer_content-width__FRl7F link_focus__0ZMwx link_externalicon-big__ZdPgo link_externalicon__qcwXs ArticleElement_article-element__q93eL\">Les bateaux incrimin\u00e9s et qui portent des pavillons de complaisance (Panama, Liberia, Gabon) sont soup\u00e7onn\u00e9s d\u2019\u00eatre les \u00abporte-avions\u00bb des drones espions russes. \u00abNous avons un incident dans la mer Baltique presque tous les jours\u00bb, insiste le premier ministre polonais, Donald Tusk, apr\u00e8s la d\u00e9couverte d\u2019un \u00abvaisseau fant\u00f4me\u00bb pr\u00e8s du port de Szczecin.<\/p>\n<p><img decoding=\"async\" loading=\"lazy\" src=\"https:\/\/www.europesays.com\/fr\/wp-content\/uploads\/2025\/10\/0O4j09Zhqtu8V2JU8lZUNd.jpg\" alt=\"Le chancelier allemand Friedrich Merz discute avec le pr\u00e9sident ukrainien Volodymyr Selenskyj lors d\u2019une r\u00e9union \u00e0 Copenhague.\" title=\"Le chancelier allemand Friedrich Merz discute avec le pr\u00e9sident ukrainien Volodymyr Selenskyj lors d\u2019une r\u00e9union \u00e0 Copenhague.\" class=\"ResponsiveImage_root__ZDz10 responsive-image\" style=\"background-color:#596151\"\/><\/p>\n<p>Le chancelier allemand Friedrich Merz et le pr\u00e9sident ukrainien Volodymyr Zelensky lors de la r\u00e9union \u00e0 Copenhague, le 2 octobre 2025.<\/p>\n<p>Bundesregierung via Getty Images\/Marvin Ibo<\/p>\n<p>Des mois de guerre hybride<\/p>\n<p class=\"ArticleParagraph_root__lhFZo ArticleContainer_content-width__FRl7F link_focus__0ZMwx link_externalicon-big__ZdPgo link_externalicon__qcwXs ArticleElement_article-element__q93eL\">Le 26\u00a0ao\u00fbt dernier, les Allemands ont perquisitionn\u00e9 un cargo suspect\u00e9 d\u2019\u00eatre une base de d\u00e9collage de drones. Les membres de l\u2019\u00e9quipage sont russes et font actuellement l\u2019objet d\u2019une enqu\u00eate.<\/p>\n<p class=\"ArticleParagraph_root__lhFZo ArticleContainer_content-width__FRl7F link_focus__0ZMwx link_externalicon-big__ZdPgo link_externalicon__qcwXs ArticleElement_article-element__q93eL\">La guerre hybride a commenc\u00e9 depuis des mois en Allemagne, rappellent les experts qui s\u2019\u00e9tonnent de l\u2019inertie du gouvernement. Colis pi\u00e9g\u00e9s, cyberattaques, drones survolant des casernes, c\u00e2bles sectionn\u00e9s\u2026 \u00abCes attaques sont une r\u00e9alit\u00e9 quotidienne\u00bb r\u00e9p\u00e8te le g\u00e9n\u00e9ral Breuer, le chef d\u2019\u00e9tat-major de la Bundeswehr, l\u2019arm\u00e9e allemande.<\/p>\n<p class=\"ArticleParagraph_root__lhFZo ArticleContainer_content-width__FRl7F link_focus__0ZMwx link_externalicon-big__ZdPgo link_externalicon__qcwXs ArticleElement_article-element__q93eL\">Poutine se concentre sur l\u2019Allemagne parce qu\u2019elle est le principal fournisseur d\u2019armes de l\u2019Ukraine apr\u00e8s les \u00c9tats-Unis. Une enqu\u00eate men\u00e9e cet \u00e9t\u00e9 par la <a href=\"https:\/\/www.wiwo.de\/\" class=\"HtmlText_root__A1OSq\" target=\"_blank\" rel=\"noopener noreferrer nofollow\">\u00abWirtschaftsWoche\u00bb<\/a> a r\u00e9v\u00e9l\u00e9 que les Russes espionnaient depuis plusieurs mois les transports d\u2019armes secrets vers l\u2019Ukraine \u00e0 l\u2019aide de drones. \u00abLa Russie est d\u00e9sormais tr\u00e8s bien inform\u00e9e sur les groupes industriels qui produisent pour l\u2019Ukraine\u00bb, a conclu le journal.<\/p>\n<p class=\"ArticleParagraph_root__lhFZo ArticleContainer_content-width__FRl7F link_focus__0ZMwx link_externalicon-big__ZdPgo link_externalicon__qcwXs ArticleElement_article-element__q93eL\">Poutine recruterait en partie des agents amateurs ralli\u00e9s \u00e0 sa cause en Allemagne et capables de diriger des drones achet\u00e9s sur Amazon ou d\u2019autres plateformes de vente pour collecter des informations qui permettent d\u2019identifier la destination des \u00e9quipements mais aussi les fabricants d\u2019armes.<\/p>\n<p class=\"ArticleParagraph_root__lhFZo ArticleContainer_content-width__FRl7F link_focus__0ZMwx link_externalicon-big__ZdPgo link_externalicon__qcwXs ArticleElement_article-element__q93eL\">Le ministre de la D\u00e9fense, Boris Pistorius, a confirm\u00e9 l\u2019information: \u00abLes drones survolent les ports et les installations ferroviaires. Cela ne surprend personne. Il n\u2019y a rien \u00e0 faire\u00bb, a-t-il r\u00e9agi.<\/p>\n<p>Gouvernement interpell\u00e9<\/p>\n<p class=\"ArticleParagraph_root__lhFZo ArticleContainer_content-width__FRl7F link_focus__0ZMwx link_externalicon-big__ZdPgo link_externalicon__qcwXs ArticleElement_article-element__q93eL\">Pour Konstantin von Notz, le gouvernement allemand laisse la population \u00abdans l\u2019ignorance\u00bb. Le pr\u00e9sident de l\u2019organe de contr\u00f4le parlementaire des services du renseignement allemand exige du gouvernement f\u00e9d\u00e9ral qu\u2019il r\u00e9agisse de mani\u00e8re transparente contre ces agressions hybrides et agressives visant l\u2019Allemagne.<\/p>\n<p class=\"ArticleParagraph_root__lhFZo ArticleContainer_content-width__FRl7F link_focus__0ZMwx link_externalicon-big__ZdPgo link_externalicon__qcwXs ArticleElement_article-element__q93eL\">Alexander Dobrindt, le ministre de l\u2019Int\u00e9rieur, a \u00e9t\u00e9 oblig\u00e9 de r\u00e9agir ces derniers jours en annon\u00e7ant la cr\u00e9ation d\u2019un \u00abcentre antidrones\u00bb et une nouvelle loi pour permettre d\u2019abattre les objets volants suspects. \u00abNous avons besoin de cette d\u00e9fense antidrones op\u00e9rationnelle maintenant, pas dans cinq ans\u00bb, a surench\u00e9ri Jens Spahn, le pr\u00e9sident du groupe parlementaire de l\u2019Union conservatrice (CDU).<\/p>\n<p class=\"ArticleParagraph_root__lhFZo ArticleContainer_content-width__FRl7F link_focus__0ZMwx link_externalicon-big__ZdPgo link_externalicon__qcwXs ArticleElement_article-element__q93eL\">Il faut r\u00e9former, en effet, car la situation juridique est si complexe que les Allemands sont incapables de r\u00e9agir l\u00e9galement \u00e0 une attaque de drones. Quand ils volent au-dessus d\u2019une caserne, c\u2019est l\u2019arm\u00e9e qui doit les abattre. Mais s\u2019ils survolent un a\u00e9roport ou une gare, c\u2019est \u00e0 la police f\u00e9d\u00e9rale de le faire. Et chaque police r\u00e9gionale est comp\u00e9tente sur sa zone\u2026<\/p>\n<p class=\"DynamicTeaser_boxtitle__B6piN\">La menace des drones en Europe<\/p>\n<p>Newsletter<\/p>\n<p>\u00abDerni\u00e8res nouvelles\u00bb<\/p>\n<p>Vous voulez rester au top de l\u2019info? \u00ab24 heures\u00bb vous propose deux rendez-vous par jour, pour ne rien rater de ce qui se passe dans votre Canton, en Suisse ou dans le monde.<\/p>\n<p><a class=\"NewsletterBox_more__FNemz link_underlinelink__K5Zr0\" href=\"https:\/\/www.24heures.ch\/nos-newsletters\" rel=\"nofollow noopener\" target=\"_blank\">Autres newsletters<\/a><\/p>\n<p>Se connecter<\/p>\n<p class=\"Feedback_root__fr_Mi ArticleContainer_content-width__FRl7F\">Vous avez trouv\u00e9 une erreur?<a href=\"mailto:tes_correction@tamedia.ch?subject=Avis%20d'erreur%20%7C%20Christophe%20Bourdoiseau%20%7C%20En%20Allemagne%2C%20la%20guerre%20hybride%20de%20Poutine%20est%20quotidienne&amp;body=J'ai%20trouv%C3%A9%20une%20erreur%20dans%20cet%20article%3A%20https%3A%2F%2Fwww.24heures.ch%2Fallemagne-la-guerre-hybride-de-poutine-y-est-quotidienne-526957779555\" class=\"Feedback_feedbacklink__VyDCi link_underlinelink__K5Zr0\">Merci de nous la signaler.<\/a><\/p>\n<p>2 commentaires<\/p>\n","protected":false},"excerpt":{"rendered":"Menace de drones en Europe \u2013 En Allemagne, la guerre hybride de Poutine est quotidienne Survol\u00e9 par des&hellip;\n","protected":false},"author":2,"featured_media":438187,"comment_status":"","ping_status":"","sticky":false,"template":"","format":"standard","meta":{"footnotes":""},"categories":[1587],"tags":[11,672,1804,1805,1803,1777,674,1801,12,1802,2300],"class_list":{"0":"post-438186","1":"post","2":"type-post","3":"status-publish","4":"format-standard","5":"has-post-thumbnail","7":"category-allemagne","8":"tag-actualites","9":"tag-allemagne","10":"tag-bundesrepublik-deutschland","11":"tag-de","12":"tag-deutschland","13":"tag-eu","14":"tag-europe","15":"tag-germany","16":"tag-news","17":"tag-republique-federale-dallemagne","18":"tag-stats-seo"},"share_on_mastodon":{"url":"https:\/\/pubeurope.com\/@fr\/115314894601745770","error":""},"_links":{"self":[{"href":"https:\/\/www.europesays.com\/fr\/wp-json\/wp\/v2\/posts\/438186","targetHints":{"allow":["GET"]}}],"collection":[{"href":"https:\/\/www.europesays.com\/fr\/wp-json\/wp\/v2\/posts"}],"about":[{"href":"https:\/\/www.europesays.com\/fr\/wp-json\/wp\/v2\/types\/post"}],"author":[{"embeddable":true,"href":"https:\/\/www.europesays.com\/fr\/wp-json\/wp\/v2\/users\/2"}],"replies":[{"embeddable":true,"href":"https:\/\/www.europesays.com\/fr\/wp-json\/wp\/v2\/comments?post=438186"}],"version-history":[{"count":0,"href":"https:\/\/www.europesays.com\/fr\/wp-json\/wp\/v2\/posts\/438186\/revisions"}],"wp:featuredmedia":[{"embeddable":true,"href":"https:\/\/www.europesays.com\/fr\/wp-json\/wp\/v2\/media\/438187"}],"wp:attachment":[{"href":"https:\/\/www.europesays.com\/fr\/wp-json\/wp\/v2\/media?parent=438186"}],"wp:term":[{"taxonomy":"category","embeddable":true,"href":"https:\/\/www.europesays.com\/fr\/wp-json\/wp\/v2\/categories?post=438186"},{"taxonomy":"post_tag","embeddable":true,"href":"https:\/\/www.europesays.com\/fr\/wp-json\/wp\/v2\/tags?post=438186"}],"curies":[{"name":"wp","href":"https:\/\/api.w.org\/{rel}","templated":true}]}}