{"id":43819,"date":"2025-04-22T11:20:07","date_gmt":"2025-04-22T11:20:07","guid":{"rendered":"https:\/\/www.europesays.com\/fr\/43819\/"},"modified":"2025-04-22T11:20:07","modified_gmt":"2025-04-22T11:20:07","slug":"se-faire-vacciner-sans-rendez-vous-cest-possible-cette-semaine","status":"publish","type":"post","link":"https:\/\/www.europesays.com\/fr\/43819\/","title":{"rendered":"se faire vacciner sans rendez-vous, c\u2019est possible cette semaine"},"content":{"rendered":"<p>            Par<br \/>\n        <strong><br \/>\n            <a href=\"https:\/\/actu.fr\/auteur\/metropoop\" title=\"Consulter tous les articles de R\u00e9daction M\u00e9tropolitain\" rel=\"nofollow noopener\" target=\"_blank\">R\u00e9daction M\u00e9tropolitain<\/a><br \/>\n        <\/strong><\/p>\n<p>        Publi\u00e9 le<\/p>\n<p>            22 avr. 2025 \u00e0 13h04<br \/>\n        ; mis \u00e0 jour le 22 avr. 2025 \u00e0 13h07    <\/p>\n<p><strong>Depuis 2005<\/strong>, pr\u00e8s de 200 pays participent \u00e0 <a href=\"https:\/\/www.santepubliquefrance.fr\/determinants-de-sante\/vaccination\/articles\/semaine-europeenne-de-la-vaccination\" rel=\"nofollow noopener\" target=\"_blank\">la Semaine europ\u00e9enne de la vaccination<\/a>. L\u2019initiative port\u00e9e par l\u2019Organisation mondiale de la sant\u00e9 vise \u00e0 rappeler que se faire vacciner, c\u2019est se prot\u00e9ger et prot\u00e9ger les autres. <strong>\u00c0 Montpellier<\/strong>, la ville, le Centre de vaccination publique de l\u2019H\u00e9rault et la Ma.P \u2013 l\u2019unit\u00e9 mobile de pr\u00e9vention sant\u00e9 \u2013 s\u2019unissent pour organiser des actions gratuites et ouvertes \u00e0 toutes et tous.<\/p>\n<p class=\" wall-content\">L\u2019objectif est clair : lutter contre la m\u00e9connaissance, la n\u00e9gligence ou le retard vaccinal. Rougeole, h\u00e9patite B, coqueluche\u2026 Ces maladies n\u2019ont pas disparu. Certaines continuent de circuler. La seule barri\u00e8re r\u00e9ellement efficace reste une couverture vaccinale \u00e9lev\u00e9e.<\/p>\n<p>Montpellier s\u2019engage sur le terrain<\/p>\n<p class=\" wall-content\">Trois rendez-vous sont propos\u00e9s dans la ville pour informer et vacciner, sans rendez-vous. <strong>Ce mardi 22 avril 2025<\/strong>, jusqu\u2019\u00e0 16h, la Place de la Com\u00e9die se transforme en point de sensibilisation g\u00e9ant. Une \u00e9quipe pluridisciplinaire, compos\u00e9e de professionnels de sant\u00e9, accueille le public. Les passants pouvaient poser leurs questions, v\u00e9rifier leur carnet de vaccination et, pour ceux qui le souhaitent, recevoir une injection, imm\u00e9diatement valid\u00e9e par le m\u00e9decin pr\u00e9sent.<\/p>\n<p class=\" wall-content\">Deux autres dates sont pr\u00e9vues. <strong>Ce jeudi 24 avril<\/strong>, de 9h \u00e0 12h, les \u00e9quipes s\u2019installent aux Restos du c\u0153ur Danton, dans le quartier Pas du Loup \u2013 Val de Croze. Puis, <strong>le lundi 5 mai<\/strong>, de 18h \u00e0 20h30, c\u2019est au tour des \u00e9tudiants du campus Richter d\u2019accueillir l\u2019op\u00e9ration, \u00e0 la Maison des \u00e9tudiants Aim\u00e9 Schoenig. L\u00e0 aussi, l\u2019acc\u00e8s \u00e0 l\u2019information et \u00e0 la vaccination reste libre et gratuit.<\/p>\n<p>    <a href=\"https:\/\/www.google.com\/maps\/d\/u\/0\/embed?mid=1yn978chjTcvJeMsdhUkVDKfUO85Eg9I&amp;ehbc=2E312F\" title=\"Ouvrie le lien\" rel=\"nofollow noopener\" target=\"_blank\">Cliquez ici pour visualiser le contenu<\/a><\/p>\n<p>Vid\u00e9os : en ce moment sur Actu<\/p>\n<p class=\" wall-content\">En France, la vaccination permet chaque ann\u00e9e d\u2019\u00e9viter des milliers de cas de maladies infectieuses graves. Pourtant, la vigilance s\u2019impose : les autorit\u00e9s sanitaires notent une baisse de la couverture vaccinale pour certains vaccins, notamment chez les jeunes adultes. D\u2019o\u00f9 l\u2019importance de ces op\u00e9rations itin\u00e9rantes, en bas de chez soi, en bas de son campus, pour remettre \u00e0 jour sa protection.<\/p>\n<p class=\" wall-content\">Suivez toute l\u2019actualit\u00e9 de vos villes et m\u00e9dias favoris en vous inscrivant \u00e0 <a href=\"https:\/\/moncompte.actu.fr\" title=\"D\u00e9couvez Mon Actu\" rel=\"nofollow noopener\" data-trk=\"{&quot;cta&quot;:{&quot;action&quot;:&quot;https:\\\/\\\/moncompte.actu.fr&quot;,&quot;category&quot;:&quot;mon compte&quot;,&quot;from&quot;:&quot;article footer&quot;,&quot;name&quot;:&quot;Mon actu&quot;,&quot;type&quot;:&quot;cta&quot;}}\" target=\"_blank\">Mon Actu<\/a>.<\/p>\n","protected":false},"excerpt":{"rendered":"Par R\u00e9daction M\u00e9tropolitain Publi\u00e9 le 22 avr. 2025 \u00e0 13h04 ; mis \u00e0 jour le 22 avr. 2025&hellip;\n","protected":false},"author":2,"featured_media":43820,"comment_status":"","ping_status":"","sticky":false,"template":"","format":"standard","meta":{"footnotes":""},"categories":[9599],"tags":[1111,11,1777,674,1011,27,2208,12,2680,25,71,104,148],"class_list":{"0":"post-43819","1":"post","2":"type-post","3":"status-publish","4":"format-standard","5":"has-post-thumbnail","7":"category-montpellier","8":"tag-actu","9":"tag-actualites","10":"tag-eu","11":"tag-europe","12":"tag-fr","13":"tag-france","14":"tag-montpellier","15":"tag-news","16":"tag-occitanie","17":"tag-republique-francaise","18":"tag-sante","19":"tag-societe","20":"tag-vaccination"},"share_on_mastodon":{"url":"https:\/\/pubeurope.com\/@fr\/114381352530777572","error":""},"_links":{"self":[{"href":"https:\/\/www.europesays.com\/fr\/wp-json\/wp\/v2\/posts\/43819","targetHints":{"allow":["GET"]}}],"collection":[{"href":"https:\/\/www.europesays.com\/fr\/wp-json\/wp\/v2\/posts"}],"about":[{"href":"https:\/\/www.europesays.com\/fr\/wp-json\/wp\/v2\/types\/post"}],"author":[{"embeddable":true,"href":"https:\/\/www.europesays.com\/fr\/wp-json\/wp\/v2\/users\/2"}],"replies":[{"embeddable":true,"href":"https:\/\/www.europesays.com\/fr\/wp-json\/wp\/v2\/comments?post=43819"}],"version-history":[{"count":0,"href":"https:\/\/www.europesays.com\/fr\/wp-json\/wp\/v2\/posts\/43819\/revisions"}],"wp:featuredmedia":[{"embeddable":true,"href":"https:\/\/www.europesays.com\/fr\/wp-json\/wp\/v2\/media\/43820"}],"wp:attachment":[{"href":"https:\/\/www.europesays.com\/fr\/wp-json\/wp\/v2\/media?parent=43819"}],"wp:term":[{"taxonomy":"category","embeddable":true,"href":"https:\/\/www.europesays.com\/fr\/wp-json\/wp\/v2\/categories?post=43819"},{"taxonomy":"post_tag","embeddable":true,"href":"https:\/\/www.europesays.com\/fr\/wp-json\/wp\/v2\/tags?post=43819"}],"curies":[{"name":"wp","href":"https:\/\/api.w.org\/{rel}","templated":true}]}}