{"id":438198,"date":"2025-10-04T08:19:09","date_gmt":"2025-10-04T08:19:09","guid":{"rendered":"https:\/\/www.europesays.com\/fr\/438198\/"},"modified":"2025-10-04T08:19:09","modified_gmt":"2025-10-04T08:19:09","slug":"operation-rachat-pour-les-volleyeuses-castraises","status":"publish","type":"post","link":"https:\/\/www.europesays.com\/fr\/438198\/","title":{"rendered":"Op\u00e9ration rachat pour les volleyeuses castraises"},"content":{"rendered":"<p>\n                                                                    l&rsquo;essentiel<br \/>\n                                                                Les joueuses de la N2 du CMVB se d\u00e9placent \u00e0 Mandelieu, samedi, pour la deuxi\u00e8me journ\u00e9e de championnat.\n                            <\/p>\n<p>\u00ab\u00a0Il faut qu\u2019on montre le vrai visage de cette \u00e9quipe\u00a0!\u00a0\u00bb Apr\u00e8s leur d\u00e9faite lors du match inaugural de cette nouvelle saison de Nationale 2 (le troisi\u00e8me niveau national, juste avant le niveau professionnel), les Hornets de Castres veulent lancer leur saison lors de la deuxi\u00e8me journ\u00e9e. Ce sera \u00e0 Mandelieu, ce samedi \u00e0 16h.<\/p>\n<p>Gr\u00e9gory Verscheure, le coach, pr\u00e9sente l\u2019enjeu de la rencontre\u00a0: \u00ab\u00a0c\u2019est de lancer vraiment la saison. On n\u2019a pas su le faire la semaine derni\u00e8re, alors l\u00e0, il faudra produire un jeu de qualit\u00e9 et essayer de faire un r\u00e9sultat l\u00e0-bas.\u00a0\u00bb Face \u00e0 Mandelieu, un adversaire que les Hornets connaissent bien, il ne faudra donc pas se louper. \u00ab\u00a0Elles ont perdu elles aussi leur premier match, dans un match serr\u00e9. Elles auront envie de d\u00e9crocher leur premi\u00e8re victoire\u00a0!\u00a0\u00bb<\/p>\n<p>Il faudra donc pour les Castraises surmonter la d\u00e9ception de la d\u00e9faite dimanche dernier (1-3) et se remettre dans le bon sens. Gr\u00e9gory Verscheure est confiant\u00a0: \u00a0\u00bb dimanche, on a pris, non pas un coup de massue, mais un petit coup sur la t\u00eate. Les filles en\u00a0sont conscientes, elles savent les\u00a0failles qu\u2019on a eues pendant le match et elles ont vraiment envie de rectifier le tir. Il faut qu\u2019on soit en confiance, il faut croire en nous\u00a0!\u00a0\u00bb Place \u00e0 la r\u00e9alit\u00e9 du terrain.<\/p>\n<p>Les autres rencontres du week-end\u00a0: la R1 F\u00e9minine re\u00e7oit Beaumont \u00e0 18h samed au Travet, la R1 masculine re\u00e7oit le TAC \u00e0 20h30 au Travet, la R2 F se rend \u00e0 Muret samedi. Les \u2013 15 filles jouent leur tournoi de Coupe de France \u00e0 Montpellier, et les \u2013 15 gar\u00e7ons \u00e0 Castres, samedi \u00e0 11h au Travet. Enfin, les \u2013 18 filles et gar\u00e7ons jouent \u00e0 Aubertot \u00e0 partir de 10h samedi.<\/p>\n","protected":false},"excerpt":{"rendered":"l&rsquo;essentiel Les joueuses de la N2 du CMVB se d\u00e9placent \u00e0 Mandelieu, samedi, pour la deuxi\u00e8me journ\u00e9e de&hellip;\n","protected":false},"author":2,"featured_media":438199,"comment_status":"","ping_status":"","sticky":false,"template":"","format":"standard","meta":{"footnotes":""},"categories":[1417],"tags":[1011,27,60,1470,1469],"class_list":{"0":"post-438198","1":"post","2":"type-post","3":"status-publish","4":"format-standard","5":"has-post-thumbnail","7":"category-volley","8":"tag-fr","9":"tag-france","10":"tag-sports","11":"tag-volley","12":"tag-volleyball"},"share_on_mastodon":{"url":"https:\/\/pubeurope.com\/@fr\/115314921535565295","error":""},"_links":{"self":[{"href":"https:\/\/www.europesays.com\/fr\/wp-json\/wp\/v2\/posts\/438198","targetHints":{"allow":["GET"]}}],"collection":[{"href":"https:\/\/www.europesays.com\/fr\/wp-json\/wp\/v2\/posts"}],"about":[{"href":"https:\/\/www.europesays.com\/fr\/wp-json\/wp\/v2\/types\/post"}],"author":[{"embeddable":true,"href":"https:\/\/www.europesays.com\/fr\/wp-json\/wp\/v2\/users\/2"}],"replies":[{"embeddable":true,"href":"https:\/\/www.europesays.com\/fr\/wp-json\/wp\/v2\/comments?post=438198"}],"version-history":[{"count":0,"href":"https:\/\/www.europesays.com\/fr\/wp-json\/wp\/v2\/posts\/438198\/revisions"}],"wp:featuredmedia":[{"embeddable":true,"href":"https:\/\/www.europesays.com\/fr\/wp-json\/wp\/v2\/media\/438199"}],"wp:attachment":[{"href":"https:\/\/www.europesays.com\/fr\/wp-json\/wp\/v2\/media?parent=438198"}],"wp:term":[{"taxonomy":"category","embeddable":true,"href":"https:\/\/www.europesays.com\/fr\/wp-json\/wp\/v2\/categories?post=438198"},{"taxonomy":"post_tag","embeddable":true,"href":"https:\/\/www.europesays.com\/fr\/wp-json\/wp\/v2\/tags?post=438198"}],"curies":[{"name":"wp","href":"https:\/\/api.w.org\/{rel}","templated":true}]}}