{"id":438206,"date":"2025-10-04T08:24:13","date_gmt":"2025-10-04T08:24:13","guid":{"rendered":"https:\/\/www.europesays.com\/fr\/438206\/"},"modified":"2025-10-04T08:24:13","modified_gmt":"2025-10-04T08:24:13","slug":"rinderknech-file-au-3e-tour","status":"publish","type":"post","link":"https:\/\/www.europesays.com\/fr\/438206\/","title":{"rendered":"Rinderknech file au 3e tour"},"content":{"rendered":"<p>Le Fran\u00e7ais a \u00e9cart\u00e9 en deux manches l\u2019Am\u00e9ricain Alex Michelsen. Il affrontera Alexander Zverev.<\/p>\n<p class=\"fig-paragraph\">Arthur Rinderknech (54e mondial) s&rsquo;est qualifi\u00e9 samedi pour le troisi\u00e8me tour du Masters 1000 de Shanghai apr\u00e8s sa victoire en deux sets 6-3, 6-4 face \u00e0 l&rsquo;Am\u00e9ricain Alex Michelsen (34e).<\/p>\n<p class=\"fig-paragraph\">Le Fran\u00e7ais a tr\u00e8s bien g\u00e9r\u00e9 sa rencontre face \u00e0 un joueur pas forc\u00e9ment en forme ces derni\u00e8res semaines, avec une seule victoire au compteur depuis le mois d&rsquo;ao\u00fbt. Apr\u00e8s un premier set sans histoire remport\u00e9 6-3, Rinderknech s&rsquo;est pourtant retrouv\u00e9 men\u00e9 4-2 apr\u00e8s avoir \u00e9t\u00e9 break\u00e9. Mais le Fran\u00e7ais s&rsquo;est parfaitement repris pour conclure \u00e0 la vol\u00e9e le dernier point du match sur le service de Michelsen.<\/p>\n<p>                                    <a class=\"fig-a11y-skip a11y-hidden\" href=\"#fig-a11y-skip-main-inarticle\"><br \/>\n        Passer la publicit\u00e9<br \/>\n    <\/a><\/p>\n<p class=\"fig-paragraph\">Il rencontrera le vainqueur du match entre Alexander Zverev (3e mondial) et le Fran\u00e7ais Valentin Royer (76e).<\/p>\n<p class=\"fig-paragraph\">Quentin Halys (75e) a en revanche \u00e9t\u00e9 battu un peu plus t\u00f4t samedi, et assez logiquement, par le Th\u00e8que Jiri Lehecka (19e) 6-4 7-5.<\/p>\n","protected":false},"excerpt":{"rendered":"Le Fran\u00e7ais a \u00e9cart\u00e9 en deux manches l\u2019Am\u00e9ricain Alex Michelsen. Il affrontera Alexander Zverev. Arthur Rinderknech (54e mondial)&hellip;\n","protected":false},"author":2,"featured_media":438207,"comment_status":"","ping_status":"","sticky":false,"template":"","format":"standard","meta":{"footnotes":""},"categories":[1412],"tags":[47,4169,525,1981,4178,1451,4179,1452,1453,1454,1455,1011,27,1114,3996,4177,4176,4174,4175,1980,4171,60,1467,4172,4173,4170],"class_list":{"0":"post-438206","1":"post","2":"type-post","3":"status-publish","4":"format-standard","5":"has-post-thumbnail","7":"category-f1","8":"tag-actualite","9":"tag-atp","10":"tag-calendrier","11":"tag-classement","12":"tag-coupe-davis","13":"tag-f1","14":"tag-fed-cup","15":"tag-formula-1","16":"tag-formula1","17":"tag-formule-1","18":"tag-formule1","19":"tag-fr","20":"tag-france","21":"tag-infos","22":"tag-jeux-olympiques","23":"tag-masters-1000","24":"tag-masters-500","25":"tag-masters-series","26":"tag-open-daustralie","27":"tag-resultats","28":"tag-roland-garros","29":"tag-sports","30":"tag-tennis","31":"tag-us-open","32":"tag-wimbledon","33":"tag-wta"},"share_on_mastodon":{"url":"https:\/\/pubeurope.com\/@fr\/115314941323518921","error":""},"_links":{"self":[{"href":"https:\/\/www.europesays.com\/fr\/wp-json\/wp\/v2\/posts\/438206","targetHints":{"allow":["GET"]}}],"collection":[{"href":"https:\/\/www.europesays.com\/fr\/wp-json\/wp\/v2\/posts"}],"about":[{"href":"https:\/\/www.europesays.com\/fr\/wp-json\/wp\/v2\/types\/post"}],"author":[{"embeddable":true,"href":"https:\/\/www.europesays.com\/fr\/wp-json\/wp\/v2\/users\/2"}],"replies":[{"embeddable":true,"href":"https:\/\/www.europesays.com\/fr\/wp-json\/wp\/v2\/comments?post=438206"}],"version-history":[{"count":0,"href":"https:\/\/www.europesays.com\/fr\/wp-json\/wp\/v2\/posts\/438206\/revisions"}],"wp:featuredmedia":[{"embeddable":true,"href":"https:\/\/www.europesays.com\/fr\/wp-json\/wp\/v2\/media\/438207"}],"wp:attachment":[{"href":"https:\/\/www.europesays.com\/fr\/wp-json\/wp\/v2\/media?parent=438206"}],"wp:term":[{"taxonomy":"category","embeddable":true,"href":"https:\/\/www.europesays.com\/fr\/wp-json\/wp\/v2\/categories?post=438206"},{"taxonomy":"post_tag","embeddable":true,"href":"https:\/\/www.europesays.com\/fr\/wp-json\/wp\/v2\/tags?post=438206"}],"curies":[{"name":"wp","href":"https:\/\/api.w.org\/{rel}","templated":true}]}}