{"id":438208,"date":"2025-10-04T08:25:23","date_gmt":"2025-10-04T08:25:23","guid":{"rendered":"https:\/\/www.europesays.com\/fr\/438208\/"},"modified":"2025-10-04T08:25:23","modified_gmt":"2025-10-04T08:25:23","slug":"cyclisme-apres-les-mondiaux-julien-bernard-retenu-pour-les-championnats-deurope","status":"publish","type":"post","link":"https:\/\/www.europesays.com\/fr\/438208\/","title":{"rendered":"Cyclisme. Apr\u00e8s les Mondiaux, Julien Bernard retenu pour les championnats d&rsquo;Europe"},"content":{"rendered":"<p>Dimanche dernier, le Dijonnais d&rsquo;adoption, <a href=\"https:\/\/www.bienpublic.com\/p\/julien-bernard\" target=\"_blank\" rel=\"noopener\">Julien Bernard<\/a> avait \u00e9t\u00e9 l&rsquo;un des animateurs de la premi\u00e8re partie de course<a href=\"https:\/\/www.bienpublic.com\/sport\/2025\/09\/15\/julien-bernard-selectionne-en-bleus\" target=\"_blank\" rel=\"noopener\"> des championnats du monde<\/a>, organis\u00e9s \u00e0 Kigali (Rwanda). <a href=\"https:\/\/www.bienpublic.com\/sport\/2025\/09\/29\/double-champion-du-monde-au-terme-d-une-saison-exceptionnelle-pogacar-toujours-plus-haut\" target=\"_blank\" rel=\"noopener\">Et remport\u00e9s par Tadej Pogacar<\/a>.<\/p>\n<p>Apr\u00e8s sa longue \u00e9chapp\u00e9e, le Bourguignon avait ensuite abandonn\u00e9, comme une grande partie du peloton (30 coureurs \u00e0 l&rsquo;arriv\u00e9e sur 165 partants).<\/p>\n<p>Depuis ce mardi apr\u00e8s-midi, le coureur de Lidl-Trek, toujours licenci\u00e9 au Sco Dijon, sait qu&rsquo;il doublera avec les championnats d&rsquo;Europe qui se tiennent cette semaine en Dr\u00f4me-Ard\u00e8che, la course en ligne \u00e9tant programm\u00e9e ce dimanche.<\/p>\n<p>Ce contenu est bloqu\u00e9 car vous n&rsquo;avez pas accept\u00e9 les cookies et autres traceurs.<\/p>\n<p>En cliquant sur \u00ab J\u2019accepte \u00bb, les cookies et autres traceurs seront d\u00e9pos\u00e9s et vous pourrez visualiser les contenus  (<a href=\"\" class=\"consentModule_policy\" target=\"_blank\" title=\"Consulter la politique de protection des donn\u00e9es du fournisseur\">plus d&rsquo;informations<\/a>).<\/p>\n<p>En cliquant sur \u00ab J\u2019accepte tous les cookies \u00bb, vous autorisez des d\u00e9p\u00f4ts de cookies et autres traceurs pour le stockage de vos donn\u00e9es sur nos sites et applications \u00e0 des fins de personnalisation et de ciblage publicitaire.<\/p>\n<p class=\"consentModule_secondaryText\">Vous gardez la possibilit\u00e9 de retirer votre consentement \u00e0 tout moment en consultant notre <a href=\"https:\/\/www.bienpublic.com\/protection-des-donnees\" target=\"_blank\" title=\"Consulter notre politique de protection des donn\u00e9es\" rel=\"noopener\">politique de protection des donn\u00e9es<\/a>. <br \/>&#13;<br \/>\n            <a href=\"https:\/\/www.bienpublic.com\/sport\/2025\/09\/30\/javascript:Didomi.notice.show()\" class=\"consentModule_cmp\" target=\"_blank\" rel=\"noopener\">G\u00e9rer mes choix<\/a>&#13;\n        <\/p>\n<p>&#13;<br \/>\n                        J&rsquo;accepte&#13;<br \/>\n            J&rsquo;accepte tous les cookies&#13;\n        <\/p>\n","protected":false},"excerpt":{"rendered":"Dimanche dernier, le Dijonnais d&rsquo;adoption, Julien Bernard avait \u00e9t\u00e9 l&rsquo;un des animateurs de la premi\u00e8re partie de course&hellip;\n","protected":false},"author":2,"featured_media":438209,"comment_status":"","ping_status":"","sticky":false,"template":"","format":"standard","meta":{"footnotes":""},"categories":[1411],"tags":[2931,1154,207,2930,107,1701,1011,27,56528,517,60],"class_list":{"0":"post-438208","1":"post","2":"type-post","3":"status-publish","4":"format-standard","5":"has-post-thumbnail","7":"category-cyclisme","8":"tag-cote-dor","9":"tag-cycling","10":"tag-cyclisme","11":"tag-dijon","12":"tag-fil-info","13":"tag-fil-info-sport","14":"tag-fr","15":"tag-france","16":"tag-scod-sprinter-club-olympique-dijon","17":"tag-sport","18":"tag-sports"},"share_on_mastodon":{"url":"https:\/\/pubeurope.com\/@fr\/115314945182235861","error":""},"_links":{"self":[{"href":"https:\/\/www.europesays.com\/fr\/wp-json\/wp\/v2\/posts\/438208","targetHints":{"allow":["GET"]}}],"collection":[{"href":"https:\/\/www.europesays.com\/fr\/wp-json\/wp\/v2\/posts"}],"about":[{"href":"https:\/\/www.europesays.com\/fr\/wp-json\/wp\/v2\/types\/post"}],"author":[{"embeddable":true,"href":"https:\/\/www.europesays.com\/fr\/wp-json\/wp\/v2\/users\/2"}],"replies":[{"embeddable":true,"href":"https:\/\/www.europesays.com\/fr\/wp-json\/wp\/v2\/comments?post=438208"}],"version-history":[{"count":0,"href":"https:\/\/www.europesays.com\/fr\/wp-json\/wp\/v2\/posts\/438208\/revisions"}],"wp:featuredmedia":[{"embeddable":true,"href":"https:\/\/www.europesays.com\/fr\/wp-json\/wp\/v2\/media\/438209"}],"wp:attachment":[{"href":"https:\/\/www.europesays.com\/fr\/wp-json\/wp\/v2\/media?parent=438208"}],"wp:term":[{"taxonomy":"category","embeddable":true,"href":"https:\/\/www.europesays.com\/fr\/wp-json\/wp\/v2\/categories?post=438208"},{"taxonomy":"post_tag","embeddable":true,"href":"https:\/\/www.europesays.com\/fr\/wp-json\/wp\/v2\/tags?post=438208"}],"curies":[{"name":"wp","href":"https:\/\/api.w.org\/{rel}","templated":true}]}}