{"id":43821,"date":"2025-04-22T11:21:36","date_gmt":"2025-04-22T11:21:36","guid":{"rendered":"https:\/\/www.europesays.com\/fr\/43821\/"},"modified":"2025-04-22T11:21:36","modified_gmt":"2025-04-22T11:21:36","slug":"les-tribunes-vip-de-lou-rugby-montpellier-le-heros-cest-le-lou","status":"publish","type":"post","link":"https:\/\/www.europesays.com\/fr\/43821\/","title":{"rendered":"Les tribunes VIP de LOU Rugby \u2013 Montpellier. Le h\u00e9ros, c\u2019est le LOU !"},"content":{"rendered":"<p>\t\t\t\t<img fetchpriority=\"high\" decoding=\"async\" width=\"900\" height=\"569\" src=\"https:\/\/www.europesays.com\/fr\/wp-content\/uploads\/2025\/04\/01-Lou-Rugby-04.25-MS.jpg\" alt=\"\" title=\"01 Lou Rugby 04.25 MS\"   class=\"wp-image-158504\"\/><\/p>\n<p>Photos \u00a9 Saby Maviel pour Lyon People <\/p>\n<p style=\"font-weight: 400;\"><strong>Texte\u00a0: Jean-Marie Nauleau avec MC \u2013 <\/strong>Qualifi\u00e9 pour les demi-finales de Challenge Cup, le LOU Rugby a prolong\u00e9 sa belle s\u00e9rie sur le territoire national. Gr\u00e2ce \u00e0 leur succ\u00e8s face \u00e0 Montpellier (32-23), les Lyonnais en ont m\u00eame profit\u00e9 pour retrouver leur place dans le Top 6.<\/p>\n<p style=\"font-weight: 400;\">La lutte s\u2019annonce f\u00e9roce pour prendre place dans le wagon final. Pour composter son billet, il y a m\u00eame fort \u00e0 parier que le LOU Rugby devra batailler jusqu\u2019\u00e0 l\u2019ultime journ\u00e9e. Pour autant, la meute rouge et noire semble arm\u00e9e pour relever le d\u00e9fi. Les hommes de <strong>Karim Ghezal<\/strong> en ont fait la d\u00e9monstration en s\u2019imposant au forceps contre Montpellier (32-23), concurrent direct aux phases finales.<\/p>\n<p><a href=\"https:\/\/www.lyonpeople.com\/actualites-lyon\/actualites-sportives\/les-tribunes-vip-de-lou-rugby-montpellier-le-heros-cest-le-lou-2025-04-22.html\/attachment\/03-lou-rugby-04-25-ms\" rel=\"attachment wp-att-158505 nofollow noopener\" target=\"_blank\"><img loading=\"lazy\" decoding=\"async\" class=\"lazy lazy-hidden alignnone size-full wp-image-158505\" data-lazy-type=\"image\" src=\"https:\/\/www.europesays.com\/fr\/wp-content\/uploads\/2025\/04\/03-Lou-Rugby-04.25-MS.jpg\" alt=\"\" width=\"900\" height=\"600\"  \/><\/a><\/p>\n<p style=\"font-weight: 400;\">Pour arriver \u00e0 leurs fins, les Lyonnais ont pu compter sur leur r\u00e9alisme et les r\u00e9alisations de <strong>Maraku<\/strong>, <strong>Marchand<\/strong>, <strong>Couilloud<\/strong> et de <strong>Davit Niniashvili<\/strong>, m\u00eame priv\u00e9 de sa c\u00e9l\u00e8bre moustache. Une victoire qui permet au LOU Rugby de confirmer sa solidit\u00e9 actuelle \u00e0 domicile. Un atout \u00e0 conserver pour prolonger le plaisir en juin prochain. Avec peut-\u00eatre d\u2019ici l\u00e0, une belle surprise europ\u00e9enne \u00e0 ranger dans l\u2019armoire \u00e0 troph\u00e9es. Sans oublier ce derby \u00e0 remporter, face \u00e0 Clermont, d\u00e8s ce samedi.<\/p>\n<p><a href=\"https:\/\/www.lyonpeople.com\/actualites-lyon\/actualites-sportives\/les-tribunes-vip-de-lou-rugby-montpellier-le-heros-cest-le-lou-2025-04-22.html\/attachment\/05-lou-rugby-04-25-ms\" rel=\"attachment wp-att-158506 nofollow noopener\" target=\"_blank\"><img loading=\"lazy\" decoding=\"async\" class=\"lazy lazy-hidden alignnone size-full wp-image-158506\" data-lazy-type=\"image\" src=\"https:\/\/www.europesays.com\/fr\/wp-content\/uploads\/2025\/04\/05-Lou-Rugby-04.25-MS.jpg\" alt=\"\" width=\"900\" height=\"600\"  \/><\/a><\/p>\n<p style=\"font-weight: 400;\">&gt;Prochain match \u00e0 domicile le dimanche 4 mai, \u00e0 13h30, pour les demi-finales de Challenge Cup face au Racing 92.<\/p>\n<p style=\"font-weight: 400; text-align: center;\"><strong>LOU Rugby 32 \u2013 Montpellier 23<br \/>Samedi 19 avril 2025<\/strong><\/p>\n<p>                                <a href=\"https:\/\/www.europesays.com\/fr\/wp-content\/uploads\/2025\/04\/1-Lou-Rugby-04.25-MS.jpg\" title=\"1. Roger Cesa et Michel Jouty, les anciens pr\u00e9sidents du LOU Rugby\" data-rl_title=\"1. Roger Cesa et Michel Jouty, les anciens pr\u00e9sidents du LOU Rugby\" class=\"rl-gallery-link\" data-rl_caption=\"\" data-rel=\"lightbox-gallery-bGlnaHRib3gtZ2FsbGVyeS0w\" data-rl_><img loading=\"lazy\" decoding=\"async\" width=\"900\" height=\"600\" data-lazy-type=\"image\" src=\"https:\/\/www.europesays.com\/fr\/wp-content\/uploads\/2025\/04\/1-Lou-Rugby-04.25-MS.jpg\" class=\"lazy lazy-hidden attachment-large size-large\" alt=\"\" aria-describedby=\"gallery--158543\"  \/><\/a><\/p>\n<p>\n                                1. Roger Cesa et Michel Jouty, les anciens pr\u00e9sidents du LOU Rugby <\/p>\n<p>                                <a href=\"https:\/\/www.europesays.com\/fr\/wp-content\/uploads\/2025\/04\/2-Lou-Rugby-04.25-MS.jpg\" title=\"2. Marc Fraysse (CAPZEN Services), Mathieu Renaud (Actu events), Jean-Marc Ceccarelli (BNP Paribas), Aur\u00e9lien Berthelet, directeur g\u00e9n\u00e9ral des Cars Berthelet et Guy Mathiolon, pr\u00e9sident de Serfim\" data-rl_title=\"2. Marc Fraysse (CAPZEN Services), Mathieu Renaud (Actu events), Jean-Marc Ceccarelli (BNP Paribas), Aur\u00e9lien Berthelet, directeur g\u00e9n\u00e9ral des Cars Berthelet et Guy Mathiolon, pr\u00e9sident de Serfim\" class=\"rl-gallery-link\" data-rl_caption=\"\" data-rel=\"lightbox-gallery-bGlnaHRib3gtZ2FsbGVyeS0w\" data-rl_><img loading=\"lazy\" decoding=\"async\" width=\"900\" height=\"600\" data-lazy-type=\"image\" src=\"https:\/\/www.europesays.com\/fr\/wp-content\/uploads\/2025\/04\/2-Lou-Rugby-04.25-MS.jpg\" class=\"lazy lazy-hidden attachment-large size-large\" alt=\"\" aria-describedby=\"gallery--158507\"  \/><\/a><\/p>\n<p>\n                                2. Marc Fraysse (CAPZEN Services), Mathieu Renaud (Actu events), Jean-Marc Ceccarelli (BNP Paribas), Aur\u00e9lien Berthelet, directeur g\u00e9n\u00e9ral des Cars Berthelet et Guy Mathiolon, pr\u00e9sident de Serfim  <\/p>\n<p><br style=\"clear: both\"\/><\/p>\n<p>                                <a href=\"https:\/\/www.europesays.com\/fr\/wp-content\/uploads\/2025\/04\/3-Lou-Rugby-04.25-MS.jpg\" title=\"3. Fran\u00e7oise Lirola (Swixim Immobilier) et Thierry Lirola (Serfim)\" data-rl_title=\"3. Fran\u00e7oise Lirola (Swixim Immobilier) et Thierry Lirola (Serfim)\" class=\"rl-gallery-link\" data-rl_caption=\"\" data-rel=\"lightbox-gallery-bGlnaHRib3gtZ2FsbGVyeS0w\" data-rl_><img loading=\"lazy\" decoding=\"async\" width=\"900\" height=\"600\" data-lazy-type=\"image\" src=\"https:\/\/www.europesays.com\/fr\/wp-content\/uploads\/2025\/04\/3-Lou-Rugby-04.25-MS.jpg\" class=\"lazy lazy-hidden attachment-large size-large\" alt=\"\" aria-describedby=\"gallery--158508\"  \/><\/a><\/p>\n<p>\n                                3. Fran\u00e7oise Lirola (Swixim Immobilier) et Thierry Lirola (Serfim) <\/p>\n<p>                                <a href=\"https:\/\/www.europesays.com\/fr\/wp-content\/uploads\/2025\/04\/4-Lou-Rugby-04.25-MS.jpg\" title=\"4. Yvan Patet (groupe EM2C) et Patrick Iliou (GL events)\" data-rl_title=\"4. Yvan Patet (groupe EM2C) et Patrick Iliou (GL events)\" class=\"rl-gallery-link\" data-rl_caption=\"\" data-rel=\"lightbox-gallery-bGlnaHRib3gtZ2FsbGVyeS0w\" data-rl_><img loading=\"lazy\" decoding=\"async\" width=\"900\" height=\"600\" data-lazy-type=\"image\" src=\"https:\/\/www.europesays.com\/fr\/wp-content\/uploads\/2025\/04\/4-Lou-Rugby-04.25-MS.jpg\" class=\"lazy lazy-hidden attachment-large size-large\" alt=\"\" aria-describedby=\"gallery--158509\"  \/><\/a><\/p>\n<p>\n                                4. Yvan Patet (groupe EM2C) et Patrick Iliou (GL events) <\/p>\n<p><br style=\"clear: both\"\/><\/p>\n<p>                                <a href=\"https:\/\/www.europesays.com\/fr\/wp-content\/uploads\/2025\/04\/5-Lou-Rugby-04.25-MS.jpg\" title=\"5. Fran\u00e7oise Lirola (Swixim Immobilier) et Pascale Mathiolon (Serfim)\" data-rl_title=\"5. Fran\u00e7oise Lirola (Swixim Immobilier) et Pascale Mathiolon (Serfim)\" class=\"rl-gallery-link\" data-rl_caption=\"\" data-rel=\"lightbox-gallery-bGlnaHRib3gtZ2FsbGVyeS0w\" data-rl_><img loading=\"lazy\" decoding=\"async\" width=\"900\" height=\"600\" data-lazy-type=\"image\" src=\"https:\/\/www.europesays.com\/fr\/wp-content\/uploads\/2025\/04\/5-Lou-Rugby-04.25-MS.jpg\" class=\"lazy lazy-hidden attachment-large size-large\" alt=\"\" aria-describedby=\"gallery--158510\"  \/><\/a><\/p>\n<p>\n                                5. Fran\u00e7oise Lirola (Swixim Immobilier) et Pascale Mathiolon (Serfim) <\/p>\n<p>                                <a href=\"https:\/\/www.europesays.com\/fr\/wp-content\/uploads\/2025\/04\/6-Lou-Rugby-04.25-MS.jpg\" title=\"6. Xavier Maitre (Hottinguer) et J\u00e9r\u00f4me Jordan\" data-rl_title=\"6. Xavier Maitre (Hottinguer) et J\u00e9r\u00f4me Jordan\" class=\"rl-gallery-link\" data-rl_caption=\"\" data-rel=\"lightbox-gallery-bGlnaHRib3gtZ2FsbGVyeS0w\" data-rl_><img loading=\"lazy\" decoding=\"async\" width=\"900\" height=\"600\" data-lazy-type=\"image\" src=\"https:\/\/www.europesays.com\/fr\/wp-content\/uploads\/2025\/04\/6-Lou-Rugby-04.25-MS.jpg\" class=\"lazy lazy-hidden attachment-large size-large\" alt=\"\" aria-describedby=\"gallery--158511\"  \/><\/a><\/p>\n<p>\n                                6. Xavier Maitre (Hottinguer) et J\u00e9r\u00f4me Jordan  <\/p>\n<p><br style=\"clear: both\"\/><\/p>\n<p>                                <a href=\"https:\/\/www.europesays.com\/fr\/wp-content\/uploads\/2025\/04\/7-Lou-Rugby-04.25-MS.jpg\" title=\"7. Ma\u00eetre Andr\u00e9 Soulier, avocat, Ma\u00eetre Roxanne Deucher, avocat (August Depouzy) et Marc Fraysse, pr\u00e9sident de CAPZEN Services,\" data-rl_title=\"7. Ma\u00eetre Andr\u00e9 Soulier, avocat, Ma\u00eetre Roxanne Deucher, avocat (August Depouzy) et Marc Fraysse, pr\u00e9sident de CAPZEN Services,\" class=\"rl-gallery-link\" data-rl_caption=\"\" data-rel=\"lightbox-gallery-bGlnaHRib3gtZ2FsbGVyeS0w\" data-rl_><img loading=\"lazy\" decoding=\"async\" width=\"900\" height=\"600\" data-lazy-type=\"image\" src=\"https:\/\/www.europesays.com\/fr\/wp-content\/uploads\/2025\/04\/7-Lou-Rugby-04.25-MS.jpg\" class=\"lazy lazy-hidden attachment-large size-large\" alt=\"\" aria-describedby=\"gallery--158512\"  \/><\/a><\/p>\n<p>\n                                7. Ma\u00eetre Andr\u00e9 Soulier, avocat, Ma\u00eetre Roxanne Deucher, avocat (August Depouzy) et Marc Fraysse, pr\u00e9sident de CAPZEN Services, <\/p>\n<p>                                <a href=\"https:\/\/www.europesays.com\/fr\/wp-content\/uploads\/2025\/04\/8-Lou-Rugby-04.25-MS.jpg\" title=\"8. Denis Tomasicchio (GL events) et Philippe Pasquet (GL events)\" data-rl_title=\"8. Denis Tomasicchio (GL events) et Philippe Pasquet (GL events)\" class=\"rl-gallery-link\" data-rl_caption=\"\" data-rel=\"lightbox-gallery-bGlnaHRib3gtZ2FsbGVyeS0w\" data-rl_><img loading=\"lazy\" decoding=\"async\" width=\"900\" height=\"600\" data-lazy-type=\"image\" src=\"https:\/\/www.europesays.com\/fr\/wp-content\/uploads\/2025\/04\/8-Lou-Rugby-04.25-MS.jpg\" class=\"lazy lazy-hidden attachment-large size-large\" alt=\"\" aria-describedby=\"gallery--158513\"  \/><\/a><\/p>\n<p>\n                                8. Denis Tomasicchio (GL events) et Philippe Pasquet (GL events) <\/p>\n<p><br style=\"clear: both\"\/><\/p>\n<p>                                <a href=\"https:\/\/www.europesays.com\/fr\/wp-content\/uploads\/2025\/04\/9-Lou-Rugby-04.25-MS.jpg\" title=\"9. Mathieu Renaud (Actu events), Sandra Chiritian (OL L\u00e9gendes) et S\u00e9bastien Michel, maire d\u2019\u00c9cully\" data-rl_title=\"9. Mathieu Renaud (Actu events), Sandra Chiritian (OL L\u00e9gendes) et S\u00e9bastien Michel, maire d\u2019\u00c9cully\" class=\"rl-gallery-link\" data-rl_caption=\"\" data-rel=\"lightbox-gallery-bGlnaHRib3gtZ2FsbGVyeS0w\" data-rl_><img loading=\"lazy\" decoding=\"async\" width=\"900\" height=\"600\" data-lazy-type=\"image\" src=\"https:\/\/www.europesays.com\/fr\/wp-content\/uploads\/2025\/04\/9-Lou-Rugby-04.25-MS.jpg\" class=\"lazy lazy-hidden attachment-large size-large\" alt=\"\" aria-describedby=\"gallery--158544\"  \/><\/a><\/p>\n<p>\n                                9. Mathieu Renaud (Actu events), Sandra Chiritian (OL L\u00e9gendes) et S\u00e9bastien Michel, maire d\u2019\u00c9cully  <\/p>\n<p>                                <a href=\"https:\/\/www.europesays.com\/fr\/wp-content\/uploads\/2025\/04\/10-Lou-Rugby-04.25-MS.jpg\" title=\"10. Am\u00e9lie Gachet et Olivier Camps (Mercedes-Benz Groupe Chopard)\" data-rl_title=\"10. Am\u00e9lie Gachet et Olivier Camps (Mercedes-Benz Groupe Chopard)\" class=\"rl-gallery-link\" data-rl_caption=\"\" data-rel=\"lightbox-gallery-bGlnaHRib3gtZ2FsbGVyeS0w\" data-rl_><img loading=\"lazy\" decoding=\"async\" width=\"900\" height=\"600\" data-lazy-type=\"image\" src=\"https:\/\/www.europesays.com\/fr\/wp-content\/uploads\/2025\/04\/10-Lou-Rugby-04.25-MS.jpg\" class=\"lazy lazy-hidden attachment-large size-large\" alt=\"\" aria-describedby=\"gallery--158514\"  \/><\/a><\/p>\n<p>\n                                10. Am\u00e9lie Gachet et Olivier Camps (Mercedes-Benz Groupe Chopard) <\/p>\n<p><br style=\"clear: both\"\/><\/p>\n<p>                                <a href=\"https:\/\/www.europesays.com\/fr\/wp-content\/uploads\/2025\/04\/11-Lou-Rugby-04.25-MS.jpg\" title=\"11.Catherine Arbaud (LOU Rugby) entour\u00e9e de Renaud Pfeffer, maire de Mornant, vice-pr\u00e9sident de la R\u00e9gion AURA, Aur\u00e9lien Berthelet, directeur g\u00e9n\u00e9ral des Cars Berthelet, Olivier Briat (Prefalu), Julien Bonnard (Full Sports) et Jean-Marc Ceccarelli (BNP Paribas)\" data-rl_title=\"11.Catherine Arbaud (LOU Rugby) entour\u00e9e de Renaud Pfeffer, maire de Mornant, vice-pr\u00e9sident de la R\u00e9gion AURA, Aur\u00e9lien Berthelet, directeur g\u00e9n\u00e9ral des Cars Berthelet, Olivier Briat (Prefalu), Julien Bonnard (Full Sports) et Jean-Marc Ceccarelli (BNP Paribas)\" class=\"rl-gallery-link\" data-rl_caption=\"\" data-rel=\"lightbox-gallery-bGlnaHRib3gtZ2FsbGVyeS0w\" data-rl_><img loading=\"lazy\" decoding=\"async\" width=\"900\" height=\"600\" data-lazy-type=\"image\" src=\"https:\/\/www.europesays.com\/fr\/wp-content\/uploads\/2025\/04\/11-Lou-Rugby-04.25-MS.jpg\" class=\"lazy lazy-hidden attachment-large size-large\" alt=\"\" aria-describedby=\"gallery--158515\"  \/><\/a><\/p>\n<p>\n                                11.Catherine Arbaud (LOU Rugby) entour\u00e9e de Renaud Pfeffer, maire de Mornant, vice-pr\u00e9sident de la R\u00e9gion AURA, Aur\u00e9lien Berthelet, directeur g\u00e9n\u00e9ral des Cars Berthelet, Olivier Briat (Prefalu), Julien Bonnard (Full Sports) et Jean-Marc Ceccarelli (BNP Paribas) <\/p>\n<p>                                <a href=\"https:\/\/www.europesays.com\/fr\/wp-content\/uploads\/2025\/04\/12-Lou-Rugby-04.25-MS.jpg\" title=\"12. Pierre Novarina (Mapahua), Bernard Reybier (Fermob) et Roland Tchenio (TT Investissement) `\" data-rl_title=\"12. Pierre Novarina (Mapahua), Bernard Reybier (Fermob) et Roland Tchenio (TT Investissement) `\" class=\"rl-gallery-link\" data-rl_caption=\"\" data-rel=\"lightbox-gallery-bGlnaHRib3gtZ2FsbGVyeS0w\" data-rl_><img loading=\"lazy\" decoding=\"async\" width=\"900\" height=\"600\" data-lazy-type=\"image\" src=\"https:\/\/www.europesays.com\/fr\/wp-content\/uploads\/2025\/04\/12-Lou-Rugby-04.25-MS.jpg\" class=\"lazy lazy-hidden attachment-large size-large\" alt=\"\" aria-describedby=\"gallery--158516\"  \/><\/a><\/p>\n<p>\n                                12. Pierre Novarina (Mapahua), Bernard Reybier (Fermob) et Roland Tchenio (TT Investissement)  ` <\/p>\n<p><br style=\"clear: both\"\/><\/p>\n<p>                                <a href=\"https:\/\/www.europesays.com\/fr\/wp-content\/uploads\/2025\/04\/13-Lou-Rugby-04.25-MS.jpg\" title=\"13. Sylvain Dagand (Biovan), Ludovic Casabiel (SATM Groupe Vicat) et Rapha\u00ebl Gas (Serfim)\" data-rl_title=\"13. Sylvain Dagand (Biovan), Ludovic Casabiel (SATM Groupe Vicat) et Rapha\u00ebl Gas (Serfim)\" class=\"rl-gallery-link\" data-rl_caption=\"\" data-rel=\"lightbox-gallery-bGlnaHRib3gtZ2FsbGVyeS0w\" data-rl_><img loading=\"lazy\" decoding=\"async\" width=\"900\" height=\"600\" data-lazy-type=\"image\" src=\"https:\/\/www.europesays.com\/fr\/wp-content\/uploads\/2025\/04\/13-Lou-Rugby-04.25-MS.jpg\" class=\"lazy lazy-hidden attachment-large size-large\" alt=\"\" aria-describedby=\"gallery--158517\"  \/><\/a><\/p>\n<p>\n                                13. Sylvain Dagand (Biovan), Ludovic Casabiel (SATM Groupe Vicat) et Rapha\u00ebl Gas (Serfim) <\/p>\n<p>                                <a href=\"https:\/\/www.europesays.com\/fr\/wp-content\/uploads\/2025\/04\/14-Lou-Rugby-04.25-MS.jpg\" title=\"14. Delphine Deniger (Biovan), Lionel Mounier (Thermo), Natacha Gas (Serfim) et Laurence Mounier\" data-rl_title=\"14. Delphine Deniger (Biovan), Lionel Mounier (Thermo), Natacha Gas (Serfim) et Laurence Mounier\" class=\"rl-gallery-link\" data-rl_caption=\"\" data-rel=\"lightbox-gallery-bGlnaHRib3gtZ2FsbGVyeS0w\" data-rl_><img loading=\"lazy\" decoding=\"async\" width=\"900\" height=\"600\" data-lazy-type=\"image\" src=\"https:\/\/www.europesays.com\/fr\/wp-content\/uploads\/2025\/04\/14-Lou-Rugby-04.25-MS.jpg\" class=\"lazy lazy-hidden attachment-large size-large\" alt=\"\" aria-describedby=\"gallery--158518\"  \/><\/a><\/p>\n<p>\n                                14. Delphine Deniger (Biovan), Lionel Mounier (Thermo), Natacha Gas (Serfim) et Laurence Mounier <\/p>\n<p><br style=\"clear: both\"\/><\/p>\n<p>                                <a href=\"https:\/\/www.europesays.com\/fr\/wp-content\/uploads\/2025\/04\/15-Lou-Rugby-04.25-MS.jpg\" title=\"15. Roland Guillon (Carrefour) et Jean-Pierre Gilquin, conseil \u00e9conomique social et environnemental Auvergne-Rh\u00f4ne-Alpes\" data-rl_title=\"15. Roland Guillon (Carrefour) et Jean-Pierre Gilquin, conseil \u00e9conomique social et environnemental Auvergne-Rh\u00f4ne-Alpes\" class=\"rl-gallery-link\" data-rl_caption=\"\" data-rel=\"lightbox-gallery-bGlnaHRib3gtZ2FsbGVyeS0w\" data-rl_><img loading=\"lazy\" decoding=\"async\" width=\"900\" height=\"600\" data-lazy-type=\"image\" src=\"https:\/\/www.europesays.com\/fr\/wp-content\/uploads\/2025\/04\/15-Lou-Rugby-04.25-MS.jpg\" class=\"lazy lazy-hidden attachment-large size-large\" alt=\"\" aria-describedby=\"gallery--158519\"  \/><\/a><\/p>\n<p>\n                                15. Roland Guillon (Carrefour) et Jean-Pierre Gilquin, conseil \u00e9conomique social et environnemental Auvergne-Rh\u00f4ne-Alpes <\/p>\n<p>                                <a href=\"https:\/\/www.europesays.com\/fr\/wp-content\/uploads\/2025\/04\/16-Lou-Rugby-04.25-MS.jpg\" title=\"16. Le G\u00e9n\u00e9ral Jean-Fran\u00e7ois Chaulet et Jean-Pierre Gagneux (6e Sens Immobilier)\" data-rl_title=\"16. Le G\u00e9n\u00e9ral Jean-Fran\u00e7ois Chaulet et Jean-Pierre Gagneux (6e Sens Immobilier)\" class=\"rl-gallery-link\" data-rl_caption=\"\" data-rel=\"lightbox-gallery-bGlnaHRib3gtZ2FsbGVyeS0w\" data-rl_><img loading=\"lazy\" decoding=\"async\" width=\"900\" height=\"600\" data-lazy-type=\"image\" src=\"https:\/\/www.europesays.com\/fr\/wp-content\/uploads\/2025\/04\/16-Lou-Rugby-04.25-MS.jpg\" class=\"lazy lazy-hidden attachment-large size-large\" alt=\"\" aria-describedby=\"gallery--158520\"  \/><\/a><\/p>\n<p>\n                                16. Le G\u00e9n\u00e9ral Jean-Fran\u00e7ois Chaulet et Jean-Pierre Gagneux (6e Sens Immobilier) <\/p>\n<p><br style=\"clear: both\"\/><\/p>\n<p>                                <a href=\"https:\/\/www.europesays.com\/fr\/wp-content\/uploads\/2025\/04\/17-Lou-Rugby-04.25-MS.jpg\" title=\"17. Jean-Philippe Morat (Recherche Appartement ou Maison) et Arnaud Friso (Restaurant les Charlyrots)\" data-rl_title=\"17. Jean-Philippe Morat (Recherche Appartement ou Maison) et Arnaud Friso (Restaurant les Charlyrots)\" class=\"rl-gallery-link\" data-rl_caption=\"\" data-rel=\"lightbox-gallery-bGlnaHRib3gtZ2FsbGVyeS0w\" data-rl_><img loading=\"lazy\" decoding=\"async\" width=\"900\" height=\"600\" data-lazy-type=\"image\" src=\"https:\/\/www.europesays.com\/fr\/wp-content\/uploads\/2025\/04\/17-Lou-Rugby-04.25-MS.jpg\" class=\"lazy lazy-hidden attachment-large size-large\" alt=\"\" aria-describedby=\"gallery--158521\"  \/><\/a><\/p>\n<p>\n                                17. Jean-Philippe Morat (Recherche Appartement ou Maison) et Arnaud Friso (Restaurant les Charlyrots) <\/p>\n<p>                                <a href=\"https:\/\/www.europesays.com\/fr\/wp-content\/uploads\/2025\/04\/18-Lou-Rugby-04.25-MS.jpg\" title=\"18. Hugo Martin (Parasite Design) et Xavier Maitre (Hottinguer)\" data-rl_title=\"18. Hugo Martin (Parasite Design) et Xavier Maitre (Hottinguer)\" class=\"rl-gallery-link\" data-rl_caption=\"\" data-rel=\"lightbox-gallery-bGlnaHRib3gtZ2FsbGVyeS0w\" data-rl_><img loading=\"lazy\" decoding=\"async\" width=\"900\" height=\"600\" data-lazy-type=\"image\" src=\"https:\/\/www.europesays.com\/fr\/wp-content\/uploads\/2025\/04\/18-Lou-Rugby-04.25-MS.jpg\" class=\"lazy lazy-hidden attachment-large size-large\" alt=\"\" aria-describedby=\"gallery--158522\"  \/><\/a><\/p>\n<p>\n                                18. Hugo Martin (Parasite Design) et Xavier Maitre (Hottinguer)  <\/p>\n<p><br style=\"clear: both\"\/><\/p>\n<p>                                <a href=\"https:\/\/www.europesays.com\/fr\/wp-content\/uploads\/2025\/04\/19-Lou-Rugby-04.25-MS.jpg\" title=\"19. Laure Delabeye, son \u00e9poux Claude et Jacques-Edouard Charret\" data-rl_title=\"19. Laure Delabeye, son \u00e9poux Claude et Jacques-Edouard Charret\" class=\"rl-gallery-link\" data-rl_caption=\"\" data-rel=\"lightbox-gallery-bGlnaHRib3gtZ2FsbGVyeS0w\" data-rl_><img loading=\"lazy\" decoding=\"async\" width=\"900\" height=\"600\" data-lazy-type=\"image\" src=\"https:\/\/www.europesays.com\/fr\/wp-content\/uploads\/2025\/04\/19-Lou-Rugby-04.25-MS.jpg\" class=\"lazy lazy-hidden attachment-large size-large\" alt=\"\" aria-describedby=\"gallery--158523\"  \/><\/a><\/p>\n<p>\n                                19. Laure Delabeye, son \u00e9poux Claude et Jacques-Edouard Charret  <\/p>\n<p>                                <a href=\"https:\/\/www.europesays.com\/fr\/wp-content\/uploads\/2025\/04\/20-Lou-Rugby-04.25-MS.jpg\" title=\"20. Geoffrey Berthet, Gyn\u00e9cologue et Arthur Schwindenhammer (Implid)\" data-rl_title=\"20. Geoffrey Berthet, Gyn\u00e9cologue et Arthur Schwindenhammer (Implid)\" class=\"rl-gallery-link\" data-rl_caption=\"\" data-rel=\"lightbox-gallery-bGlnaHRib3gtZ2FsbGVyeS0w\" data-rl_><img loading=\"lazy\" decoding=\"async\" width=\"900\" height=\"600\" data-lazy-type=\"image\" src=\"https:\/\/www.europesays.com\/fr\/wp-content\/uploads\/2025\/04\/20-Lou-Rugby-04.25-MS.jpg\" class=\"lazy lazy-hidden attachment-large size-large\" alt=\"\" aria-describedby=\"gallery--158524\"  \/><\/a><\/p>\n<p>\n                                20. Geoffrey Berthet, Gyn\u00e9cologue et Arthur Schwindenhammer (Implid) <\/p>\n<p><br style=\"clear: both\"\/><\/p>\n<p>                                <a href=\"https:\/\/www.europesays.com\/fr\/wp-content\/uploads\/2025\/04\/21-Lou-Rugby-04.25-MS.jpg\" title=\"21. Jean-Marie Nauleau (Lyon People) et Philippe Lesoil (Groupe Maia Energie)\" data-rl_title=\"21. Jean-Marie Nauleau (Lyon People) et Philippe Lesoil (Groupe Maia Energie)\" class=\"rl-gallery-link\" data-rl_caption=\"\" data-rel=\"lightbox-gallery-bGlnaHRib3gtZ2FsbGVyeS0w\" data-rl_><img loading=\"lazy\" decoding=\"async\" width=\"900\" height=\"600\" data-lazy-type=\"image\" src=\"https:\/\/www.europesays.com\/fr\/wp-content\/uploads\/2025\/04\/21-Lou-Rugby-04.25-MS.jpg\" class=\"lazy lazy-hidden attachment-large size-large\" alt=\"\" aria-describedby=\"gallery--158525\"  \/><\/a><\/p>\n<p>\n                                21. Jean-Marie Nauleau (Lyon People) et Philippe Lesoil (Groupe Maia Energie) <\/p>\n<p>                                <a href=\"https:\/\/www.europesays.com\/fr\/wp-content\/uploads\/2025\/04\/22-Lou-Rugby-04.25-MS.jpg\" title=\"22. Laurent Erahardt et St\u00e9phanie Launay (Le Rugby Club)\" data-rl_title=\"22. Laurent Erahardt et St\u00e9phanie Launay (Le Rugby Club)\" class=\"rl-gallery-link\" data-rl_caption=\"\" data-rel=\"lightbox-gallery-bGlnaHRib3gtZ2FsbGVyeS0w\" data-rl_><img loading=\"lazy\" decoding=\"async\" width=\"900\" height=\"600\" data-lazy-type=\"image\" src=\"https:\/\/www.europesays.com\/fr\/wp-content\/uploads\/2025\/04\/22-Lou-Rugby-04.25-MS.jpg\" class=\"lazy lazy-hidden attachment-large size-large\" alt=\"\" aria-describedby=\"gallery--158526\"  \/><\/a><\/p>\n<p>\n                                22. Laurent Erahardt et St\u00e9phanie Launay (Le Rugby Club) <\/p>\n<p><br style=\"clear: both\"\/><\/p>\n<p>                                <a href=\"https:\/\/www.europesays.com\/fr\/wp-content\/uploads\/2025\/04\/23-Lou-Rugby-04.25-MS.jpg\" title=\"23. Emanuel Maillet (April) et Nicolas Dusson (Exiom)\" data-rl_title=\"23. Emanuel Maillet (April) et Nicolas Dusson (Exiom)\" class=\"rl-gallery-link\" data-rl_caption=\"\" data-rel=\"lightbox-gallery-bGlnaHRib3gtZ2FsbGVyeS0w\" data-rl_><img loading=\"lazy\" decoding=\"async\" width=\"900\" height=\"600\" data-lazy-type=\"image\" src=\"https:\/\/www.europesays.com\/fr\/wp-content\/uploads\/2025\/04\/23-Lou-Rugby-04.25-MS.jpg\" class=\"lazy lazy-hidden attachment-large size-large\" alt=\"\" aria-describedby=\"gallery--158527\"  \/><\/a><\/p>\n<p>\n                                23. Emanuel Maillet (April) et Nicolas Dusson (Exiom) <\/p>\n<p>                                <a href=\"https:\/\/www.europesays.com\/fr\/wp-content\/uploads\/2025\/04\/24-Lou-Rugby-04.25-MS.jpg\" title=\"24. St\u00e9phane Corgier (Pays de l\u2019Arbresle Rugby Club), C\u00e9line Farnier (Omnisport de Lyon) et Guillaume Soubeyrand (Rugby Des Monts)\" data-rl_title=\"24. St\u00e9phane Corgier (Pays de l\u2019Arbresle Rugby Club), C\u00e9line Farnier (Omnisport de Lyon) et Guillaume Soubeyrand (Rugby Des Monts)\" class=\"rl-gallery-link\" data-rl_caption=\"\" data-rel=\"lightbox-gallery-bGlnaHRib3gtZ2FsbGVyeS0w\" data-rl_><img loading=\"lazy\" decoding=\"async\" width=\"900\" height=\"600\" data-lazy-type=\"image\" src=\"https:\/\/www.europesays.com\/fr\/wp-content\/uploads\/2025\/04\/24-Lou-Rugby-04.25-MS.jpg\" class=\"lazy lazy-hidden attachment-large size-large\" alt=\"\" aria-describedby=\"gallery--158528\"  \/><\/a><\/p>\n<p>\n                                24. St\u00e9phane Corgier (Pays de l\u2019Arbresle Rugby Club), C\u00e9line Farnier (Omnisport de Lyon) et Guillaume Soubeyrand (Rugby Des Monts) <\/p>\n<p><br style=\"clear: both\"\/><\/p>\n<p>                                <a href=\"https:\/\/www.europesays.com\/fr\/wp-content\/uploads\/2025\/04\/25-Lou-Rugby-04.25-MS.jpg\" title=\"25. Mathieu de Salins (Profil) et Capucine Iliou, ost\u00e9opathe\" data-rl_title=\"25. Mathieu de Salins (Profil) et Capucine Iliou, ost\u00e9opathe\" class=\"rl-gallery-link\" data-rl_caption=\"\" data-rel=\"lightbox-gallery-bGlnaHRib3gtZ2FsbGVyeS0w\" data-rl_><img loading=\"lazy\" decoding=\"async\" width=\"900\" height=\"600\" data-lazy-type=\"image\" src=\"https:\/\/www.europesays.com\/fr\/wp-content\/uploads\/2025\/04\/25-Lou-Rugby-04.25-MS.jpg\" class=\"lazy lazy-hidden attachment-large size-large\" alt=\"\" aria-describedby=\"gallery--158529\"  \/><\/a><\/p>\n<p>\n                                25. Mathieu de Salins (Profil) et Capucine Iliou, ost\u00e9opathe <\/p>\n<p>                                <a href=\"https:\/\/www.europesays.com\/fr\/wp-content\/uploads\/2025\/04\/26-Lou-Rugby-04.25-MS.jpg\" title=\"26. Arnaud Friso (Restaurant les Charlyrots), Benoist Campion et Olivier Araujo, maire de Charly\" data-rl_title=\"26. Arnaud Friso (Restaurant les Charlyrots), Benoist Campion et Olivier Araujo, maire de Charly\" class=\"rl-gallery-link\" data-rl_caption=\"\" data-rel=\"lightbox-gallery-bGlnaHRib3gtZ2FsbGVyeS0w\" data-rl_><img loading=\"lazy\" decoding=\"async\" width=\"900\" height=\"600\" data-lazy-type=\"image\" src=\"https:\/\/www.europesays.com\/fr\/wp-content\/uploads\/2025\/04\/26-Lou-Rugby-04.25-MS.jpg\" class=\"lazy lazy-hidden attachment-large size-large\" alt=\"\" aria-describedby=\"gallery--158530\"  \/><\/a><\/p>\n<p>\n                                26. Arnaud Friso (Restaurant les Charlyrots), Benoist Campion et Olivier Araujo, maire de Charly <\/p>\n<p><br style=\"clear: both\"\/><\/p>\n<p>                                <a href=\"https:\/\/www.europesays.com\/fr\/wp-content\/uploads\/2025\/04\/27-Lou-Rugby-04.25-MS.jpg\" title=\"27. Kevin Esmieu (LOU Rugby), Marie Brunel (Addev Materials) et son \u00e9poux Franck (Mascot Workwear)\" data-rl_title=\"27. Kevin Esmieu (LOU Rugby), Marie Brunel (Addev Materials) et son \u00e9poux Franck (Mascot Workwear)\" class=\"rl-gallery-link\" data-rl_caption=\"\" data-rel=\"lightbox-gallery-bGlnaHRib3gtZ2FsbGVyeS0w\" data-rl_><img loading=\"lazy\" decoding=\"async\" width=\"900\" height=\"600\" data-lazy-type=\"image\" src=\"https:\/\/www.europesays.com\/fr\/wp-content\/uploads\/2025\/04\/27-Lou-Rugby-04.25-MS.jpg\" class=\"lazy lazy-hidden attachment-large size-large\" alt=\"\" aria-describedby=\"gallery--158531\"  \/><\/a><\/p>\n<p>\n                                27. Kevin Esmieu (LOU Rugby), Marie Brunel (Addev Materials) et son \u00e9poux Franck (Mascot Workwear) <\/p>\n<p>                                <a href=\"https:\/\/www.europesays.com\/fr\/wp-content\/uploads\/2025\/04\/28-Lou-Rugby-04.25-MS.jpg\" title=\"28. Florent Faurisson (Dio Siaci) et Ma\u00eetre Terence Wilhelm (Cara Avocats)\" data-rl_title=\"28. Florent Faurisson (Dio Siaci) et Ma\u00eetre Terence Wilhelm (Cara Avocats)\" class=\"rl-gallery-link\" data-rl_caption=\"\" data-rel=\"lightbox-gallery-bGlnaHRib3gtZ2FsbGVyeS0w\" data-rl_><img loading=\"lazy\" decoding=\"async\" width=\"900\" height=\"600\" data-lazy-type=\"image\" src=\"https:\/\/www.europesays.com\/fr\/wp-content\/uploads\/2025\/04\/28-Lou-Rugby-04.25-MS.jpg\" class=\"lazy lazy-hidden attachment-large size-large\" alt=\"\" aria-describedby=\"gallery--158532\"  \/><\/a><\/p>\n<p>\n                                28. Florent Faurisson (Dio Siaci) et Ma\u00eetre Terence Wilhelm (Cara Avocats) <\/p>\n<p><br style=\"clear: both\"\/><\/p>\n<p>                                <a href=\"https:\/\/www.europesays.com\/fr\/wp-content\/uploads\/2025\/04\/29-Lou-Rugby-04.25-MS.jpg\" title=\"29. Sophie Sidos, pr\u00e9sidente du MEDEF 38 entour\u00e9e de Michel Noir, ancien maire de Lyon et de son fils Philippe, architecte (Factory Architectes)\" data-rl_title=\"29. Sophie Sidos, pr\u00e9sidente du MEDEF 38 entour\u00e9e de Michel Noir, ancien maire de Lyon et de son fils Philippe, architecte (Factory Architectes)\" class=\"rl-gallery-link\" data-rl_caption=\"\" data-rel=\"lightbox-gallery-bGlnaHRib3gtZ2FsbGVyeS0w\" data-rl_><img loading=\"lazy\" decoding=\"async\" width=\"900\" height=\"600\" data-lazy-type=\"image\" src=\"https:\/\/www.europesays.com\/fr\/wp-content\/uploads\/2025\/04\/29-Lou-Rugby-04.25-MS.jpg\" class=\"lazy lazy-hidden attachment-large size-large\" alt=\"\" aria-describedby=\"gallery--158533\"  \/><\/a><\/p>\n<p>\n                                29. Sophie Sidos, pr\u00e9sidente du MEDEF 38 entour\u00e9e de Michel Noir, ancien maire de Lyon et de son fils Philippe, architecte (Factory Architectes) <\/p>\n<p>                                <a href=\"https:\/\/www.europesays.com\/fr\/wp-content\/uploads\/2025\/04\/30-Lou-Rugby-04.25-MS.jpg\" title=\"30. Jean-Pierre Chevallard (2JB), Jean-Pierre Gagneux (6e Sens Immobilier) et Jean-Claude Pietrocola (Ovalgreen)\" data-rl_title=\"30. Jean-Pierre Chevallard (2JB), Jean-Pierre Gagneux (6e Sens Immobilier) et Jean-Claude Pietrocola (Ovalgreen)\" class=\"rl-gallery-link\" data-rl_caption=\"\" data-rel=\"lightbox-gallery-bGlnaHRib3gtZ2FsbGVyeS0w\" data-rl_><img loading=\"lazy\" decoding=\"async\" width=\"900\" height=\"600\" data-lazy-type=\"image\" src=\"https:\/\/www.europesays.com\/fr\/wp-content\/uploads\/2025\/04\/30-Lou-Rugby-04.25-MS.jpg\" class=\"lazy lazy-hidden attachment-large size-large\" alt=\"\" aria-describedby=\"gallery--158534\"  \/><\/a><\/p>\n<p>\n                                30. Jean-Pierre Chevallard (2JB), Jean-Pierre Gagneux (6e Sens Immobilier) et Jean-Claude Pietrocola (Ovalgreen) <\/p>\n<p><br style=\"clear: both\"\/><\/p>\n<p>                                <a href=\"https:\/\/www.europesays.com\/fr\/wp-content\/uploads\/2025\/04\/31-Lou-Rugby-04.25-MS.jpg\" title=\"31. S\u00e9bastien Michel, maire d\u2019Ecully, Bernard Reybier (Fermob), Alexandra Fratti (LOU Rugby) et Pierre Novarina (Mapahua)\" data-rl_title=\"31. S\u00e9bastien Michel, maire d\u2019Ecully, Bernard Reybier (Fermob), Alexandra Fratti (LOU Rugby) et Pierre Novarina (Mapahua)\" class=\"rl-gallery-link\" data-rl_caption=\"\" data-rel=\"lightbox-gallery-bGlnaHRib3gtZ2FsbGVyeS0w\" data-rl_><img loading=\"lazy\" decoding=\"async\" width=\"900\" height=\"600\" data-lazy-type=\"image\" src=\"https:\/\/www.europesays.com\/fr\/wp-content\/uploads\/2025\/04\/31-Lou-Rugby-04.25-MS.jpg\" class=\"lazy lazy-hidden attachment-large size-large\" alt=\"\" aria-describedby=\"gallery--158535\"  \/><\/a><\/p>\n<p>\n                                31. S\u00e9bastien Michel, maire d\u2019Ecully, Bernard Reybier (Fermob), Alexandra Fratti (LOU Rugby) et Pierre Novarina (Mapahua) <\/p>\n<p>                                <a href=\"https:\/\/www.europesays.com\/fr\/wp-content\/uploads\/2025\/04\/32-Lou-Rugby-04.25-MS.jpg\" title=\"32. Pascal Marcou et Michel Coste (LOU Rugby)\" data-rl_title=\"32. Pascal Marcou et Michel Coste (LOU Rugby)\" class=\"rl-gallery-link\" data-rl_caption=\"\" data-rel=\"lightbox-gallery-bGlnaHRib3gtZ2FsbGVyeS0w\" data-rl_><img loading=\"lazy\" decoding=\"async\" width=\"900\" height=\"600\" data-lazy-type=\"image\" src=\"https:\/\/www.europesays.com\/fr\/wp-content\/uploads\/2025\/04\/32-Lou-Rugby-04.25-MS.jpg\" class=\"lazy lazy-hidden attachment-large size-large\" alt=\"\" aria-describedby=\"gallery--158536\"  \/><\/a><\/p>\n<p>\n                                32. Pascal Marcou et Michel Coste (LOU Rugby) <\/p>\n<p><br style=\"clear: both\"\/><\/p>\n<p>                                <a href=\"https:\/\/www.europesays.com\/fr\/wp-content\/uploads\/2025\/04\/33-Lou-Rugby-04.25-MS.jpg\" title=\"33. S\u00e9bastien Berger, les deux fr\u00e8res Yoan et Kevin Zuliani et leur papa, Olivier (GL events)\" data-rl_title=\"33. S\u00e9bastien Berger, les deux fr\u00e8res Yoan et Kevin Zuliani et leur papa, Olivier (GL events)\" class=\"rl-gallery-link\" data-rl_caption=\"\" data-rel=\"lightbox-gallery-bGlnaHRib3gtZ2FsbGVyeS0w\" data-rl_><img loading=\"lazy\" decoding=\"async\" width=\"900\" height=\"600\" data-lazy-type=\"image\" src=\"https:\/\/www.europesays.com\/fr\/wp-content\/uploads\/2025\/04\/33-Lou-Rugby-04.25-MS.jpg\" class=\"lazy lazy-hidden attachment-large size-large\" alt=\"\" aria-describedby=\"gallery--158537\"  \/><\/a><\/p>\n<p>\n                                33. S\u00e9bastien Berger, les deux fr\u00e8res Yoan et Kevin Zuliani et leur papa, Olivier (GL events) <\/p>\n<p>                                <a href=\"https:\/\/www.europesays.com\/fr\/wp-content\/uploads\/2025\/04\/34-Lou-Rugby-04.25-MS.jpg\" title=\"34. Jocelyn Jeanniard (Carrefour Market) et Nicolas Guida (Banque Palatine)\" data-rl_title=\"34. Jocelyn Jeanniard (Carrefour Market) et Nicolas Guida (Banque Palatine)\" class=\"rl-gallery-link\" data-rl_caption=\"\" data-rel=\"lightbox-gallery-bGlnaHRib3gtZ2FsbGVyeS0w\" data-rl_><img loading=\"lazy\" decoding=\"async\" width=\"900\" height=\"600\" data-lazy-type=\"image\" src=\"https:\/\/www.europesays.com\/fr\/wp-content\/uploads\/2025\/04\/34-Lou-Rugby-04.25-MS.jpg\" class=\"lazy lazy-hidden attachment-large size-large\" alt=\"\" aria-describedby=\"gallery--158545\"  \/><\/a><\/p>\n<p>\n                                34. Jocelyn Jeanniard (Carrefour Market) et Nicolas Guida (Banque Palatine) <\/p>\n<p><br style=\"clear: both\"\/><\/p>\n<p>                                <a href=\"https:\/\/www.europesays.com\/fr\/wp-content\/uploads\/2025\/04\/35-Lou-Rugby-04.25-MS.jpg\" title=\"35. Julien Bugnazet, directeur des \u00e9tudes au LOU Rugby, accompagn\u00e9 de St\u00e9phanie et Fabien Gengenbacher, directeur sportif du LOU Rugby\" data-rl_title=\"35. Julien Bugnazet, directeur des \u00e9tudes au LOU Rugby, accompagn\u00e9 de St\u00e9phanie et Fabien Gengenbacher, directeur sportif du LOU Rugby\" class=\"rl-gallery-link\" data-rl_caption=\"\" data-rel=\"lightbox-gallery-bGlnaHRib3gtZ2FsbGVyeS0w\" data-rl_><img loading=\"lazy\" decoding=\"async\" width=\"900\" height=\"600\" data-lazy-type=\"image\" src=\"https:\/\/www.europesays.com\/fr\/wp-content\/uploads\/2025\/04\/35-Lou-Rugby-04.25-MS.jpg\" class=\"lazy lazy-hidden attachment-large size-large\" alt=\"\" aria-describedby=\"gallery--158538\"  \/><\/a><\/p>\n<p>\n                                35. Julien Bugnazet, directeur des \u00e9tudes au LOU Rugby, accompagn\u00e9 de St\u00e9phanie et Fabien Gengenbacher, directeur sportif du LOU Rugby  <\/p>\n<p>                                <a href=\"https:\/\/www.europesays.com\/fr\/wp-content\/uploads\/2025\/04\/36-Lou-Rugby-04.25-MS.jpg\" title=\"36. Didier Pariset, pr\u00e9sident de SG Auvergne-Rh\u00f4ne-Alpes et Val\u00e9rie Rivi\u00e8re (SG Auvergne-Rh\u00f4ne-Alpe)\" data-rl_title=\"36. Didier Pariset, pr\u00e9sident de SG Auvergne-Rh\u00f4ne-Alpes et Val\u00e9rie Rivi\u00e8re (SG Auvergne-Rh\u00f4ne-Alpe)\" class=\"rl-gallery-link\" data-rl_caption=\"\" data-rel=\"lightbox-gallery-bGlnaHRib3gtZ2FsbGVyeS0w\" data-rl_><img loading=\"lazy\" decoding=\"async\" width=\"900\" height=\"600\" data-lazy-type=\"image\" src=\"https:\/\/www.europesays.com\/fr\/wp-content\/uploads\/2025\/04\/36-Lou-Rugby-04.25-MS.jpg\" class=\"lazy lazy-hidden attachment-large size-large\" alt=\"\" aria-describedby=\"gallery--158539\"  \/><\/a><\/p>\n<p>\n                                36. Didier Pariset, pr\u00e9sident de SG Auvergne-Rh\u00f4ne-Alpes et Val\u00e9rie Rivi\u00e8re (SG Auvergne-Rh\u00f4ne-Alpe) <\/p>\n<p><br style=\"clear: both\"\/><\/p>\n<p>                                <a href=\"https:\/\/www.europesays.com\/fr\/wp-content\/uploads\/2025\/04\/37-Lou-Rugby-04.25-MS.jpg\" title=\"37. Olivier Araujo, maire de Charly, Sandra Chiritian (OL L\u00e9gendes), Val\u00e9rie Hestin, Directrice commerciale de CET Ing\u00e9nierie et Renaud Pfeffer, maire de Mornant\" data-rl_title=\"37. Olivier Araujo, maire de Charly, Sandra Chiritian (OL L\u00e9gendes), Val\u00e9rie Hestin, Directrice commerciale de CET Ing\u00e9nierie et Renaud Pfeffer, maire de Mornant\" class=\"rl-gallery-link\" data-rl_caption=\"\" data-rel=\"lightbox-gallery-bGlnaHRib3gtZ2FsbGVyeS0w\" data-rl_><img loading=\"lazy\" decoding=\"async\" width=\"900\" height=\"600\" data-lazy-type=\"image\" src=\"https:\/\/www.europesays.com\/fr\/wp-content\/uploads\/2025\/04\/37-Lou-Rugby-04.25-MS.jpg\" class=\"lazy lazy-hidden attachment-large size-large\" alt=\"\" aria-describedby=\"gallery--158540\"  \/><\/a><\/p>\n<p>\n                                37. Olivier Araujo, maire de Charly, Sandra Chiritian (OL L\u00e9gendes), Val\u00e9rie Hestin, Directrice commerciale de CET Ing\u00e9nierie et Renaud Pfeffer, maire de Mornant<\/p>\n<p>                                <a href=\"https:\/\/www.europesays.com\/fr\/wp-content\/uploads\/2025\/04\/38-Lou-Rugby-04.25-MS.jpg\" title=\"38. Laetitia Sidos (GL events), Catherine Arbaud (LOU Rugby) et Sophie Sidos, pr\u00e9sidente du MEDEF 38\" data-rl_title=\"38. Laetitia Sidos (GL events), Catherine Arbaud (LOU Rugby) et Sophie Sidos, pr\u00e9sidente du MEDEF 38\" class=\"rl-gallery-link\" data-rl_caption=\"\" data-rel=\"lightbox-gallery-bGlnaHRib3gtZ2FsbGVyeS0w\" data-rl_><img loading=\"lazy\" decoding=\"async\" width=\"900\" height=\"600\" data-lazy-type=\"image\" src=\"https:\/\/www.europesays.com\/fr\/wp-content\/uploads\/2025\/04\/38-Lou-Rugby-04.25-MS.jpg\" class=\"lazy lazy-hidden attachment-large size-large\" alt=\"\" aria-describedby=\"gallery--158541\"  \/><\/a><\/p>\n<p>\n                                38. Laetitia Sidos (GL events), Catherine Arbaud (LOU Rugby) et Sophie Sidos, pr\u00e9sidente du MEDEF 38 <\/p>\n<p><br style=\"clear: both\"\/><\/p>\n<p>                                <a href=\"https:\/\/www.europesays.com\/fr\/wp-content\/uploads\/2025\/04\/39-Lou-Rugby-04.25-MS.jpg\" title=\"39. Ma\u00eetre Roxanne Deucher, avocat (August Depouzy), Samuel Soulier, adjoint au maire du 6\u00e8me arrondissement de Lyon, Alexia Charlet (Bandai Namco) et Bastien Kontis (Deloitte)\" data-rl_title=\"39. Ma\u00eetre Roxanne Deucher, avocat (August Depouzy), Samuel Soulier, adjoint au maire du 6\u00e8me arrondissement de Lyon, Alexia Charlet (Bandai Namco) et Bastien Kontis (Deloitte)\" class=\"rl-gallery-link\" data-rl_caption=\"\" data-rel=\"lightbox-gallery-bGlnaHRib3gtZ2FsbGVyeS0w\" data-rl_><img loading=\"lazy\" decoding=\"async\" width=\"900\" height=\"600\" data-lazy-type=\"image\" src=\"https:\/\/www.europesays.com\/fr\/wp-content\/uploads\/2025\/04\/39-Lou-Rugby-04.25-MS.jpg\" class=\"lazy lazy-hidden attachment-large size-large\" alt=\"\" aria-describedby=\"gallery--158542\"  \/><\/a><\/p>\n<p>\n                                39. Ma\u00eetre Roxanne Deucher, avocat (August Depouzy), Samuel Soulier, adjoint au maire du 6\u00e8me arrondissement de Lyon, Alexia Charlet (Bandai Namco) et Bastien Kontis (Deloitte) <\/p>\n<p>                        <br style=\"clear: both\"\/><\/p>\n","protected":false},"excerpt":{"rendered":"Photos \u00a9 Saby Maviel pour Lyon People Texte\u00a0: Jean-Marie Nauleau avec MC \u2013 Qualifi\u00e9 pour les demi-finales de&hellip;\n","protected":false},"author":2,"featured_media":43822,"comment_status":"","ping_status":"","sticky":false,"template":"","format":"standard","meta":{"footnotes":""},"categories":[9599],"tags":[4257,1111,47,11,1777,674,1011,27,12589,2428,2208,12,2680,25,478],"class_list":{"0":"post-43821","1":"post","2":"type-post","3":"status-publish","4":"format-standard","5":"has-post-thumbnail","7":"category-montpellier","8":"tag-0top","9":"tag-actu","10":"tag-actualite","11":"tag-actualites","12":"tag-eu","13":"tag-europe","14":"tag-fr","15":"tag-france","16":"tag-lou-rugby","17":"tag-lyon","18":"tag-montpellier","19":"tag-news","20":"tag-occitanie","21":"tag-republique-francaise","22":"tag-top-14"},"share_on_mastodon":{"url":"https:\/\/pubeurope.com\/@fr\/114381356368629095","error":""},"_links":{"self":[{"href":"https:\/\/www.europesays.com\/fr\/wp-json\/wp\/v2\/posts\/43821","targetHints":{"allow":["GET"]}}],"collection":[{"href":"https:\/\/www.europesays.com\/fr\/wp-json\/wp\/v2\/posts"}],"about":[{"href":"https:\/\/www.europesays.com\/fr\/wp-json\/wp\/v2\/types\/post"}],"author":[{"embeddable":true,"href":"https:\/\/www.europesays.com\/fr\/wp-json\/wp\/v2\/users\/2"}],"replies":[{"embeddable":true,"href":"https:\/\/www.europesays.com\/fr\/wp-json\/wp\/v2\/comments?post=43821"}],"version-history":[{"count":0,"href":"https:\/\/www.europesays.com\/fr\/wp-json\/wp\/v2\/posts\/43821\/revisions"}],"wp:featuredmedia":[{"embeddable":true,"href":"https:\/\/www.europesays.com\/fr\/wp-json\/wp\/v2\/media\/43822"}],"wp:attachment":[{"href":"https:\/\/www.europesays.com\/fr\/wp-json\/wp\/v2\/media?parent=43821"}],"wp:term":[{"taxonomy":"category","embeddable":true,"href":"https:\/\/www.europesays.com\/fr\/wp-json\/wp\/v2\/categories?post=43821"},{"taxonomy":"post_tag","embeddable":true,"href":"https:\/\/www.europesays.com\/fr\/wp-json\/wp\/v2\/tags?post=43821"}],"curies":[{"name":"wp","href":"https:\/\/api.w.org\/{rel}","templated":true}]}}