{"id":438210,"date":"2025-10-04T08:26:19","date_gmt":"2025-10-04T08:26:19","guid":{"rendered":"https:\/\/www.europesays.com\/fr\/438210\/"},"modified":"2025-10-04T08:26:19","modified_gmt":"2025-10-04T08:26:19","slug":"nimes-olympique-une-suspension-et-des-incertitudes-avant-la-reception-de-creteil","status":"publish","type":"post","link":"https:\/\/www.europesays.com\/fr\/438210\/","title":{"rendered":"N\u00eemes Olympique\u00a0: une suspension et des incertitudes avant la r\u00e9ception de Cr\u00e9teil"},"content":{"rendered":"<p>\n                                                                Pour affronter Cr\u00e9teil, samedi, pour le compte de la 7e journ\u00e9e de National 2, l\u2019\u00e9quipe croco va peut-\u00eatre devoir repenser sa d\u00e9fense.\n                            <\/p>\n<p><a href=\"https:\/\/www.midilibre.fr\/2025\/09\/30\/nimes-olympique-le-defenseur-pablo-martinez-fait-son-retour-chez-les-crocos-12963089.php\" target=\"_blank\" rel=\"nofollow noopener\">Le d\u00e9fenseur Pablo Martinez a sign\u00e9<\/a>, l\u2019attaquant attendu ne devrait pas tarder \u00e0 faire de m\u00eame. Le prochain renfort offensif, trentenaire lui aussi, est d\u00e9sormais libre de parapher son contrat avec N\u00eemes Olympique, ayant r\u00e9sili\u00e9 celui qui le liait au club de National 2 qu\u2019il avait rejoint cet \u00e9t\u00e9.<\/p>\n<p><a href=\"https:\/\/www.midilibre.fr\/sports\/resultats-sportifs\/football\/national-2\/groupe-c\/resultats\/2025-10-04\" target=\"_blank\" rel=\"nofollow noopener\">La 7e journ\u00e9e et le classement du groupe C de National 2<\/a><\/p>\n<p>L\u2019arriv\u00e9e d\u2019un attaquant pratiquement boucl\u00e9e<\/p>\n<p>Pour le directeur sportif Anthony Dupr\u00e9, la venue de cet excentr\u00e9 gauche et attaquant polyvalent, qui a jou\u00e9 une saison en National et disput\u00e9 plus de 130 matches en National 2, sera r\u00e9gl\u00e9e\u00a0\u00ab\u00a0en fin de semaine\u00a0\u00bb.<\/p>\n<p>Cette fin de semaine, les Crocos, qui restent sur une \u00e9limination en Coupe de France face \u00e0 Beaucaire (0-2), essaieront surtout de reprendre leur marche en avant face \u00e0 l\u2019ambitieux Cr\u00e9teil, qui a rat\u00e9 son d\u00e9but de Championnat avec une seule victoire pour deux nuls et trois d\u00e9faites.<\/p>\n<p>Des r\u00e9sultats qui ont co\u00fbt\u00e9 sa place \u00e0 l\u2019entra\u00eeneur Karim Mokeddem. En poste depuis le 1er\u00a0juillet, il a \u00e9t\u00e9 remerci\u00e9 lundi et remplac\u00e9 pour l\u2019instant par son adjoint, Vincent Di Bartolomeo.<\/p>\n<p>Dram\u00e9 suspendu, Caoki incertain<\/p>\n<p>Pour affronter les Cristoliens, Micka\u00ebl Gas, en formation cette semaine \u00e0 Clairefontaine, dans le cadre de l\u2019obtention de son dipl\u00f4me d\u2019\u00c9tat sup\u00e9rieur, devra faire sans Dram\u00e9, suspendu et rest\u00e9 chez lui ces deux derniers jours car souffrant d\u2019un virus.<\/p>\n<p>Un autre d\u00e9fenseur pourrait manquer \u00e0 l\u2019appel\u00a0: Caoki, sorti en toute fin de rencontre face \u00e0 Beaucaire \u00e0 cause d\u2019un adducteur douloureux. Le lat\u00e9ral gauche qui, depuis, a pass\u00e9 une \u00e9chographie puis une IRM, est incertain.<\/p>\n<p>Bien plus que Doucour\u00e9 (contracture \u00e0 l\u2019ischio gauche) et Bennour (adducteur), qui assuraient tous deux, hier en quittant La Bastide\u00a0: \u00ab\u00a0\u00c7a va aller.\u00a0\u00bb\u00a0Les trois se testeront en tout cas ce matin.<\/p>\n<p>Toujours \u00e0 3 derri\u00e8re\u00a0?<\/p>\n<p>Avec la suspension de Dram\u00e9 en charni\u00e8re centrale et ces incertitudes concernant avant tout le secteur d\u00e9fensif, N\u00eemes gardera-t-il sa d\u00e9fense \u00e0 trois\u2005ou changera-t-il de syst\u00e8me\u00a0?<\/p>\n<p>\u00ab\u00a0On est encore en r\u00e9flexion\u00a0\u00bb, r\u00e9pond le coach adjoint Morgan Puel, ne cachant toutefois pas, sans rien en dire, que se d\u00e9gageait \u00ab\u00a0une id\u00e9e forte\u2026\u00a0\u00bb<\/p>\n<p>Avec Khasa devenu papa, le 22\u00a0septembre, d\u2019une petite Jade, son premier enfant, en piston droit\u00a0?<\/p>\n<p>Avec Pir\u00e8s reculant d\u2019un cran, Sarr et Benhamza faisant alors la paire dans l\u2019entrejeu\u00a0?<\/p>\n<p>Avec la promotion de Ribotta, lanc\u00e9 dans l\u2019axe en Coupe, involontairement impliqu\u00e9 dans le second but mais qui \u00ab\u00a0a mis des valeurs, gagn\u00e9 ses duels et \u00e9t\u00e9 propre techniquement\u00a0\u00bb, comme relev\u00e9 par Gas\u00a0?<\/p>\n<p>\u00c0 voir selon les forces en pr\u00e9sence.<\/p>\n<p>N\u00eemes (3e, 11 pts) \u2013 Cr\u00e9teil (13e, 5 pts), samedi 4\u00a0octobre \u00e0 18\u00a0heures au stade des Antonins.<\/p>\n","protected":false},"excerpt":{"rendered":"Pour affronter Cr\u00e9teil, samedi, pour le compte de la 7e journ\u00e9e de National 2, l\u2019\u00e9quipe croco va peut-\u00eatre&hellip;\n","protected":false},"author":2,"featured_media":438211,"comment_status":"","ping_status":"","sticky":false,"template":"","format":"standard","meta":{"footnotes":""},"categories":[1410],"tags":[63,1011,27,60],"class_list":{"0":"post-438210","1":"post","2":"type-post","3":"status-publish","4":"format-standard","5":"has-post-thumbnail","7":"category-football","8":"tag-football","9":"tag-fr","10":"tag-france","11":"tag-sports"},"share_on_mastodon":{"url":"https:\/\/pubeurope.com\/@fr\/115314949093224170","error":""},"_links":{"self":[{"href":"https:\/\/www.europesays.com\/fr\/wp-json\/wp\/v2\/posts\/438210","targetHints":{"allow":["GET"]}}],"collection":[{"href":"https:\/\/www.europesays.com\/fr\/wp-json\/wp\/v2\/posts"}],"about":[{"href":"https:\/\/www.europesays.com\/fr\/wp-json\/wp\/v2\/types\/post"}],"author":[{"embeddable":true,"href":"https:\/\/www.europesays.com\/fr\/wp-json\/wp\/v2\/users\/2"}],"replies":[{"embeddable":true,"href":"https:\/\/www.europesays.com\/fr\/wp-json\/wp\/v2\/comments?post=438210"}],"version-history":[{"count":0,"href":"https:\/\/www.europesays.com\/fr\/wp-json\/wp\/v2\/posts\/438210\/revisions"}],"wp:featuredmedia":[{"embeddable":true,"href":"https:\/\/www.europesays.com\/fr\/wp-json\/wp\/v2\/media\/438211"}],"wp:attachment":[{"href":"https:\/\/www.europesays.com\/fr\/wp-json\/wp\/v2\/media?parent=438210"}],"wp:term":[{"taxonomy":"category","embeddable":true,"href":"https:\/\/www.europesays.com\/fr\/wp-json\/wp\/v2\/categories?post=438210"},{"taxonomy":"post_tag","embeddable":true,"href":"https:\/\/www.europesays.com\/fr\/wp-json\/wp\/v2\/tags?post=438210"}],"curies":[{"name":"wp","href":"https:\/\/api.w.org\/{rel}","templated":true}]}}