{"id":438214,"date":"2025-10-04T08:29:11","date_gmt":"2025-10-04T08:29:11","guid":{"rendered":"https:\/\/www.europesays.com\/fr\/438214\/"},"modified":"2025-10-04T08:29:11","modified_gmt":"2025-10-04T08:29:11","slug":"la-nature-reste-pleine-de-mysteres-et-cest-ce-qui-la-rend-fascinante-les-confidences-de-la-tarnaise-chloe-nabedian-sur-son-nouveau-livre","status":"publish","type":"post","link":"https:\/\/www.europesays.com\/fr\/438214\/","title":{"rendered":"&lsquo;La nature reste pleine de myst\u00e8res et c\u2019est ce qui la rend fascinante&rsquo;\u00a0: Les confidences de la Tarnaise Chlo\u00e9 Nab\u00e9dian sur son nouveau livre"},"content":{"rendered":"<p>\n                                                                    l&rsquo;essentiel<br \/>\n                                                                Dans \u00ab\u00a0La nature entre science et myst\u00e8re\u00a0\u00bb, Chlo\u00e9 Nab\u00e9dian d\u00e9voile dix r\u00e9cits extraordinaires m\u00ealant l\u00e9gendes et enqu\u00eates scientifiques. De l\u2019Antarctique au d\u00e9sert du Namib, l\u2019ancienne pr\u00e9sentatrice m\u00e9t\u00e9o explore l\u2019inexplicable pour mieux comprendre notre plan\u00e8te.\n                            <\/p>\n<p>Journaliste et pr\u00e9sentatrice originaire du Tarn, Chlo\u00e9 Nab\u00e9dian s\u2019est impos\u00e9e comme l\u2019une des voix engag\u00e9es de la vulgarisation scientifique et climatique. Apr\u00e8s avoir marqu\u00e9 France 2 puis TV5 Monde et France 5, elle vient de rejoindre la nouvelle cha\u00eene T18. Vice-pr\u00e9sidente de la Fondation pour la nature et l\u2019homme, elle publie son nouvel ouvrage, La nature entre science et myst\u00e8re, le 15\u00a0octobre (\u00e9ditions du Rocher).<\/p>\n<p class=\"txt-question\">D\u2019o\u00f9 vous vient cette fascination pour les myst\u00e8res de la nature\u00a0?<\/p>\n<p>Depuis l\u2019enfance. Les orages m\u2019ont toujours impressionn\u00e9e et je lisais d\u00e9j\u00e0 des magazines qui parlaient de ph\u00e9nom\u00e8nes \u00e9tranges. J\u2019\u00e9tais fascin\u00e9e par les aurores bor\u00e9ales, les feux follets\u2026 Cette curiosit\u00e9 ne m\u2019a jamais quitt\u00e9e. Ce qui m\u2019int\u00e9resse, c\u2019est de comprendre ce qui nous \u00e9chappe, entre l\u00e9gendes, croyances et science.<\/p>\n<p class=\"txt-question\">Votre livre a presque un c\u00f4t\u00e9 mystique, m\u00ealant peur et \u00e9merveillement\u2026<\/p>\n<p>C\u2019est exactement ce que fait la nature lorsqu\u2019on ne la comprend pas. Un crat\u00e8re g\u00e9ant en Sib\u00e9rie peut effrayer, car il rappelle la puissance du c\u0153ur de la Terre. Mais les \u00ab\u00a0cercles de f\u00e9es\u00a0\u00bb du d\u00e9sert du Namib, eux, racontent l\u2019adaptation incroyable de la v\u00e9g\u00e9tation au manque d\u2019eau. Ces histoires nous montrent une nature \u00e0 la fois fragile et r\u00e9siliente.<\/p>\n<p class=\"std-elt__inline\">\n        <strong>\u00c0 lire aussi :<\/strong><br \/>\n        <a href=\"https:\/\/www.ladepeche.fr\/2022\/12\/06\/sortie-du-nouveau-livre-de-la-tarnaise-chloe-nabedian-si-la-nature-sait-sadapter-a-nous-de-le-faire-10848547.php\" rel=\"nofollow noopener\" target=\"_blank\">La pr\u00e9sentatrice m\u00e9t\u00e9o tarnaise Chlo\u00e9 Nab\u00e9dian sort un nouveau livre : \u00ab\u00a0Si la nature sait s\u2019adapter, \u00e0 nous de le faire\u00a0\u00bb<\/a>\n    <\/p>\n<p class=\"txt-question\">Comment avez-vous men\u00e9 l\u2019enqu\u00eate derri\u00e8re ces r\u00e9cits\u00a0?<\/p>\n<p>J\u2019ai list\u00e9 une centaine de ph\u00e9nom\u00e8nes potentiels avant d\u2019en retenir dix. J\u2019ai travaill\u00e9 en visio avec des chercheurs du monde entier\u00a0: g\u00e9ologues, ethnologues, climatologues\u2026 J\u2019ai voulu que chaque r\u00e9cit, m\u00eame lorsqu\u2019il fr\u00f4le le mythe, repose sur des faits r\u00e9els. J\u2019ai aussi eu beaucoup d\u2019\u00e9changes pour v\u00e9rifier mes descriptions. M\u00eame les sch\u00e9mas et les photos ont \u00e9t\u00e9 valid\u00e9s par les scientifiques concern\u00e9s.<\/p>\n<p class=\"txt-question\">Quel ph\u00e9nom\u00e8ne vous a le plus marqu\u00e9e\u00a0?<\/p>\n<p>Les \u00ab\u00a0cercles de f\u00e9es\u00a0\u00bb m\u2019ont passionn\u00e9e. Deux hypoth\u00e8ses s\u2019affrontent encore aujourd\u2019hui\u00a0: les termites contre la v\u00e9g\u00e9tation. Les r\u00e9cits des peuples Himbas, souvent enjoliv\u00e9s, contrastent avec la vision plus pragmatique des Aborig\u00e8nes d\u2019Australie. Et puis il y a eu le \u00ab\u00a0bloop\u00a0\u00bb, ce son myst\u00e9rieux dans l\u2019oc\u00e9an, qui rappelle combien les abysses restent m\u00e9connus.<\/p>\n<\/p>\n<p>                    <img decoding=\"async\" class=\"responsive-img\" src=\"https:\/\/www.europesays.com\/fr\/wp-content\/uploads\/2025\/10\/1759566551_5_hqdefault.jpg\"\/><br \/>\n                <a class=\"stretched-link\" href=\"#paywall\" rel=\"js-anchor\"><\/p>\n<p>        <\/a><\/p>\n<p class=\"txt-question\">Pourtant, la science n\u2019explique pas tout\u2026<\/p>\n<p>Non, et c\u2019est \u00e7a qui est beau. Prenez la cascade de sang en Antarctique\u00a0: on pensait que sa couleur rouge venait simplement du fer. En r\u00e9alit\u00e9, ce sont des micro-organismes qui transforment les mol\u00e9cules. Il a fallu attendre que des machines sp\u00e9cialis\u00e9es existent pour comprendre le ph\u00e9nom\u00e8ne. La science progresse, et chaque d\u00e9couverte ouvre de nouvelles questions.<\/p>\n<p class=\"txt-question\">Votre livre para\u00eet dans un bouleversement\u00a0climatique inqui\u00e9tant. Qu\u2019est-ce qui vous alarme le plus\u00a0?<\/p>\n<p>La vitesse. Des ph\u00e9nom\u00e8nes irr\u00e9versibles sont d\u00e9j\u00e0 enclench\u00e9s. La plan\u00e8te r\u00e9agit, et c\u2019est nous, humains, qui l\u2019avons rendue malade. Mais je reste optimiste\u00a0: partout, des citoyens et des entreprises innovent, changent leurs pratiques. C\u2019est ce que je raconte aussi dans mon podcast \u00ab\u00a0Vert Demain\u00a0\u00bb. La transformation viendra de la soci\u00e9t\u00e9 civile autant que des gouvernements.<\/p>\n<blockquote>\n<p>\u00ab\u00a0Je ne crois pas au tout-technologique ni au tout-naturel. Ce sera un m\u00e9lange. Certaines innovations sont utiles, mais tout est interconnect\u00e9\u00a0: si l\u2019on d\u00e9truit une partie de la biodiversit\u00e9, c\u2019est l\u2019ensemble du vivant qui en souffre. Restaurer les \u00e9quilibres reste notre priorit\u00e9\u00a0\u00bb<\/p>\n<\/blockquote>\n<p class=\"txt-question\">Depuis quelques ann\u00e9es, l\u2019\u00e9cologie semble \u00eatre pass\u00e9e\u00a0au second plan\u00a0?<\/p>\n<p>Oui, clairement. Apr\u00e8s les grands incendies de 2022, tout le monde en parlait. Aujourd\u2019hui, on observe un net recul m\u00e9diatique et politique. Pourtant, jamais nous n\u2019avons eu autant besoin d\u2019explications claires et factuelles. Ce n\u2019est pas qu\u2019un enjeu futur, c\u2019est notre quotidien.<\/p>\n<p class=\"txt-question\">Science et technologie peuvent-elles nous sauver\u00a0?<\/p>\n<p>Je ne crois pas au tout-technologique ni au tout-naturel. Ce sera un m\u00e9lange. Certaines innovations sont utiles, mais tout est interconnect\u00e9\u00a0: si l\u2019on d\u00e9truit une partie de la biodiversit\u00e9, c\u2019est l\u2019ensemble du vivant qui en souffre. Restaurer les \u00e9quilibres reste notre priorit\u00e9.<\/p>\n<p class=\"txt-question\">Vous venez aussi de rejoindre la nouvelle cha\u00eene T18. Comment vivez-vous cette aventure\u00a0?<\/p>\n<p>Tr\u00e8s bien\u00a0! Je suis ravie de travailler avec Christopher Baldelli et de lancer un programme d\u2019\u00e9vasion et de d\u00e9couverte \u00e0 un horaire o\u00f9 l\u2019on parle surtout d\u2019actualit\u00e9. C\u2019est un vrai pari, mais je me sens comme un poisson dans l\u2019eau. Et puis il y a ce c\u00f4t\u00e9 \u00ab\u00a0start-up\u00a0\u00bb enthousiasmant d\u2019une nouvelle cha\u00eene.<\/p>\n","protected":false},"excerpt":{"rendered":"l&rsquo;essentiel Dans \u00ab\u00a0La nature entre science et myst\u00e8re\u00a0\u00bb, Chlo\u00e9 Nab\u00e9dian d\u00e9voile dix r\u00e9cits extraordinaires m\u00ealant l\u00e9gendes et enqu\u00eates&hellip;\n","protected":false},"author":2,"featured_media":438215,"comment_status":"","ping_status":"","sticky":false,"template":"","format":"standard","meta":{"footnotes":""},"categories":[1357],"tags":[1379,58,59,1011,27,1380],"class_list":{"0":"post-438214","1":"post","2":"type-post","3":"status-publish","4":"format-standard","5":"has-post-thumbnail","7":"category-livres","8":"tag-books","9":"tag-divertissement","10":"tag-entertainment","11":"tag-fr","12":"tag-france","13":"tag-livres"},"share_on_mastodon":{"url":"https:\/\/pubeurope.com\/@fr\/115314960989022144","error":""},"_links":{"self":[{"href":"https:\/\/www.europesays.com\/fr\/wp-json\/wp\/v2\/posts\/438214","targetHints":{"allow":["GET"]}}],"collection":[{"href":"https:\/\/www.europesays.com\/fr\/wp-json\/wp\/v2\/posts"}],"about":[{"href":"https:\/\/www.europesays.com\/fr\/wp-json\/wp\/v2\/types\/post"}],"author":[{"embeddable":true,"href":"https:\/\/www.europesays.com\/fr\/wp-json\/wp\/v2\/users\/2"}],"replies":[{"embeddable":true,"href":"https:\/\/www.europesays.com\/fr\/wp-json\/wp\/v2\/comments?post=438214"}],"version-history":[{"count":0,"href":"https:\/\/www.europesays.com\/fr\/wp-json\/wp\/v2\/posts\/438214\/revisions"}],"wp:featuredmedia":[{"embeddable":true,"href":"https:\/\/www.europesays.com\/fr\/wp-json\/wp\/v2\/media\/438215"}],"wp:attachment":[{"href":"https:\/\/www.europesays.com\/fr\/wp-json\/wp\/v2\/media?parent=438214"}],"wp:term":[{"taxonomy":"category","embeddable":true,"href":"https:\/\/www.europesays.com\/fr\/wp-json\/wp\/v2\/categories?post=438214"},{"taxonomy":"post_tag","embeddable":true,"href":"https:\/\/www.europesays.com\/fr\/wp-json\/wp\/v2\/tags?post=438214"}],"curies":[{"name":"wp","href":"https:\/\/api.w.org\/{rel}","templated":true}]}}