{"id":438218,"date":"2025-10-04T08:32:24","date_gmt":"2025-10-04T08:32:24","guid":{"rendered":"https:\/\/www.europesays.com\/fr\/438218\/"},"modified":"2025-10-04T08:32:24","modified_gmt":"2025-10-04T08:32:24","slug":"veronique-sanson-cash-sur-son-etat-de-sante-tres-delicat","status":"publish","type":"post","link":"https:\/\/www.europesays.com\/fr\/438218\/","title":{"rendered":"V\u00e9ronique Sanson cash sur son \u00e9tat de sant\u00e9 tr\u00e8s d\u00e9licat"},"content":{"rendered":"<p class=\"mb-4 text-lg md:leading-8 break-words\">Ce dimanche 28 septembre, V\u00e9ronique Sanson s\u2019est livr\u00e9e dans le traditionnel Portrait de la semaine de l\u2019\u00e9mission Sept \u00e0 huit sur TF1. Face \u00e0 Audrey Crespo-Mara, la chanteuse de 76 ans a accept\u00e9 de se d\u00e9voiler sans filtre, oscillant entre confidences intimes et humour piquant. Toujours anim\u00e9e par une <strong>passion intacte pour la sc\u00e8ne<\/strong>, elle admet pourtant redouter le jour o\u00f9 son corps ne lui permettra plus d\u2019affronter la lumi\u00e8re des projecteurs.<\/p>\n<p class=\"mb-4 text-lg md:leading-8 break-words\">Dans cet entretien, l\u2019interpr\u00e8te d\u2019Amoureuse et de Rien que de l\u2019eau est revenue sur certains chapitres marquants de sa vie, notamment son d\u00e9part pr\u00e9cipit\u00e9 de la France en 1972. \u00c0 l\u2019\u00e9poque, elle partageait la vie de Michel Berger, qu\u2019elle d\u00e9signe aujourd\u2019hui encore comme \u00ab\u00a0le plus grand <strong>regret<\/strong> de sa vie\u00a0\u00bb.<\/p>\n<p>V\u00e9ronique Sanson : une passion intacte malgr\u00e9 les ann\u00e9es<\/p>\n<p class=\"mb-4 text-lg md:leading-8 break-words\">V\u00e9ronique Sanson a partag\u00e9 son attachement ind\u00e9fectible \u00e0 la sc\u00e8ne, affirmant qu\u2019elle \u00ab\u00a0s&rsquo;en ira quand on la virera\u00a0\u00bb et pas avant. Avec humour, elle a m\u00eame confi\u00e9 : \u00ab\u00a0Quelques fois, je me dis que, peut-\u00eatre que je devrais arr\u00eater parce que je suis vieille comme les ponts\u00a0\u00bb. Consciente que la sant\u00e9 pourrait un jour lui imposer une pause, l\u2019artiste a \u00e9voqu\u00e9 (&#8230;)<\/p>\n<p>Publicit\u00e9<\/p>\n<p>Publicit\u00e9<\/p>\n<p>Publicit\u00e9<\/p>\n<p>Publicit\u00e9<\/p>\n<p class=\"mb-4 text-lg md:leading-8 break-words\"><a href=\"https:\/\/www.closermag.fr\/people\/jai-mal-partout-veronique-sanson-cash-sur-son-etat-de-sante-tres-delicat-3583169\" rel=\"nofollow noopener\" target=\"_blank\" data-ylk=\"slk:Lire la suite sur Closer;elm:context_link;itc:0;sec:content-canvas\" class=\"link \">Lire la suite sur Closer<\/a><\/p>\n<p class=\"mb-4 text-lg md:leading-8 break-words\"><a href=\"https:\/\/www.closermag.fr\/people\/yoann-riou-a-quoi-ressemble-sa-maison-en-bretagne-ou-il-se-refugie-aupres-de-quelquun-cher-a-son-coeur-3557432\" rel=\"nofollow noopener\" target=\"_blank\" data-ylk=\"slk:Yoann Riou : \u00e0 quoi ressemble sa maison en Bretagne o\u00f9 il se r\u00e9fugie aupr\u00e8s de quelqu&#039;un cher \u00e0 son coeur;elm:context_link;itc:0;sec:content-canvas\" class=\"link \">Yoann Riou : \u00e0 quoi ressemble sa maison en Bretagne o\u00f9 il se r\u00e9fugie aupr\u00e8s de quelqu&rsquo;un cher \u00e0 son coeur<\/a><br \/><a href=\"https:\/\/www.closermag.fr\/vecu\/brule-a-mort-devant-sa-mere-un-petit-garcon-de-5-ans-meurt-dans-un-accident-terrible-lors-dun-traitement-medical-3583262\" rel=\"nofollow noopener\" target=\"_blank\" data-ylk=\"slk:&quot;Br\u00fbl\u00e9 \u00e0 mort devant sa m\u00e8re&quot; : un petit gar\u00e7on de 5 ans meurt dans un accident terrible lors d\u2019un traitement m\u00e9dical;elm:context_link;itc:0;sec:content-canvas\" class=\"link \">\u00ab\u00a0Br\u00fbl\u00e9 \u00e0 mort devant sa m\u00e8re\u00a0\u00bb : un petit gar\u00e7on de 5 ans meurt dans un accident terrible lors d\u2019un traitement m\u00e9dical<\/a><br \/><a href=\"https:\/\/www.closermag.fr\/people\/brooklyn-beckham-parle-du-conflit-qui-ronge-sa-famille-et-un-seul-mot-lui-vient-a-la-bouche-3583237\" rel=\"nofollow noopener\" target=\"_blank\" data-ylk=\"slk:Brooklyn Beckham parle du conflit qui ronge sa famille, et un seul mot lui vient \u00e0 la bouche;elm:context_link;itc:0;sec:content-canvas\" class=\"link \">Brooklyn Beckham parle du conflit qui ronge sa famille, et un seul mot lui vient \u00e0 la bouche<\/a><br \/><a href=\"https:\/\/www.closermag.fr\/people\/demi-moore-ces-nouvelles-photos-avec-sa-fille-interpellent-sur-son-apparence-3583221\" rel=\"nofollow noopener\" target=\"_blank\" data-ylk=\"slk:Demi Moore : ces nouvelles photos avec sa fille interpellent sur son apparence;elm:context_link;itc:0;sec:content-canvas\" class=\"link \">Demi Moore : ces nouvelles photos avec sa fille interpellent sur son apparence<\/a><br \/><a href=\"https:\/\/www.closermag.fr\/royautes\/kate-et-william-la-tension-monte-avec-leurs-futurs-voisins-ce-coup-dur-quils-ne-digerent-pas-3583235\" rel=\"nofollow noopener\" target=\"_blank\" data-ylk=\"slk:Kate et William : la tension monte avec leurs futurs voisins, ce coup dur qu\u2019ils ne dig\u00e8rent pas;elm:context_link;itc:0;sec:content-canvas\" class=\"link \">Kate et William : la tension monte avec leurs futurs voisins, ce coup dur qu\u2019ils ne dig\u00e8rent pas<\/a><\/p>\n","protected":false},"excerpt":{"rendered":"Ce dimanche 28 septembre, V\u00e9ronique Sanson s\u2019est livr\u00e9e dans le traditionnel Portrait de la semaine de l\u2019\u00e9mission Sept&hellip;\n","protected":false},"author":2,"featured_media":438219,"comment_status":"","ping_status":"","sticky":false,"template":"","format":"standard","meta":{"footnotes":""},"categories":[1355],"tags":[17979,58,59,1011,27,56529,1361,873,15151],"class_list":{"0":"post-438218","1":"post","2":"type-post","3":"status-publish","4":"format-standard","5":"has-post-thumbnail","7":"category-musique","8":"tag-audrey-crespo-mara","9":"tag-divertissement","10":"tag-entertainment","11":"tag-fr","12":"tag-france","13":"tag-michel-berger","14":"tag-music","15":"tag-musique","16":"tag-veronique-sanson"},"share_on_mastodon":{"url":"https:\/\/pubeurope.com\/@fr\/115314972713252101","error":""},"_links":{"self":[{"href":"https:\/\/www.europesays.com\/fr\/wp-json\/wp\/v2\/posts\/438218","targetHints":{"allow":["GET"]}}],"collection":[{"href":"https:\/\/www.europesays.com\/fr\/wp-json\/wp\/v2\/posts"}],"about":[{"href":"https:\/\/www.europesays.com\/fr\/wp-json\/wp\/v2\/types\/post"}],"author":[{"embeddable":true,"href":"https:\/\/www.europesays.com\/fr\/wp-json\/wp\/v2\/users\/2"}],"replies":[{"embeddable":true,"href":"https:\/\/www.europesays.com\/fr\/wp-json\/wp\/v2\/comments?post=438218"}],"version-history":[{"count":0,"href":"https:\/\/www.europesays.com\/fr\/wp-json\/wp\/v2\/posts\/438218\/revisions"}],"wp:featuredmedia":[{"embeddable":true,"href":"https:\/\/www.europesays.com\/fr\/wp-json\/wp\/v2\/media\/438219"}],"wp:attachment":[{"href":"https:\/\/www.europesays.com\/fr\/wp-json\/wp\/v2\/media?parent=438218"}],"wp:term":[{"taxonomy":"category","embeddable":true,"href":"https:\/\/www.europesays.com\/fr\/wp-json\/wp\/v2\/categories?post=438218"},{"taxonomy":"post_tag","embeddable":true,"href":"https:\/\/www.europesays.com\/fr\/wp-json\/wp\/v2\/tags?post=438218"}],"curies":[{"name":"wp","href":"https:\/\/api.w.org\/{rel}","templated":true}]}}