{"id":438220,"date":"2025-10-04T08:33:36","date_gmt":"2025-10-04T08:33:36","guid":{"rendered":"https:\/\/www.europesays.com\/fr\/438220\/"},"modified":"2025-10-04T08:33:36","modified_gmt":"2025-10-04T08:33:36","slug":"films-en-fete-est-de-retour-a-elbeuf","status":"publish","type":"post","link":"https:\/\/www.europesays.com\/fr\/438220\/","title":{"rendered":"Films en f\u00eate est de retour \u00e0 Elbeuf\u00a0!"},"content":{"rendered":"<p>            Par<br \/>\n        <strong><br \/>\n            <a href=\"https:\/\/actu.fr\/auteur\/le-journal-delbeuf\" title=\"Consulter tous les articles de R\u00e9daction Elbeuf\" rel=\"nofollow noopener\" target=\"_blank\">R\u00e9daction Elbeuf<\/a><br \/>\n        <\/strong><\/p>\n<p>        Publi\u00e9 le<\/p>\n<p>            29 sept. 2025 \u00e0 12h07        <\/p>\n<p>Les nombreuses affiches qui fleurissent en plein centre-ville d\u2019<a href=\"https:\/\/actu.fr\/normandie\/elbeuf_76231\" rel=\"nofollow noopener\" target=\"_blank\">Elbeuf (Seine-Maritime)<\/a> pour annoncer l\u2019\u00e9v\u00e9nement sont un bon signe annonciateur : <b>Films en f\u00eate<\/b> est de retour ! Cette ann\u00e9e, au <b>cin\u00e9ma Mercure<\/b>, le festival f\u00eatera sa 32e \u00e9dition, du mercredi 1er au mardi 7 octobre 2025.<\/p>\n<p class=\" wall-content\">Chaque ann\u00e9e, cette semaine o\u00f9 toutes les s\u00e9ances sont propos\u00e9es au<b> tarif de 4 \u20ac<\/b> attire plus de 5 000 spectateurs, sans compter les entr\u00e9es scolaires.<\/p>\n<p>De la culture pour tous<\/p>\n<p class=\" wall-content\">Pour la ville d\u2019Elbeuf, Films en f\u00eate est une fa\u00e7on de maintenir une politique culturelle de qualit\u00e9 et accessible \u00e0 tous. \u00ab Nous avons toujours \u0153uvr\u00e9 pour une politique culturelle accessible \u00e0 tous. Que ce soit le cin\u00e9ma \u00e0 4 euros ou bien encore les ch\u00e8ques culture pour les familles qui ont un ou des enfants en primaire \u00bb, insiste B\u00e9atrice Lefel, premi\u00e8re adjointe au maire, \u00e9galement en charge de la culture.<\/p>\n<p class=\" wall-content\">Par ailleurs, l\u2019\u00e9lue souligne l\u2019importance du lien qui unit la Ville et le cin\u00e9ma du groupe No\u00e9, sans qui il serait impossible d\u2019offrir au public et aux scolaires une \u00e9ducation \u00e0 l\u2019image diversifi\u00e9e : \u00ab La collaboration avec le cin\u00e9ma Mercure est essentielle et importante. Films en f\u00eate, c\u2019est aussi une programmation de qualit\u00e9 <b>pour les scolaires<\/b> avec des films qu\u2019ils n\u2019auraient peut-\u00eatre pas l\u2019occasion de voir ailleurs. Et c\u2019est tr\u00e8s int\u00e9ressant. \u00bb<\/p>\n<p>Des rencontres prestigieuses<\/p>\n<p class=\" wall-content\">Les chiffres parlent d\u2019eux-m\u00eames. Cette nouvelle \u00e9dition comportera pas moins de <b>32 films,<\/b> dont une quinzaine d\u2019avant-premi\u00e8res, au tarif unique de 4\u00a0euros. \u00c0 cela s\u2019ajoutent deux rencontres avec de prestigieux professionnels du 7e art ainsi que de multiples animations annexes.<\/p>\n<p class=\" wall-content\">D\u00e8s le mercredi 1er octobre 2025, \u00e0 19 h 30, le film Vade Retro sera projet\u00e9 en pr\u00e9sence exceptionnelle de son r\u00e9alisateur, Antonin Peretjatko. Cette s\u00e9ance sera suivie d\u2019une rencontre, lors de laquelle ce dernier pourra \u00e9changer avec le public.<\/p>\n<p>Vid\u00e9os : en ce moment sur Actu<\/p>\n<p class=\" wall-content\">\u00ab Cette com\u00e9die d\u2019horreur, qui tend bien plus sur la com\u00e9die que l\u2019horreur, raconte l\u2019histoire d\u2019un vampire rat\u00e9 qui va essayer de prendre sa place en tant que vampire adulte. C\u2019est une com\u00e9die familiale o\u00f9 l\u2019on s\u2019amuse beaucoup \u00bb, pr\u00e9sente Jonathan Leli\u00e8vre, programmateur au cin\u00e9ma Mercure.<\/p>\n<p class=\" wall-content\">S\u2019en suivra, dans un tout autre genre, une autre rencontre, le dimanche 5\u00a0octobre, \u00e0 10 h 30 avec le film d\u2019animation Mary Anning, de Marcel Barelli. \u00c0 noter que cette s\u00e9ance sera suivie d\u2019un quiz sur grand \u00e9cran, pour aller \u00e0 la rencontre des h\u00e9ro\u00efnes. \u00ab Il y aura des h\u00e9ro\u00efnes pour les plus jeunes et les moins jeunes. Il s\u2019agit de faire prendre conscience sur la place de la femme depuis le d\u00e9but de la culture et de montrer ainsi qu\u2019elles sont l\u00e0. \u00bb<\/p>\n<p>Votre r\u00e9gion, votre actu !<\/p>\n<p>Recevez chaque jour les infos qui comptent pour vous.<\/p>\n<p>\t<a href=\"https:\/\/actu.fr\/newsletter\" class=\"ac-btn ac-btn--corner ac-btn--medium ac-btn--blue800\" rel=\"nofollow noopener\" target=\"_blank\">S&rsquo;incrire<\/a><br \/>\nDes retransmissions en direct<\/p>\n<p class=\" wall-content\">\u00c0 savoir que cette 32e comportera \u00e9galement un certain nombreux de retransmissions en direct. Ce sera par exemple le cas de Sans famille, une pi\u00e8ce de th\u00e9\u00e2tre de L\u00e9a Br\u00e9han, qui sera jou\u00e9e en direct \u00e0 la Com\u00e9die Fran\u00e7aise, le 1er et le 4\u00a0octobre, \u00e0 14 h, ainsi que le 5\u00a0octobre, \u00e0 16 h 30.<\/p>\n<p class=\" wall-content\">La com\u00e9die Nouvelle vague, de Richard Linklater, fera l\u2019objet quant \u00e0 elle de la retransmission en direct d\u2019une rencontre anim\u00e9e au Louxor par Marie Sauvion, r\u00e9dactrice en chef adjointe cin\u00e9ma \u00e0 T\u00e9l\u00e9rama, le 3\u00a0octobre, \u00e0 20 h.<\/p>\n<p class=\" wall-content\">En acc\u00e8s libre et en totale gratuit\u00e9, il sera notamment possible de contempler la c\u00e9l\u00e8bre Traviata de Verdi, en direct de l\u2019Op\u00e9ra de Rouen pour son ouverture de saison, le 4\u00a0octobre, \u00e0 18 h. \u00ab Nous sommes tr\u00e8s heureux de faire d\u00e9couvrir tout cela. C\u2019est un formidable levier. On a voulu une programmation \u00e9clectique aussi bien pour les familles, les ados et les s\u00e9niors. \u00bb<\/p>\n<p class=\" wall-content\">Personnalisez votre actualit\u00e9 en ajoutant vos villes et m\u00e9dias en favori avec <a href=\"https:\/\/moncompte.actu.fr\" title=\"D\u00e9couvez Mon Actu\" rel=\"nofollow noopener\" data-trk=\"{&quot;cta&quot;:{&quot;action&quot;:&quot;https:\\\/\\\/moncompte.actu.fr&quot;,&quot;category&quot;:&quot;mon compte&quot;,&quot;from&quot;:&quot;article footer&quot;,&quot;name&quot;:&quot;Mon actu&quot;,&quot;type&quot;:&quot;cta&quot;}}\" target=\"_blank\">Mon Actu<\/a>.<\/p>\n","protected":false},"excerpt":{"rendered":"Par R\u00e9daction Elbeuf Publi\u00e9 le 29 sept. 2025 \u00e0 12h07 Les nombreuses affiches qui fleurissent en plein centre-ville&hellip;\n","protected":false},"author":2,"featured_media":438221,"comment_status":"","ping_status":"","sticky":false,"template":"","format":"standard","meta":{"footnotes":""},"categories":[1354],"tags":[650,58,59,1346,1011,27,1360,104],"class_list":{"0":"post-438220","1":"post","2":"type-post","3":"status-publish","4":"format-standard","5":"has-post-thumbnail","7":"category-films","8":"tag-cinema","9":"tag-divertissement","10":"tag-entertainment","11":"tag-films","12":"tag-fr","13":"tag-france","14":"tag-movies","15":"tag-societe"},"share_on_mastodon":{"url":"https:\/\/pubeurope.com\/@fr\/115314976839197880","error":""},"_links":{"self":[{"href":"https:\/\/www.europesays.com\/fr\/wp-json\/wp\/v2\/posts\/438220","targetHints":{"allow":["GET"]}}],"collection":[{"href":"https:\/\/www.europesays.com\/fr\/wp-json\/wp\/v2\/posts"}],"about":[{"href":"https:\/\/www.europesays.com\/fr\/wp-json\/wp\/v2\/types\/post"}],"author":[{"embeddable":true,"href":"https:\/\/www.europesays.com\/fr\/wp-json\/wp\/v2\/users\/2"}],"replies":[{"embeddable":true,"href":"https:\/\/www.europesays.com\/fr\/wp-json\/wp\/v2\/comments?post=438220"}],"version-history":[{"count":0,"href":"https:\/\/www.europesays.com\/fr\/wp-json\/wp\/v2\/posts\/438220\/revisions"}],"wp:featuredmedia":[{"embeddable":true,"href":"https:\/\/www.europesays.com\/fr\/wp-json\/wp\/v2\/media\/438221"}],"wp:attachment":[{"href":"https:\/\/www.europesays.com\/fr\/wp-json\/wp\/v2\/media?parent=438220"}],"wp:term":[{"taxonomy":"category","embeddable":true,"href":"https:\/\/www.europesays.com\/fr\/wp-json\/wp\/v2\/categories?post=438220"},{"taxonomy":"post_tag","embeddable":true,"href":"https:\/\/www.europesays.com\/fr\/wp-json\/wp\/v2\/tags?post=438220"}],"curies":[{"name":"wp","href":"https:\/\/api.w.org\/{rel}","templated":true}]}}