{"id":438222,"date":"2025-10-04T08:34:16","date_gmt":"2025-10-04T08:34:16","guid":{"rendered":"https:\/\/www.europesays.com\/fr\/438222\/"},"modified":"2025-10-04T08:34:16","modified_gmt":"2025-10-04T08:34:16","slug":"cette-activite-a-pratiquer-3-minutes-par-jour-reduit-le-risque-de-cancer","status":"publish","type":"post","link":"https:\/\/www.europesays.com\/fr\/438222\/","title":{"rendered":"cette activit\u00e9 \u00e0 pratiquer 3 minutes par jour r\u00e9duit le risque de cancer"},"content":{"rendered":"<p class=\"mb-4 text-lg md:leading-8 break-words\">Le sport permettrait-il de pr\u00e9venir le cancer ? C\u2019est en tout cas ce que sugg\u00e8re une nouvelle \u00e9tude publi\u00e9e en juillet 2023 dans la revue JAMA Oncology et men\u00e9e par des chercheurs australiens de l\u2019Universit\u00e9 de Sydney. Celle-ci \u00e9tablit un lien entre la pratique quotidienne d\u2019une activit\u00e9 sportive de haute intensit\u00e9 m\u00eame sur une courte dur\u00e9e et la diminution du risque de cancer. Une d\u00e9couverte qui semble une nouvelle fois indiquer l\u2019importance de rester le plus actif possible afin de pr\u00e9server sa sant\u00e9.<\/p>\n<p>Mieux vaut pr\u00e9venir que gu\u00e9rir<\/p>\n<p class=\"mb-4 text-lg md:leading-8 break-words\">Comme le rapporte Presse Sant\u00e9, cette recherche a \u00e9t\u00e9 r\u00e9alis\u00e9e aupr\u00e8s de 22 000 adultes s\u00e9dentaires, qui ne pratiquaient pas d\u2019activit\u00e9 physique de fa\u00e7on r\u00e9guli\u00e8re. Suivis pendant sept ans, ces derniers ont re\u00e7u pour mission de se mettre au sport, en int\u00e9grant dans leur routine quotidienne des \u00ab\u00a0activit\u00e9s physiques intermittentes intenses\u00a0\u00bb, sur des p\u00e9riodes d&rsquo;une \u00e0 deux minutes. Aucune instruction ne leur a \u00e9t\u00e9 donn\u00e9e concernant leur alimentation, qui est donc rest\u00e9e la m\u00eame. R\u00e9sultat des courses, au terme de cette exp\u00e9rience, les chercheurs ont pu constater qu\u2019avec un minimum de 3,4 minutes d\u2019exercice par jour, les participants avaient vu leur risque de cancer se r\u00e9duire progressivement de 18% en moyenne. Et cela allait crescendo, plus la dur\u00e9e de l\u2019exercice \u00e9tait importante. Pour 4,5 minutes d\u2019exercice par jour, la r\u00e9duction du risque augmentait jusqu\u2019\u00e0 32%. \u00c0 noter que cela concerne (&#8230;)<\/p>\n<p class=\"mb-4 text-lg md:leading-8 break-words\"><a href=\"https:\/\/www.grazia.fr\/beaute\/forme-minceur\/la-science-est-formelle-cette-activit\u00e9-\u00e0-pratiquer-3-minutes-par-jour-reduit-le-risque-de-cancer-798089.html?utm_campaign=partenariat&amp;utm_source=yahoo-articles&amp;utm_medium=flux\" rel=\"nofollow noopener\" target=\"_blank\" data-ylk=\"slk:Lire la suite sur Grazia;elm:context_link;itc:0;sec:content-canvas\" class=\"link \">Lire la suite sur Grazia<\/a><\/p>\n<p class=\"mb-4 text-lg md:leading-8 break-words\"><a href=\"https:\/\/www.grazia.fr\/mode\/shopping\/11-nouveautes-zara-pour-lautomne-qui-paraissent-dix-fois-leur-prix-1190321.html?utm_campaign=partenariat&amp;utm_source=yahoo-articles&amp;utm_medium=flux\" rel=\"nofollow noopener\" target=\"_blank\" data-ylk=\"slk:11 nouveaut\u00e9s Zara pour l&#039;automne qui paraissent dix fois leur prix;elm:context_link;itc:0;sec:content-canvas\" class=\"link \">11 nouveaut\u00e9s Zara pour l&rsquo;automne qui paraissent dix fois leur prix<\/a><br \/><a href=\"https:\/\/www.grazia.fr\/people\/paris-jackson-ses-retrouvailles-inattendues-avec-un-membre-du-clan-jackson-bouleversent-la-fashion-week-1190596.html?utm_campaign=partenariat&amp;utm_source=yahoo-articles&amp;utm_medium=flux\" rel=\"nofollow noopener\" target=\"_blank\" data-ylk=\"slk:Paris Jackson : ses retrouvailles inattendues avec un membre du clan Jackson bouleversent la Fashion Week;elm:context_link;itc:0;sec:content-canvas\" class=\"link \">Paris Jackson : ses retrouvailles inattendues avec un membre du clan Jackson bouleversent la Fashion Week<\/a><br \/><a href=\"https:\/\/www.grazia.fr\/beaute\/parfum\/celine-dion-57-ans-nouveau-parfum-porte-secret-depuis-mois-touche-essentielle-pour-moi-1190611.html?utm_campaign=partenariat&amp;utm_source=yahoo-articles&amp;utm_medium=flux\" rel=\"nofollow noopener\" target=\"_blank\" data-ylk=\"slk:C\u00e9line Dion (57 ans) : voici le nouveau parfum qu\u2019elle porte en secret depuis des mois, \u201cune touche essentielle pour moi\u2026\u201d;elm:context_link;itc:0;sec:content-canvas\" class=\"link \">C\u00e9line Dion (57 ans) : voici le nouveau parfum qu\u2019elle porte en secret depuis des mois, \u201cune touche essentielle pour moi\u2026\u201d<\/a><br \/><a href=\"https:\/\/www.grazia.fr\/people\/cristina-cordula-decouvrez-son-appartement-chic-et-colore-qui-presente-toutefois-un-petit-bemol-1190515.html?utm_campaign=partenariat&amp;utm_source=yahoo-articles&amp;utm_medium=flux\" rel=\"nofollow noopener\" target=\"_blank\" data-ylk=\"slk:Cristina Cordula : d\u00e9couvrez son appartement &quot;chic et color\u00e9&quot; qui pr\u00e9sente toutefois un petit b\u00e9mol;elm:context_link;itc:0;sec:content-canvas\" class=\"link \">Cristina Cordula : d\u00e9couvrez son appartement \u00ab\u00a0chic et color\u00e9\u00a0\u00bb qui pr\u00e9sente toutefois un petit b\u00e9mol<\/a><br \/><a href=\"https:\/\/www.grazia.fr\/beaute\/soins-visage-corps\/je-parais-5-ans-moins-adieu-rides-pattes-doie-creme-coreenne-sephora-lifte-regard-3-minutes-1167228.html?utm_campaign=partenariat&amp;utm_source=yahoo-articles&amp;utm_medium=flux\" rel=\"nofollow noopener\" target=\"_blank\" data-ylk=\"slk:\u201cJe parais 5 ans de moins\u201d : adieu les rides pattes d&#039;oie, cette cr\u00e8me cor\u00e9enne vendue chez Sephora lifte le regard en 3 minutes chrono;elm:context_link;itc:0;sec:content-canvas\" class=\"link \">\u201cJe parais 5 ans de moins\u201d : adieu les rides pattes d&rsquo;oie, cette cr\u00e8me cor\u00e9enne vendue chez Sephora lifte le regard en 3 minutes chrono<\/a><\/p>\n","protected":false},"excerpt":{"rendered":"Le sport permettrait-il de pr\u00e9venir le cancer ? C\u2019est en tout cas ce que sugg\u00e8re une nouvelle \u00e9tude&hellip;\n","protected":false},"author":2,"featured_media":438223,"comment_status":"","ping_status":"","sticky":false,"template":"","format":"standard","meta":{"footnotes":""},"categories":[10],"tags":[101,1011,27,72,56532,56531,56530,71],"class_list":{"0":"post-438222","1":"post","2":"type-post","3":"status-publish","4":"format-standard","5":"has-post-thumbnail","7":"category-sante","8":"tag-cancer","9":"tag-fr","10":"tag-france","11":"tag-health","12":"tag-jama-oncology","13":"tag-presse-sante","14":"tag-resultat-des-courses","15":"tag-sante"},"share_on_mastodon":{"url":"https:\/\/pubeurope.com\/@fr\/115314980587415301","error":""},"_links":{"self":[{"href":"https:\/\/www.europesays.com\/fr\/wp-json\/wp\/v2\/posts\/438222","targetHints":{"allow":["GET"]}}],"collection":[{"href":"https:\/\/www.europesays.com\/fr\/wp-json\/wp\/v2\/posts"}],"about":[{"href":"https:\/\/www.europesays.com\/fr\/wp-json\/wp\/v2\/types\/post"}],"author":[{"embeddable":true,"href":"https:\/\/www.europesays.com\/fr\/wp-json\/wp\/v2\/users\/2"}],"replies":[{"embeddable":true,"href":"https:\/\/www.europesays.com\/fr\/wp-json\/wp\/v2\/comments?post=438222"}],"version-history":[{"count":0,"href":"https:\/\/www.europesays.com\/fr\/wp-json\/wp\/v2\/posts\/438222\/revisions"}],"wp:featuredmedia":[{"embeddable":true,"href":"https:\/\/www.europesays.com\/fr\/wp-json\/wp\/v2\/media\/438223"}],"wp:attachment":[{"href":"https:\/\/www.europesays.com\/fr\/wp-json\/wp\/v2\/media?parent=438222"}],"wp:term":[{"taxonomy":"category","embeddable":true,"href":"https:\/\/www.europesays.com\/fr\/wp-json\/wp\/v2\/categories?post=438222"},{"taxonomy":"post_tag","embeddable":true,"href":"https:\/\/www.europesays.com\/fr\/wp-json\/wp\/v2\/tags?post=438222"}],"curies":[{"name":"wp","href":"https:\/\/api.w.org\/{rel}","templated":true}]}}