{"id":438242,"date":"2025-10-04T08:44:12","date_gmt":"2025-10-04T08:44:12","guid":{"rendered":"https:\/\/www.europesays.com\/fr\/438242\/"},"modified":"2025-10-04T08:44:12","modified_gmt":"2025-10-04T08:44:12","slug":"meurthe-et-moselle-la-voiture-entre-en-collision-avec-le-bus-a-liverdun-un-conducteur-blesse-gravement","status":"publish","type":"post","link":"https:\/\/www.europesays.com\/fr\/438242\/","title":{"rendered":"Meurthe-et-Moselle. La voiture entre en collision avec le bus \u00e0 Liverdun, un conducteur bless\u00e9 gravement"},"content":{"rendered":"<p>Un bus et une voiture sont entr\u00e9s en collision ce samedi 4\u00a0octobre, vers 5\u00a0h\u00a030, dans la descente de Liverdun, sur la RD 90B.<\/p>\n<p>D\u2019apr\u00e8s les premiers \u00e9l\u00e9ments recueillis, l\u2019automobiliste circulait dans le sens descendant au moment du violent choc lat\u00e9ral avec un bus de la soci\u00e9t\u00e9 Keolis qui montait.<\/p>\n<p>La voiture a \u00e9t\u00e9 projet\u00e9e contre le haut mur qui borde la route, puis contre un muret.<\/p>\n<p>Le conducteur, un jeune homme de 20 ans, prisonnier de l\u2019habitacle d\u00e9form\u00e9 a pu \u00eatre extrait de son v\u00e9hicule au terme d\u2019une longue d\u00e9sincarc\u00e9ration.<\/p>\n<p>Ce contenu est bloqu\u00e9 car vous n&rsquo;avez pas accept\u00e9 les cookies et autres traceurs.<\/p>\n<p>En cliquant sur \u00ab J\u2019accepte \u00bb, les cookies et autres traceurs seront d\u00e9pos\u00e9s et vous pourrez visualiser les contenus  (<a href=\"\" class=\"consentModule_policy\" target=\"_blank\" title=\"Consulter la politique de protection des donn\u00e9es du fournisseur\">plus d&rsquo;informations<\/a>).<\/p>\n<p>En cliquant sur \u00ab J\u2019accepte tous les cookies \u00bb, vous autorisez des d\u00e9p\u00f4ts de cookies et autres traceurs pour le stockage de vos donn\u00e9es sur nos sites et applications \u00e0 des fins de personnalisation et de ciblage publicitaire.<\/p>\n<p class=\"consentModule_secondaryText\">Vous gardez la possibilit\u00e9 de retirer votre consentement \u00e0 tout moment en consultant notre <a href=\"https:\/\/www.estrepublicain.fr\/protection-des-donnees\" target=\"_blank\" title=\"Consulter notre politique de protection des donn\u00e9es\" rel=\"noopener\">politique de protection des donn\u00e9es<\/a>. <br \/>&#13;<br \/>\n            <a href=\"https:\/\/www.estrepublicain.fr\/faits-divers-justice\/2025\/10\/04\/javascript:Didomi.notice.show()\" class=\"consentModule_cmp\" target=\"_blank\" rel=\"noopener\">G\u00e9rer mes choix<\/a>&#13;\n        <\/p>\n<p>&#13;<br \/>\n                        J&rsquo;accepte&#13;<br \/>\n            J&rsquo;accepte tous les cookies&#13;\n        <\/p>\n<p>Gri\u00e8vement bless\u00e9, pris en charge par les pompiers de Pompey, Nancy et l\u2019\u00e9quipe m\u00e9dicale du SMUR, il a \u00e9t\u00e9 transport\u00e9 vers les urgences de l\u2019h\u00f4pital Central, \u00e0 Nancy.<\/p>\n<p>Choqu\u00e9, le chauffeur du bus, qui dessert le bassin de Pompey, est indemne.<\/p>\n<p>La gendarmerie, dont le PSIG, \u00e9tait sur place afin de proc\u00e9der aux constatations et d\u00e9terminer les causes de cet accident.<\/p>\n","protected":false},"excerpt":{"rendered":"Un bus et une voiture sont entr\u00e9s en collision ce samedi 4\u00a0octobre, vers 5\u00a0h\u00a030, dans la descente de&hellip;\n","protected":false},"author":2,"featured_media":438243,"comment_status":"","ping_status":"","sticky":false,"template":"","format":"standard","meta":{"footnotes":""},"categories":[9635],"tags":[119,1111,11,9661,1704,1777,674,274,1011,27,775,13318,3457,1702,12,25],"class_list":{"0":"post-438242","1":"post","2":"type-post","3":"status-publish","4":"format-standard","5":"has-post-thumbnail","7":"category-nancy","8":"tag-accident","9":"tag-actu","10":"tag-actualites","11":"tag-cc-du-bassin-de-pompey-54b1","12":"tag-edition-nancy-et-agglomeration","13":"tag-eu","14":"tag-europe","15":"tag-faits-divers-justice","16":"tag-fr","17":"tag-france","18":"tag-grand-est","19":"tag-liverdun","20":"tag-meurthe-et-moselle","21":"tag-nancy","22":"tag-news","23":"tag-republique-francaise"},"share_on_mastodon":{"url":"https:\/\/pubeurope.com\/@fr\/115315019888071261","error":""},"_links":{"self":[{"href":"https:\/\/www.europesays.com\/fr\/wp-json\/wp\/v2\/posts\/438242","targetHints":{"allow":["GET"]}}],"collection":[{"href":"https:\/\/www.europesays.com\/fr\/wp-json\/wp\/v2\/posts"}],"about":[{"href":"https:\/\/www.europesays.com\/fr\/wp-json\/wp\/v2\/types\/post"}],"author":[{"embeddable":true,"href":"https:\/\/www.europesays.com\/fr\/wp-json\/wp\/v2\/users\/2"}],"replies":[{"embeddable":true,"href":"https:\/\/www.europesays.com\/fr\/wp-json\/wp\/v2\/comments?post=438242"}],"version-history":[{"count":0,"href":"https:\/\/www.europesays.com\/fr\/wp-json\/wp\/v2\/posts\/438242\/revisions"}],"wp:featuredmedia":[{"embeddable":true,"href":"https:\/\/www.europesays.com\/fr\/wp-json\/wp\/v2\/media\/438243"}],"wp:attachment":[{"href":"https:\/\/www.europesays.com\/fr\/wp-json\/wp\/v2\/media?parent=438242"}],"wp:term":[{"taxonomy":"category","embeddable":true,"href":"https:\/\/www.europesays.com\/fr\/wp-json\/wp\/v2\/categories?post=438242"},{"taxonomy":"post_tag","embeddable":true,"href":"https:\/\/www.europesays.com\/fr\/wp-json\/wp\/v2\/tags?post=438242"}],"curies":[{"name":"wp","href":"https:\/\/api.w.org\/{rel}","templated":true}]}}