{"id":438270,"date":"2025-10-04T09:05:54","date_gmt":"2025-10-04T09:05:54","guid":{"rendered":"https:\/\/www.europesays.com\/fr\/438270\/"},"modified":"2025-10-04T09:05:54","modified_gmt":"2025-10-04T09:05:54","slug":"la-gare-bloquee-en-soutien-a-la-flottille","status":"publish","type":"post","link":"https:\/\/www.europesays.com\/fr\/438270\/","title":{"rendered":"la gare bloqu\u00e9e en soutien \u00e0 la flottille"},"content":{"rendered":"<p>La flottille pour Gaza a \u00e9t\u00e9 <a href=\"https:\/\/contre-attaque.net\/2025\/10\/01\/la-flottille-pour-gaza-est-en-cours-darraisonnement-riposte-immediate\/\" rel=\"nofollow noopener\" target=\"_blank\">attaqu\u00e9e le soir du 1er octobre par l\u2019arm\u00e9e isra\u00e9lienne<\/a>, et la traque s\u2019est poursuivie pendant quasiment 24 heures : la totalit\u00e9 des 44 navires a \u00e9t\u00e9 arraisonn\u00e9e et leurs \u00e9quipages kidnapp\u00e9s. Le dernier bateau captur\u00e9 jeudi 2 octobre n\u2019\u00e9tait plus qu\u2019\u00e0 quelques kilom\u00e8tres des c\u00f4tes de Gaza.<\/p>\n<p>\u00c0 Nantes <a href=\"https:\/\/contre-attaque.net\/2025\/10\/02\/flottille-pour-gaza-les-premieres-actions-de-soutien-ont-commence\/\" rel=\"nofollow noopener\" target=\"_blank\">comme partout dans le monde<\/a>, des mobilisations ont eu lieu pour soutenir la flottille et ses membres. Un appel en d\u00e9but de soir\u00e9e sur l\u2019habituel Miroir d\u2019eau, suivi de prises de parole et d\u2019un cort\u00e8ge qui avait tout d\u2019une manifestation classique a fait un grand tour dans la ville. Drapeaux hiss\u00e9s et slogans hurl\u00e9s pour un cort\u00e8ge d\u2019environ 2000 personnes. Alors que pour la manifestation syndicale du matin, un dispositif policier colossal avait \u00e9t\u00e9 d\u00e9ploy\u00e9, il n\u2019y avait que peu de forces de l\u2019ordre ce soir, et le d\u00e9fil\u00e9 a lieu dans le calme.<\/p>\n<p>De retour au Miroir d\u2019eau, des collectifs prennent la parole et un cort\u00e8ge d\u00e9termin\u00e9 d\u2019environ 200 personnes d\u00e9cide de poursuivre la mobilisation pour faire entendre la col\u00e8re.<\/p>\n<p>\u00c0 peine parti, une dizaine de camions de CRS, sir\u00e8nes hurlantes, sortent de leur cachette pour essayer d\u2019arr\u00eater le cort\u00e8ge sauvage. Mais il est trop tard ! Escort\u00e9s par les klaxons des automobilistes et arriv\u00e9s sans encombre sur le parvis, les manifestant-es envahissent la gare et scandent \u00abLib\u00e9rez les flottilles, Lib\u00e9rez la Palestine\u00bb.<\/p>\n<p>La gare se remplit et les quais d\u00e9bordent. Les rails sont occup\u00e9s. On entend chanter \u00abGaza, Nantes est avec toi !\u00bb C\u2019est un moment de force collective avant une arriv\u00e9e fracassante des CRS qui ont rattrap\u00e9 leur retard. Ils se mettent \u00e0 courir pour effrayer les manifestant-es qui se retrouvent dans les escalators des quais, en les huant. Les CRS chassent les militants jusqu\u2019\u00e0 la sortie de la gare. La foule se disperse et les forces de l\u2019ordre entourent la gare et filtrent les sorties. R\u00e9ussir \u00e0 bloquer ce lieu strat\u00e9gique, m\u00eame quelques instants, est d\u00e9j\u00e0 un exploit tant il est inaccessible et militaris\u00e9 \u00e0 chaque manifestation.<\/p>\n<p>Apr\u00e8s plus de 2 ans de g\u00e9nocide, les luttes palestiniennes trouvent un \u00e9cho toujours plus fort \u00e0 Nantes comme ailleurs.<\/p>\n","protected":false},"excerpt":{"rendered":"La flottille pour Gaza a \u00e9t\u00e9 attaqu\u00e9e le soir du 1er octobre par l\u2019arm\u00e9e isra\u00e9lienne, et la traque&hellip;\n","protected":false},"author":2,"featured_media":438271,"comment_status":"","ping_status":"","sticky":false,"template":"","format":"standard","meta":{"footnotes":""},"categories":[2818],"tags":[1111,11,7551,1777,674,49340,1011,27,665,766,12,3518,2636,2189,25],"class_list":{"0":"post-438270","1":"post","2":"type-post","3":"status-publish","4":"format-standard","5":"has-post-thumbnail","7":"category-nantes","8":"tag-actu","9":"tag-actualites","10":"tag-blocage","11":"tag-eu","12":"tag-europe","13":"tag-flottille-de-la-liberte","14":"tag-fr","15":"tag-france","16":"tag-gaza","17":"tag-nantes","18":"tag-news","19":"tag-palestine","20":"tag-pays-de-la-loire","21":"tag-photos","22":"tag-republique-francaise"},"share_on_mastodon":{"url":"https:\/\/pubeurope.com\/@fr\/115315106338687963","error":""},"_links":{"self":[{"href":"https:\/\/www.europesays.com\/fr\/wp-json\/wp\/v2\/posts\/438270","targetHints":{"allow":["GET"]}}],"collection":[{"href":"https:\/\/www.europesays.com\/fr\/wp-json\/wp\/v2\/posts"}],"about":[{"href":"https:\/\/www.europesays.com\/fr\/wp-json\/wp\/v2\/types\/post"}],"author":[{"embeddable":true,"href":"https:\/\/www.europesays.com\/fr\/wp-json\/wp\/v2\/users\/2"}],"replies":[{"embeddable":true,"href":"https:\/\/www.europesays.com\/fr\/wp-json\/wp\/v2\/comments?post=438270"}],"version-history":[{"count":0,"href":"https:\/\/www.europesays.com\/fr\/wp-json\/wp\/v2\/posts\/438270\/revisions"}],"wp:featuredmedia":[{"embeddable":true,"href":"https:\/\/www.europesays.com\/fr\/wp-json\/wp\/v2\/media\/438271"}],"wp:attachment":[{"href":"https:\/\/www.europesays.com\/fr\/wp-json\/wp\/v2\/media?parent=438270"}],"wp:term":[{"taxonomy":"category","embeddable":true,"href":"https:\/\/www.europesays.com\/fr\/wp-json\/wp\/v2\/categories?post=438270"},{"taxonomy":"post_tag","embeddable":true,"href":"https:\/\/www.europesays.com\/fr\/wp-json\/wp\/v2\/tags?post=438270"}],"curies":[{"name":"wp","href":"https:\/\/api.w.org\/{rel}","templated":true}]}}