{"id":438272,"date":"2025-10-04T09:07:11","date_gmt":"2025-10-04T09:07:11","guid":{"rendered":"https:\/\/www.europesays.com\/fr\/438272\/"},"modified":"2025-10-04T09:07:11","modified_gmt":"2025-10-04T09:07:11","slug":"la-foret-et-sa-rentabilite","status":"publish","type":"post","link":"https:\/\/www.europesays.com\/fr\/438272\/","title":{"rendered":"La for\u00eat et sa rentabilit\u00e9"},"content":{"rendered":"<p>Le 19\u00a0septembre a eu lieu \u00e0 Biganos (33), la 108e assembl\u00e9e g\u00e9n\u00e9rale du syndicat des sylviculteurs du Sud-Ouest, fort bien r\u00e9sum\u00e9e dans votre \u00e9dition du lendemain. Outre les pr\u00e9occupations de gestion d\u00e9j\u00e0 identifi\u00e9es, le principal souci du moment pour les propri\u00e9taires de la plus grande for\u00eat artificielle d\u2019Europe est donc l\u2019artificialisation de \u00ab\u00a0leur\u00a0\u00bb for\u00eat. Et si la biodiversit\u00e9 actuelle, appel\u00e9e en renfort, et menac\u00e9e, elle n\u2019est pas plus digne d\u2019int\u00e9r\u00eat que celle d\u00e9fendue il y a\u00a0150 ans par F\u00e9lix Arnaudin et les bergers qui hantaient la \u00ab\u00a0Grande Lande\u00a0\u00bb. Il y a\u00a0150 ans, Napol\u00e9on III incitait les propri\u00e9taires \u00e0 planter des pins. Aujourd\u2019hui il les inviterait \u00e0 planter des panneaux photovolta\u00efques, \u00e0 faire de l\u2019agroforesterie, de l\u2019agrivolta\u00efque, du bois-\u00e9nergie. Simple question de rentabilit\u00e9.<\/p>\n","protected":false},"excerpt":{"rendered":"Le 19\u00a0septembre a eu lieu \u00e0 Biganos (33), la 108e assembl\u00e9e g\u00e9n\u00e9rale du syndicat des sylviculteurs du Sud-Ouest,&hellip;\n","protected":false},"author":2,"featured_media":438273,"comment_status":"","ping_status":"","sticky":false,"template":"","format":"standard","meta":{"footnotes":""},"categories":[2817],"tags":[1111,11,1997,1777,674,1011,27,12,2219,25],"class_list":{"0":"post-438272","1":"post","2":"type-post","3":"status-publish","4":"format-standard","5":"has-post-thumbnail","7":"category-bordeaux","8":"tag-actu","9":"tag-actualites","10":"tag-bordeaux","11":"tag-eu","12":"tag-europe","13":"tag-fr","14":"tag-france","15":"tag-news","16":"tag-nouvelle-aquitaine","17":"tag-republique-francaise"},"share_on_mastodon":{"url":"https:\/\/pubeurope.com\/@fr\/115315110312206810","error":""},"_links":{"self":[{"href":"https:\/\/www.europesays.com\/fr\/wp-json\/wp\/v2\/posts\/438272","targetHints":{"allow":["GET"]}}],"collection":[{"href":"https:\/\/www.europesays.com\/fr\/wp-json\/wp\/v2\/posts"}],"about":[{"href":"https:\/\/www.europesays.com\/fr\/wp-json\/wp\/v2\/types\/post"}],"author":[{"embeddable":true,"href":"https:\/\/www.europesays.com\/fr\/wp-json\/wp\/v2\/users\/2"}],"replies":[{"embeddable":true,"href":"https:\/\/www.europesays.com\/fr\/wp-json\/wp\/v2\/comments?post=438272"}],"version-history":[{"count":0,"href":"https:\/\/www.europesays.com\/fr\/wp-json\/wp\/v2\/posts\/438272\/revisions"}],"wp:featuredmedia":[{"embeddable":true,"href":"https:\/\/www.europesays.com\/fr\/wp-json\/wp\/v2\/media\/438273"}],"wp:attachment":[{"href":"https:\/\/www.europesays.com\/fr\/wp-json\/wp\/v2\/media?parent=438272"}],"wp:term":[{"taxonomy":"category","embeddable":true,"href":"https:\/\/www.europesays.com\/fr\/wp-json\/wp\/v2\/categories?post=438272"},{"taxonomy":"post_tag","embeddable":true,"href":"https:\/\/www.europesays.com\/fr\/wp-json\/wp\/v2\/tags?post=438272"}],"curies":[{"name":"wp","href":"https:\/\/api.w.org\/{rel}","templated":true}]}}