{"id":438285,"date":"2025-10-04T09:14:20","date_gmt":"2025-10-04T09:14:20","guid":{"rendered":"https:\/\/www.europesays.com\/fr\/438285\/"},"modified":"2025-10-04T09:14:20","modified_gmt":"2025-10-04T09:14:20","slug":"pres-de-marseille-une-dispute-de-couple-vire-au-bain-de-sang-en-pleine-rue-un-homme-tue","status":"publish","type":"post","link":"https:\/\/www.europesays.com\/fr\/438285\/","title":{"rendered":"Pr\u00e8s de Marseille. Une dispute de couple vire au bain de sang en pleine rue, un homme tu\u00e9"},"content":{"rendered":"<p>            Par<br \/>\n        <strong><br \/>\n            <a href=\"https:\/\/actu.fr\/auteur\/fabien-binacchi\" title=\"Consulter tous les articles de Fabien Binacchi\" rel=\"nofollow noopener\" target=\"_blank\">Fabien Binacchi<\/a><br \/>\n        <\/strong><\/p>\n<p>        Publi\u00e9 le<\/p>\n<p>            4 oct. 2025 \u00e0 10h57        <\/p>\n<p>Une dispute qui a vir\u00e9 au drame. En pleine nuit, ce samedi 4\u00a0octobre 2025, \u00e0 <a href=\"https:\/\/actu.fr\/provence-alpes-cote-d-azur\/cabries_13019\" rel=\"nofollow noopener\" target=\"_blank\">Cabri\u00e8s<\/a>, pr\u00e8s de <a href=\"https:\/\/actu.fr\/marseille\/\" rel=\"nofollow noopener\" target=\"_blank\">Marseille<\/a>, un homme de 25\u00a0ans est d\u00e9c\u00e9d\u00e9 apr\u00e8s avoir <strong>\u00e9chang\u00e9 des coups de couteau<\/strong> avec sa compagne, apprend actu Marseille de source polici\u00e8re et aupr\u00e8s des pompiers des <a href=\"https:\/\/actu.fr\/provence-alpes-cote-d-azur\/bouches-du-rhone_13\" rel=\"nofollow noopener\" target=\"_blank\">Bouches-du-Rh\u00f4ne<\/a>. La femme, \u00e2g\u00e9e de 35\u00a0ans, est <strong>entre la vie et la mort.<\/strong><\/p>\n<p class=\" wall-content\">Selon les premiers \u00e9l\u00e9ments, il s\u2019agirait d\u2019un couple.<\/p>\n<p>Un v\u00e9ritable bain de sang<\/p>\n<p class=\" wall-content\">C\u2019est une sc\u00e8ne d\u2019une <strong>insoutenable horreur<\/strong> \u00e0 laquelle des t\u00e9moins ont assist\u00e9 vers 1h du matin ce samedi 4\u00a0octobre, avenue du plan de campagne \u00e0 Cabri\u00e8s.<\/p>\n<p>    <a href=\"https:\/\/www.google.com\/maps\/embed?pb=!1m18!1m12!1m3!1d2683.1277899965403!2d5.3425658112882255!3d43.4140012677489!2m3!1f0!2f0!3f0!3m2!1i1024!2i768!4f13.1!3m3!1m2!1s0x12c9eba251389927%3A0x27aa5c41d33eff0c!2sAv.%20du%20Plan%20de%20Campagne!5e1!3m2!1sfr!2sfr!4v1759567683583!5m2!1sfr!2sfr\" title=\"Ouvrie le lien\" rel=\"nofollow noopener\" target=\"_blank\">Cliquez ici pour visualiser le contenu<\/a><\/p>\n<p class=\" wall-content\">Une bagarre de couple qui a commenc\u00e9 <strong>dans une voiture parqu\u00e9e sur la voie publique<\/strong> s\u2019est termin\u00e9e en v\u00e9ritable bain de sang. Des traces ont \u00e9t\u00e9 retrouv\u00e9es dans l\u2019habitacle, sur le v\u00e9hicule mais aussi tout autour. Selon les premiers \u00e9l\u00e9ments, les deux individus, domicili\u00e9s \u00e0 Marseille, se sont mutuellement inflig\u00e9 de nombreux coups de couteau.<\/p>\n<p>Pronostic vital engag\u00e9<\/p>\n<p class=\" wall-content\">\u00c0 l\u2019arriv\u00e9e des secours, la situation est d\u00e9sesp\u00e9r\u00e9e. L\u2019homme, <strong>couvert de plaies et ensanglant\u00e9,<\/strong> est en arr\u00eat cardiorespiratoire. Il est finalement d\u00e9clar\u00e9 d\u00e9c\u00e9d\u00e9 vers 1h45, indiquent les pompiers des Bouches-du-Rh\u00f4ne \u00e0 actu Marseille.<\/p>\n<p class=\" wall-content\">La femme, \u00e9galement <strong>touch\u00e9e \u00e0 plusieurs reprises,<\/strong> est gri\u00e8vement bless\u00e9e. Elle est transport\u00e9e \u00e0 l\u2019h\u00f4pital Nord, \u00e0 Marseille. Et son pronostic vital est engag\u00e9.<\/p>\n<p>Votre r\u00e9gion, votre actu !<\/p>\n<p>Recevez chaque jour les infos qui comptent pour vous.<\/p>\n<p>\t<a href=\"https:\/\/actu.fr\/newsletter\" class=\"ac-btn ac-btn--corner ac-btn--medium ac-btn--blue800\" rel=\"nofollow noopener\" target=\"_blank\">S&rsquo;incrire<\/a><br \/>\nUn couteau saisi sur la sc\u00e8ne de crime<\/p>\n<p class=\" wall-content\">La <strong>police scientifique<\/strong> a \u00e9t\u00e9 d\u00e9p\u00each\u00e9e sur place. De nombreux relev\u00e9s ont \u00e9t\u00e9 effectu\u00e9s. Le couteau retrouv\u00e9 sur la sc\u00e8ne de crime a notamment \u00e9t\u00e9 saisi.<\/p>\n<p class=\" wall-content\">Une enqu\u00eate a \u00e9t\u00e9 imm\u00e9diatement ouverte. Elle devrait permettre de d\u00e9terminer les circonstances de <strong>ce v\u00e9ritable d\u00e9cha\u00eenement de violence.<\/strong><\/p>\n<p class=\" wall-content\">Personnalisez votre actualit\u00e9 en ajoutant vos villes et m\u00e9dias en favori avec <a href=\"https:\/\/moncompte.actu.fr\" title=\"D\u00e9couvez Mon Actu\" rel=\"nofollow noopener\" data-trk=\"{&quot;cta&quot;:{&quot;action&quot;:&quot;https:\\\/\\\/moncompte.actu.fr&quot;,&quot;category&quot;:&quot;mon compte&quot;,&quot;from&quot;:&quot;article footer&quot;,&quot;name&quot;:&quot;Mon actu&quot;,&quot;type&quot;:&quot;cta&quot;}}\" target=\"_blank\">Mon Actu<\/a>.<\/p>\n","protected":false},"excerpt":{"rendered":"Par Fabien Binacchi Publi\u00e9 le 4 oct. 2025 \u00e0 10h57 Une dispute qui a vir\u00e9 au drame. En&hellip;\n","protected":false},"author":2,"featured_media":276145,"comment_status":"","ping_status":"","sticky":false,"template":"","format":"standard","meta":{"footnotes":""},"categories":[2814],"tags":[1111,11,1777,674,118,1011,27,884,12,1072,1311,882,25],"class_list":{"0":"post-438285","1":"post","2":"type-post","3":"status-publish","4":"format-standard","5":"has-post-thumbnail","7":"category-marseille","8":"tag-actu","9":"tag-actualites","10":"tag-eu","11":"tag-europe","12":"tag-faits-divers","13":"tag-fr","14":"tag-france","15":"tag-marseille","16":"tag-news","17":"tag-police","18":"tag-pompiers","19":"tag-provence-alpes-cote-dazur","20":"tag-republique-francaise"},"share_on_mastodon":{"url":"https:\/\/pubeurope.com\/@fr\/115315137833475772","error":""},"_links":{"self":[{"href":"https:\/\/www.europesays.com\/fr\/wp-json\/wp\/v2\/posts\/438285","targetHints":{"allow":["GET"]}}],"collection":[{"href":"https:\/\/www.europesays.com\/fr\/wp-json\/wp\/v2\/posts"}],"about":[{"href":"https:\/\/www.europesays.com\/fr\/wp-json\/wp\/v2\/types\/post"}],"author":[{"embeddable":true,"href":"https:\/\/www.europesays.com\/fr\/wp-json\/wp\/v2\/users\/2"}],"replies":[{"embeddable":true,"href":"https:\/\/www.europesays.com\/fr\/wp-json\/wp\/v2\/comments?post=438285"}],"version-history":[{"count":0,"href":"https:\/\/www.europesays.com\/fr\/wp-json\/wp\/v2\/posts\/438285\/revisions"}],"wp:featuredmedia":[{"embeddable":true,"href":"https:\/\/www.europesays.com\/fr\/wp-json\/wp\/v2\/media\/276145"}],"wp:attachment":[{"href":"https:\/\/www.europesays.com\/fr\/wp-json\/wp\/v2\/media?parent=438285"}],"wp:term":[{"taxonomy":"category","embeddable":true,"href":"https:\/\/www.europesays.com\/fr\/wp-json\/wp\/v2\/categories?post=438285"},{"taxonomy":"post_tag","embeddable":true,"href":"https:\/\/www.europesays.com\/fr\/wp-json\/wp\/v2\/tags?post=438285"}],"curies":[{"name":"wp","href":"https:\/\/api.w.org\/{rel}","templated":true}]}}