{"id":438292,"date":"2025-10-04T09:22:12","date_gmt":"2025-10-04T09:22:12","guid":{"rendered":"https:\/\/www.europesays.com\/fr\/438292\/"},"modified":"2025-10-04T09:22:12","modified_gmt":"2025-10-04T09:22:12","slug":"lun-des-principaux-financeurs-du-grand-magasin-soppose-au-projet","status":"publish","type":"post","link":"https:\/\/www.europesays.com\/fr\/438292\/","title":{"rendered":"l&rsquo;un des principaux financeurs du grand magasin s&rsquo;oppose au projet"},"content":{"rendered":"<p>            Par<br \/>\n        <strong><br \/>\n            <a href=\"https:\/\/actu.fr\/auteur\/glenn-gillet\" title=\"Consulter tous les articles de Glenn Gillet\" target=\"_blank\" rel=\"noopener\">Glenn Gillet<\/a><br \/>\n        <\/strong><\/p>\n<p>        Publi\u00e9 le<\/p>\n<p>            4 oct. 2025 \u00e0 9h26        <\/p>\n<p>Le projet des repreneurs du BHV Marais semble avoir <strong>du plomb dans l\u2019aile<\/strong>. La Caisse des d\u00e9p\u00f4ts, institution publique principale financeuse du <a href=\"https:\/\/actu.fr\/ile-de-france\/paris_75056\/paris-salle-de-sport-marche-alimentaire-a-quoi-pourrait-ressembler-le-nouveau-bhv-marais_62786226.html\" target=\"_blank\" rel=\"noopener\">rachat de l\u2019ancien Bazar de l\u2019H\u00f4tel<\/a> de Ville par la Soci\u00e9t\u00e9 des grands magasins (SGM), a fait part vendredi 3\u00a0octobre 2025 de son <strong>opposition<\/strong> au projet d\u2019<a href=\"https:\/\/actu.fr\/societe\/magasins-shein-en-france-commercants-et-elus-vent-debout-contre-l-implantation-du-geant-de-la-fast-fashion_63248543.html\" target=\"_blank\" rel=\"noopener\">accueil d\u2019un magasin du g\u00e9ant chinois de la fast fashion Shein<\/a> au sein de l\u2019\u00e9tablissement, apr\u00e8s plusieurs jours de <a href=\"https:\/\/actu.fr\/ile-de-france\/paris_75056\/une-tres-mauvaise-nouvelle-la-mairie-de-paris-inquiete-face-a-l-ouverture-d-un-magasin-shein-au-bhv_63245451.html\" target=\"_blank\" rel=\"noopener\">pol\u00e9mique<\/a>.<\/p>\n<p>La Caisse des d\u00e9p\u00f4ts \u00ab\u2009pas inform\u00e9e\u2009\u00bb du projet et \u00ab\u2009pas favorable\u2009\u00bb<\/p>\n<p class=\" wall-content\">\u00ab\u2009Le groupe Caisse des D\u00e9p\u00f4ts tient \u00e0 pr\u00e9ciser qu\u2019il n\u2019a jamais \u00e9t\u00e9 inform\u00e9 des projets commerciaux de la SGM avec l\u2019entreprise Shein avant les informations parues dans la presse ce jour et qu\u2019il n\u2019y est <strong>pas favorable<\/strong>\u2009\u00bb, \u00e9crit ainsi l\u2019institution dans un communiqu\u00e9.<\/p>\n<p class=\" wall-content\">Au printemps dernier, le groupe public s\u2019est port\u00e9 soutien de la SGM, dirig\u00e9e par l\u2019homme d\u2019affaires Fr\u00e9d\u00e9ric Merlin, afin de lui permettre racheter les murs du BHV au printemps dernier, apr\u00e8s la <a href=\"https:\/\/actu.fr\/ile-de-france\/paris_75056\/bhv-les-galeries-lafayette-vendent-leur-bazar-mythique-du-marais-a-paris_60318359.html\" target=\"_blank\" rel=\"noopener\">reprise du fonds de commerce \u00e0 l\u2019hiver 2023<\/a>. Mais ce \u00ab\u2009projet de fonci\u00e8re actuellement en n\u00e9gociations entre la Banque des Territoires (qui fait partie de Caisse des d\u00e9p\u00f4ts, NDLR) et la SGM ne concerne en aucun cas ce partenariat commercial\u2009\u00bb avec Shein.<\/p>\n<p class=\" wall-content\">L\u2019institution financi\u00e8re souligne \u00e0 ce titre que chacun de ses investissements \u00ab\u2009est <strong>strictement conditionn\u00e9 <\/strong>au respect des valeurs qui fondent notre action\u2009: soutenir une \u00e9conomie responsable et de proximit\u00e9, favoriser la transition \u00e9cologique et accompagner les collectivit\u00e9s locales et les acteurs de terrain dans leurs projets \u00e0 impact positif. Ces principes constituent un cadre incontournable, tout projet accompagn\u00e9 par la Caisse des D\u00e9p\u00f4ts doit s\u2019y inscrire\u2009\u00bb.<\/p>\n<p>Toll\u00e9 aupr\u00e8s des commer\u00e7ants du quartier et des \u00e9lus<\/p>\n<p class=\" wall-content\">Autant de valeurs qui apparaissent comme incompatibles avec les pratiques de Shein\u2009: le g\u00e9ant chinois de la fast fashion est accus\u00e9 de <strong>surexploiter sa main-d\u2019\u0153uvre<\/strong> et son impact \u00e9cologique est colossal avec des v\u00eatements majoritairement fabriqu\u00e9s en plastique et une \u00e9mission de <strong>16,7\u00a0millions de tonnes de dioxyde de carbone<\/strong> en 2023, le double de l\u2019ann\u00e9e pr\u00e9c\u00e9dente, soit plus que le g\u00e9ant H&amp;M et presque autant que l\u2019autre g\u00e9ant du secteur, Inditex (Zara, Bershka, Pull&amp;Bear, Stradivarius\u2026).<\/p>\n<p class=\" wall-content\">Le projet d\u2019installation de Shein au BHV Marais a caus\u00e9 plus d\u2019un <strong>remous<\/strong>\u2009: la municipalit\u00e9 parisienne, bien qu\u2019impuissante sur le plan l\u00e9gal, a affirm\u00e9 sa ferme opposition \u00e0 cette initiative en invoquant, en plus des enjeux sociaux et \u00e9cologiques, la fragilisation des plus petits commerces du quartier. Par ailleurs, plusieurs marques et enseigne de cosm\u00e9tiques (Talm, Aime) ou de pr\u00eat-\u00e0-porter (Culture Vintage, Panafrica) pr\u00e9sentes dans le magasin ont annonc\u00e9 leur d\u00e9part.<\/p>\n<p class=\" wall-content\">Personnalisez votre actualit\u00e9 en ajoutant vos villes et m\u00e9dias en favori avec <a href=\"https:\/\/moncompte.actu.fr\" title=\"D\u00e9couvez Mon Actu\" rel=\"nofollow noopener\" data-trk=\"{&quot;cta&quot;:{&quot;action&quot;:&quot;https:\\\/\\\/moncompte.actu.fr&quot;,&quot;category&quot;:&quot;mon compte&quot;,&quot;from&quot;:&quot;article footer&quot;,&quot;name&quot;:&quot;Mon actu&quot;,&quot;type&quot;:&quot;cta&quot;}}\" target=\"_blank\">Mon Actu<\/a>.<\/p>\n","protected":false},"excerpt":{"rendered":"Par Glenn Gillet Publi\u00e9 le 4 oct. 2025 \u00e0 9h26 Le projet des repreneurs du BHV Marais semble&hellip;\n","protected":false},"author":2,"featured_media":431559,"comment_status":"","ping_status":"","sticky":false,"template":"","format":"standard","meta":{"footnotes":""},"categories":[1888],"tags":[1111,1928,11,1927,4753,215,33,1777,674,1011,27,24797,12,1926,626,1925,25,216],"class_list":{"0":"post-438292","1":"post","2":"type-post","3":"status-publish","4":"format-standard","5":"has-post-thumbnail","7":"category-paris","8":"tag-actu","9":"tag-actu-paris","10":"tag-actualites","11":"tag-actualites-paris","12":"tag-bhv","13":"tag-commerce","14":"tag-economie","15":"tag-eu","16":"tag-europe","17":"tag-fr","18":"tag-france","19":"tag-le-marais","20":"tag-news","21":"tag-news-paris","22":"tag-paris","23":"tag-paris-news","24":"tag-republique-francaise","25":"tag-vie-des-entreprises"},"share_on_mastodon":{"url":"https:\/\/pubeurope.com\/@fr\/115315169332702350","error":""},"_links":{"self":[{"href":"https:\/\/www.europesays.com\/fr\/wp-json\/wp\/v2\/posts\/438292","targetHints":{"allow":["GET"]}}],"collection":[{"href":"https:\/\/www.europesays.com\/fr\/wp-json\/wp\/v2\/posts"}],"about":[{"href":"https:\/\/www.europesays.com\/fr\/wp-json\/wp\/v2\/types\/post"}],"author":[{"embeddable":true,"href":"https:\/\/www.europesays.com\/fr\/wp-json\/wp\/v2\/users\/2"}],"replies":[{"embeddable":true,"href":"https:\/\/www.europesays.com\/fr\/wp-json\/wp\/v2\/comments?post=438292"}],"version-history":[{"count":0,"href":"https:\/\/www.europesays.com\/fr\/wp-json\/wp\/v2\/posts\/438292\/revisions"}],"wp:featuredmedia":[{"embeddable":true,"href":"https:\/\/www.europesays.com\/fr\/wp-json\/wp\/v2\/media\/431559"}],"wp:attachment":[{"href":"https:\/\/www.europesays.com\/fr\/wp-json\/wp\/v2\/media?parent=438292"}],"wp:term":[{"taxonomy":"category","embeddable":true,"href":"https:\/\/www.europesays.com\/fr\/wp-json\/wp\/v2\/categories?post=438292"},{"taxonomy":"post_tag","embeddable":true,"href":"https:\/\/www.europesays.com\/fr\/wp-json\/wp\/v2\/tags?post=438292"}],"curies":[{"name":"wp","href":"https:\/\/api.w.org\/{rel}","templated":true}]}}