{"id":438298,"date":"2025-10-04T09:26:11","date_gmt":"2025-10-04T09:26:11","guid":{"rendered":"https:\/\/www.europesays.com\/fr\/438298\/"},"modified":"2025-10-04T09:26:11","modified_gmt":"2025-10-04T09:26:11","slug":"larrivee-de-lhiver-peut-elle-freiner-lavancee-russe","status":"publish","type":"post","link":"https:\/\/www.europesays.com\/fr\/438298\/","title":{"rendered":"l\u2019arriv\u00e9e de l\u2019hiver peut-elle freiner l\u2019avanc\u00e9e russe ?"},"content":{"rendered":"<p><strong>D\u00c9CRYPTAGE &#8211;<\/strong> Les pluies d\u2019automne devraient ralentir la progression russe continue, sans l\u2019endiguer. Moscou se concentre davantage sur l\u2019an\u00e9antissement de l\u2019arm\u00e9e ukrainienne que sur la conqu\u00eate de territoire.<\/p>\n<p class=\"fig-paragraph\">Partout en Ukraine l\u2019arm\u00e9e russe progresse. Lentement, certes, mais continuellement. Une avanc\u00e9e, cependant, ralentie en septembre, selon un d\u00e9compte de l\u2019Institut am\u00e9ricain pour l\u2019\u00e9tude de la guerre (ISW), qui travaille avec le Critical Threats Project (CTP),\u00a0<a href=\"http:\/\/www.lefigaro.fr\/international\/guerre-en-ukraine-la-progression-de-l-armee-russe-ralentirait-encore-en-septembre-20251001\" target=\"_blank\" data-fig-type=\"NewsFlash\" rel=\"noopener nofollow\" data-gtm-custom-categorie=\"navigation\" data-gtm-custom-action=\"crossclick\" data-gtm-custom-label=\"Contextuel\" data-gtm-event=\"customEventSPE\" data-fig-domain=\"LEFIGARO\">publi\u00e9 le 1er octobre<\/a>. Quatre-cent-quarante-sept kilom\u00e8tres carr\u00e9s ont \u00e9t\u00e9 conquis pendant ce mois-ci, contre six-cent-trente-quatre en juillet et cinq-cent-quatre-vingt-quatorze en ao\u00fbt. Par ailleurs, la perc\u00e9e de juillet \u00e9tait la plus importante depuis novembre 2024, souligne l\u2019ISW. Entre octobre 2024 et septembre 2025, la Russie a pris trois fois plus de territoires qu\u2019au cours des douze mois pr\u00e9c\u00e9dents. Ce ralentissement en septembre est donc relatif.<\/p>\n<p class=\"fig-paragraph\">Il survient surtout \u00e0 l\u2019aune de l\u2019automne, p\u00e9riode marqu\u00e9e par la Raspoutitsa &#8211; quand la pluie transforme les plaines en champs boueux, rendant plus difficile une offensive blind\u00e9e d\u2019ampleur. En r\u00e9alit\u00e9, et ce depuis plusieurs mois, l\u2019avanc\u00e9e russe est ardue \u00e0 suivre. \u00abLa ligne de\u2026<\/p>\n<p class=\"fig-premium-paywall__infos\">\n        Cet article est r\u00e9serv\u00e9 aux abonn\u00e9s.        Il vous reste 84% \u00e0 d\u00e9couvrir.\n    <\/p>\n<p>                <img  data- alt=\"Le Figaro\" class=\"fig-img--complete fig-img\"\/><\/p>\n<p class=\"fig-premium-paywall__title\">Vous avez envie de lire la suite ?<\/p>\n<p class=\"fig-premium-paywall__subtitle\">D\u00e9bloquez tous les articles imm\u00e9diatement.<\/p>\n<p class=\"fig-premium-paywall__connect\">\n                D\u00e9j\u00e0 abonn\u00e9\u00a0?                <a class=\"fig-premium-paywall__connect-link\" href=\"https:\/\/connect.lefigaro.fr\/login?client=horizon_web&amp;type=main&amp;redirect_uri=https%3A%2F%2Fwww.lefigaro.fr%2Finternational%2Fguerre-en-ukraine-l-arrivee-de-l-hiver-peut-elle-freiner-l-avancee-russe-20251004\" data-js-gtm=\"{&quot;customCategorie&quot;: &quot;conversion&quot;, &quot;customAction&quot;: &quot;before_Landing_Connexion_paywall_auto&quot;, &quot;customLabel&quot;: &quot;bGVmaWdhcm8uZnJfXzFmMDlmYjBmLWYxMjgtNjA2Mi04MjEwLWMzYmY0N2RjMDZjZl9fQXJ0aWNsZQ==_Guerre en Ukraine\u00a0: l\u2019arriv\u00e9e de l\u2019hiver peut-elle freiner l\u2019avanc\u00e9e russe\u00a0?_280&quot;, &quot;customIDSPE&quot;: &quot;bGVmaWdhcm8uZnJfXzFmMDlmYjBmLWYxMjgtNjA2Mi04MjEwLWMzYmY0N2RjMDZjZl9fQXJ0aWNsZQ==&quot;, &quot;event&quot;: &quot;customEventSPE&quot;}\" rel=\"nofollow noopener\" target=\"_blank\"><br \/>\n                    Connectez-vous<br \/>\n                <\/a>\n            <\/p>\n","protected":false},"excerpt":{"rendered":"D\u00c9CRYPTAGE &#8211; Les pluies d\u2019automne devraient ralentir la progression russe continue, sans l\u2019endiguer. Moscou se concentre davantage sur&hellip;\n","protected":false},"author":2,"featured_media":438299,"comment_status":"","ping_status":"","sticky":false,"template":"","format":"standard","meta":{"footnotes":""},"categories":[1591],"tags":[11,1887,131,12,1885,1886,132],"class_list":{"0":"post-438298","1":"post","2":"type-post","3":"status-publish","4":"format-standard","5":"has-post-thumbnail","7":"category-russie","8":"tag-actualites","9":"tag-federation-de-russie","10":"tag-guerre-en-ukraine","11":"tag-news","12":"tag-russia","13":"tag-russian-federation","14":"tag-russie"},"share_on_mastodon":{"url":"https:\/\/pubeurope.com\/@fr\/115315185098901386","error":""},"_links":{"self":[{"href":"https:\/\/www.europesays.com\/fr\/wp-json\/wp\/v2\/posts\/438298","targetHints":{"allow":["GET"]}}],"collection":[{"href":"https:\/\/www.europesays.com\/fr\/wp-json\/wp\/v2\/posts"}],"about":[{"href":"https:\/\/www.europesays.com\/fr\/wp-json\/wp\/v2\/types\/post"}],"author":[{"embeddable":true,"href":"https:\/\/www.europesays.com\/fr\/wp-json\/wp\/v2\/users\/2"}],"replies":[{"embeddable":true,"href":"https:\/\/www.europesays.com\/fr\/wp-json\/wp\/v2\/comments?post=438298"}],"version-history":[{"count":0,"href":"https:\/\/www.europesays.com\/fr\/wp-json\/wp\/v2\/posts\/438298\/revisions"}],"wp:featuredmedia":[{"embeddable":true,"href":"https:\/\/www.europesays.com\/fr\/wp-json\/wp\/v2\/media\/438299"}],"wp:attachment":[{"href":"https:\/\/www.europesays.com\/fr\/wp-json\/wp\/v2\/media?parent=438298"}],"wp:term":[{"taxonomy":"category","embeddable":true,"href":"https:\/\/www.europesays.com\/fr\/wp-json\/wp\/v2\/categories?post=438298"},{"taxonomy":"post_tag","embeddable":true,"href":"https:\/\/www.europesays.com\/fr\/wp-json\/wp\/v2\/tags?post=438298"}],"curies":[{"name":"wp","href":"https:\/\/api.w.org\/{rel}","templated":true}]}}