{"id":438300,"date":"2025-10-04T09:27:33","date_gmt":"2025-10-04T09:27:33","guid":{"rendered":"https:\/\/www.europesays.com\/fr\/438300\/"},"modified":"2025-10-04T09:27:33","modified_gmt":"2025-10-04T09:27:33","slug":"mort-du-photojournaliste-francais-antoni-lallican-tue-par-un-drone","status":"publish","type":"post","link":"https:\/\/www.europesays.com\/fr\/438300\/","title":{"rendered":"mort du photojournaliste fran\u00e7ais Antoni Lallican, tu\u00e9 par un drone"},"content":{"rendered":"<p class=\"rev-margin-0 rev-text-xs-normal\">Mort du photojournaliste fran\u00e7ais Antoni Lallican en Ukraine, tu\u00e9 par un drone.<\/p>\n<p class=\"rev-margin-0 rev-text-xs-bold\">\/ Photo page auteur Slate<\/p>\n<p>Le photojournaliste fran\u00e7ais <a href=\"https:\/\/www.antonilallican.com\/\" target=\"_blank\" rel=\"noopener\"><strong>Antoni Lallican<\/strong><\/a>, 37 ans, est mort en Ukraine, tu\u00e9 par un drone dans le Donbass, annonce la F\u00e9d\u00e9ration europ\u00e9enne des journalistes dans <a href=\"https:\/\/europeanjournalists.org\/blog\/2025\/10\/03\/ukraine-french-photojournalist-antoni-lallican-killed-by-a-drone-in-donbas\/\" target=\"_blank\" rel=\"noopener\">un communiqu\u00e9 envoy\u00e9 ce vendredi 3 octobre<\/a>. Un journaliste ukrainien, <strong>Heorgiy Ivanchenko<\/strong>, a \u00e9galement \u00e9t\u00e9 bless\u00e9 lors de la m\u00eame attaque.<\/p>\n<p>\u00ab\u00a0C&rsquo;est la premi\u00e8re fois qu&rsquo;un journaliste est tu\u00e9 par un drone en Ukraine, d\u00e9taille le communiqu\u00e9. Les circonstances de l&rsquo;incident, survenu vendredi matin \u00e0 9h20, heure locale, font toujours l&rsquo;objet d&rsquo;une enqu\u00eate.\u00a0\u00bb<\/p>\n<p>Il a \u00e9t\u00e9 \u00ab\u00a0victime d&rsquo;une attaque de drones russes\u00a0\u00bb, <a href=\"https:\/\/x.com\/EmmanuelMacron\/status\/1974158898740527192\" target=\"_blank\">a affirm\u00e9 sur X le pr\u00e9sident fran\u00e7ais Emmanuel Macron<\/a> dans la soir\u00e9e de ce vendredi.<\/p>\n<p>Le Monde, Lib\u00e9ration, Le Figaro\u2026 de nombreuses collaborations<\/p>\n<p><a href=\"https:\/\/www.instagram.com\/antonilallican\/?hl=fr\" target=\"_blank\" rel=\"noopener\">Antoni Lallican<\/a> \u00e9tait bas\u00e9 \u00e0 Paris et <a href=\"https:\/\/www.antonilallican.com\/presse\" target=\"_blank\" rel=\"noopener\">avait collabor\u00e9 avec de nombreux m\u00e9dias<\/a>, dont Le Monde, Lib\u00e9ration, Le Figaro ou encore Mediapart.<\/p>\n<p>\u00ab\u00a0En mars 2022, juste apr\u00e8s l&rsquo;invasion russe de l&rsquo;Ukraine, il s&rsquo;est rendu dans le pays, rappelle <a href=\"https:\/\/europeanjournalists.org\/blog\/2025\/10\/03\/ukraine-french-photojournalist-antoni-lallican-killed-by-a-drone-in-donbas\/\" target=\"_blank\" rel=\"noopener\">le communiqu\u00e9 de la F\u00e9d\u00e9ration europ\u00e9enne des journalistes<\/a>. Depuis, il documente les cons\u00e9quences de la guerre et a entam\u00e9 un travail de longue haleine aux c\u00f4t\u00e9s des habitants du bassin minier du Donbass, dans le sud-est de l&rsquo;Ukraine.\u00a0\u00bb<\/p>\n<\/p>\n<p>En janvier, il a remport\u00e9 <a href=\"https:\/\/www.estrepublicain.fr\/culture-loisirs\/2025\/02\/14\/antoni-lallican-decroche-le-prix-victor-hugo-de-la-photographie-engagee#:~:text=Le%20prix%20Victor%2DHugo%20de%20la%20photographie%20engag%C3%A9e%202024%20a,Victor%2DHugo%2C%20%C3%A0%20Besan%C3%A7on.\" target=\"_blank\" rel=\"noopener\"><strong>le Prix Victor Hugo 2024 de la photographie engag\u00e9e<\/strong><\/a> pour son reportage \u00ab\u00a0Soudain le ciel s&rsquo;est assombri\u00a0\u00bb, consacr\u00e9 \u00e0 la guerre en Ukraine.<\/p>\n<p>Les F\u00e9d\u00e9rations europ\u00e9enne et internationale des journalistes (FEJ-FIJ) \u00ab\u00a0condamnent ce crime de guerre et appellent les autorit\u00e9s \u00e0 ouvrir une enqu\u00eate afin d&rsquo;identifier les responsables\u00a0\u00bb. Les deux journalistes portaient \u00ab\u00a0des \u00e9quipements de protection et un gilet pare-balles\u00a0\u00bb portant l&rsquo;inscription \u00ab\u00a0Presse\u00a0\u00bb.\u00a0<\/p>\n<p>17 journalistes tu\u00e9s en Ukraine<\/p>\n<p>Depuis l&rsquo;invasion de l&rsquo;Ukraine par la Russie en 2022, 17 journalistes ont \u00e9t\u00e9 tu\u00e9s en Ukraine selon la F\u00e9d\u00e9ration europ\u00e9enne des journalistes : Antoni Lallican ; Tetyana Kulyk ; Ryan Evans ; Arman Soldin , Bohdan Bitik ; Brent Renaud ; Fr\u00e9d\u00e9ric Leclerc-Imhoff ; Ihor Hudenko ; Maks Levin ; Mantas Kvedaravi\u010dius ; Oksana Baulina ; Oleksandra Kuvshynova ; Pierre Zakrzewski ; Roman Nezhyborets ; Eug\u00e8ne Bal ; Yevheniy Sakun ; Zoreslav Zamoysky.<\/p>\n<p><script async src=\"\/\/www.instagram.com\/embed.js\"><\/script><\/p>\n","protected":false},"excerpt":{"rendered":"Mort du photojournaliste fran\u00e7ais Antoni Lallican en Ukraine, tu\u00e9 par un drone. \/ Photo page auteur Slate Le&hellip;\n","protected":false},"author":2,"featured_media":438301,"comment_status":"","ping_status":"","sticky":false,"template":"","format":"standard","meta":{"footnotes":""},"categories":[1590],"tags":[17,11,45363,1102,1777,674,274,3844,56537,18,12,56536,5911,220],"class_list":{"0":"post-438300","1":"post","2":"type-post","3":"status-publish","4":"format-standard","5":"has-post-thumbnail","7":"category-ukraine","8":"tag-17","9":"tag-actualites","10":"tag-antoni","11":"tag-breakingnews","12":"tag-eu","13":"tag-europe","14":"tag-faits-divers-justice","15":"tag-francais","16":"tag-lallican","17":"tag-mort","18":"tag-news","19":"tag-photojournaliste","20":"tag-tue","21":"tag-ukraine"},"share_on_mastodon":{"url":"https:\/\/pubeurope.com\/@fr\/115315188984135237","error":""},"_links":{"self":[{"href":"https:\/\/www.europesays.com\/fr\/wp-json\/wp\/v2\/posts\/438300","targetHints":{"allow":["GET"]}}],"collection":[{"href":"https:\/\/www.europesays.com\/fr\/wp-json\/wp\/v2\/posts"}],"about":[{"href":"https:\/\/www.europesays.com\/fr\/wp-json\/wp\/v2\/types\/post"}],"author":[{"embeddable":true,"href":"https:\/\/www.europesays.com\/fr\/wp-json\/wp\/v2\/users\/2"}],"replies":[{"embeddable":true,"href":"https:\/\/www.europesays.com\/fr\/wp-json\/wp\/v2\/comments?post=438300"}],"version-history":[{"count":0,"href":"https:\/\/www.europesays.com\/fr\/wp-json\/wp\/v2\/posts\/438300\/revisions"}],"wp:featuredmedia":[{"embeddable":true,"href":"https:\/\/www.europesays.com\/fr\/wp-json\/wp\/v2\/media\/438301"}],"wp:attachment":[{"href":"https:\/\/www.europesays.com\/fr\/wp-json\/wp\/v2\/media?parent=438300"}],"wp:term":[{"taxonomy":"category","embeddable":true,"href":"https:\/\/www.europesays.com\/fr\/wp-json\/wp\/v2\/categories?post=438300"},{"taxonomy":"post_tag","embeddable":true,"href":"https:\/\/www.europesays.com\/fr\/wp-json\/wp\/v2\/tags?post=438300"}],"curies":[{"name":"wp","href":"https:\/\/api.w.org\/{rel}","templated":true}]}}