{"id":438318,"date":"2025-10-04T09:37:13","date_gmt":"2025-10-04T09:37:13","guid":{"rendered":"https:\/\/www.europesays.com\/fr\/438318\/"},"modified":"2025-10-04T09:37:13","modified_gmt":"2025-10-04T09:37:13","slug":"a-lalterna-stade-poitevin-le-libero-franco-massimino-passionne-de-padel-et-fan-de-motoball","status":"publish","type":"post","link":"https:\/\/www.europesays.com\/fr\/438318\/","title":{"rendered":"\u00e0 l\u2019Alterna Stade Poitevin, le lib\u00e9ro Franco Massimino passionn\u00e9 de padel et fan de motoball"},"content":{"rendered":"<p><strong>Alterna Stade Poitevin &#8211;\u00a0Friedrichshafen<\/strong><\/p>\n<p>\u00ab\u00a0Pendant quinze ans, je n\u2019ai pas eu beaucoup de vacances. J\u2019ai arr\u00eat\u00e9 la s\u00e9lection argentine en 2022 apr\u00e8s le championnat du monde. J\u2019ai pu passer l\u2019\u00e9t\u00e9 2023 avec ma famille.\u00a0\u00bb Et Franco Massimino a aussi d\u00e9couvert \u00ab\u00a0par hasard\u00a0\u00bb le padel \u00e0 Nantes. \u00ab\u00a0Je n\u2019avais jamais touch\u00e9 une raquette de tennis. Je jouais seulement au ping-pong \u00e0 la maison\u00a0\u00bb, explique-t-il \u00e0 quelques heures d\u2019affronter l\u2019\u00e9quipe allemande de\u00a0Friedrichshafen. \u00ab\u00a0C\u2019est un sport tr\u00e8s intense avec beaucoup de mouvements similaires au volley. Les techniques d\u2019\u00e9chauffement m\u2019aident pour le padel&#8230;. <\/p>\n<p>    Cet article a \u00e9t\u00e9 tronqu\u00e9. Abonnez-vous pour lire l&rsquo;article complet sur notre site.<\/p>\n<p>\u00a0\u00bb<\/p>\n<p style=\"margin: 0 !important; padding: 0 !important; font-size: 12px !important;\">Cet article a \u00e9t\u00e9 tronqu\u00e9. Abonnez-vous pour lire l&rsquo;article complet.<\/p>\n<p>    <a href=\"https:\/\/www.lanouvellerepublique.fr\/abonnements\" style=\"display: inline-block; margin-top: 5px !important; padding: 6px 12px !important; background: #cb1c27; color: white; text-decoration: none; border-radius: 4px; font-size: 12px !important;\" target=\"_blank\" rel=\"noopener\"><br \/>\n      S&rsquo;abonner<br \/>\n    <\/a><\/p>\n","protected":false},"excerpt":{"rendered":"Alterna Stade Poitevin &#8211;\u00a0Friedrichshafen \u00ab\u00a0Pendant quinze ans, je n\u2019ai pas eu beaucoup de vacances. J\u2019ai arr\u00eat\u00e9 la s\u00e9lection&hellip;\n","protected":false},"author":2,"featured_media":438319,"comment_status":"","ping_status":"","sticky":false,"template":"","format":"standard","meta":{"footnotes":""},"categories":[1417],"tags":[1392,1654,1011,27,1655,3047,31054,33326,37443,1653,60,1584,1470,1469],"class_list":{"0":"post-438318","1":"post","2":"type-post","3":"status-publish","4":"format-standard","5":"has-post-thumbnail","7":"category-volley","8":"tag-a-la-une-local","9":"tag-alterna-stade-poitevin-volley-ball","10":"tag-fr","11":"tag-france","12":"tag-ligue-a","13":"tag-loire-atlantique","14":"tag-motoball","15":"tag-neuville-de-poitou","16":"tag-padel","17":"tag-poitiers","18":"tag-sports","19":"tag-vienne","20":"tag-volley","21":"tag-volleyball"},"share_on_mastodon":{"url":"https:\/\/pubeurope.com\/@fr\/115315228293742557","error":""},"_links":{"self":[{"href":"https:\/\/www.europesays.com\/fr\/wp-json\/wp\/v2\/posts\/438318","targetHints":{"allow":["GET"]}}],"collection":[{"href":"https:\/\/www.europesays.com\/fr\/wp-json\/wp\/v2\/posts"}],"about":[{"href":"https:\/\/www.europesays.com\/fr\/wp-json\/wp\/v2\/types\/post"}],"author":[{"embeddable":true,"href":"https:\/\/www.europesays.com\/fr\/wp-json\/wp\/v2\/users\/2"}],"replies":[{"embeddable":true,"href":"https:\/\/www.europesays.com\/fr\/wp-json\/wp\/v2\/comments?post=438318"}],"version-history":[{"count":0,"href":"https:\/\/www.europesays.com\/fr\/wp-json\/wp\/v2\/posts\/438318\/revisions"}],"wp:featuredmedia":[{"embeddable":true,"href":"https:\/\/www.europesays.com\/fr\/wp-json\/wp\/v2\/media\/438319"}],"wp:attachment":[{"href":"https:\/\/www.europesays.com\/fr\/wp-json\/wp\/v2\/media?parent=438318"}],"wp:term":[{"taxonomy":"category","embeddable":true,"href":"https:\/\/www.europesays.com\/fr\/wp-json\/wp\/v2\/categories?post=438318"},{"taxonomy":"post_tag","embeddable":true,"href":"https:\/\/www.europesays.com\/fr\/wp-json\/wp\/v2\/tags?post=438318"}],"curies":[{"name":"wp","href":"https:\/\/api.w.org\/{rel}","templated":true}]}}