{"id":438322,"date":"2025-10-04T09:39:13","date_gmt":"2025-10-04T09:39:13","guid":{"rendered":"https:\/\/www.europesays.com\/fr\/438322\/"},"modified":"2025-10-04T09:39:13","modified_gmt":"2025-10-04T09:39:13","slug":"le-chiffre-qui-place-jannik-sinner-dans-lhistoire-du-tennis-aux-cotes-de-federer","status":"publish","type":"post","link":"https:\/\/www.europesays.com\/fr\/438322\/","title":{"rendered":"le chiffre qui place Jannik Sinner dans l&rsquo;histoire du tennis aux c\u00f4t\u00e9s de Federer"},"content":{"rendered":"<p>                <img decoding=\"async\" src=\"https:\/\/www.europesays.com\/fr\/wp-content\/uploads\/2025\/10\/Fl0Z.jpg\" fetchpriority=\"high\" alt=\"13 d'affil\u00e9e : le chiffre qui place Jannik Sinner dans l'histoire du tennis aux c\u00f4t\u00e9s de Federer\"\/><\/p>\n<p>En s\u2019imposant une nouvelle fois en demi-finale ce mardi, le num\u00e9ro 2 mondial signe sa 13e victoire d\u2019affil\u00e9e \u00e0 ce stade d\u2019un tournoi ATP, un exploit jamais vu depuis\u2026 Roger Federer en 2006, alors au sommet de sa domination plan\u00e9taire.<\/p>\n<p>\u00c0 moins de 25 ans, aucun autre joueur n\u2019avait r\u00e9ussi pareille s\u00e9rie depuis le maestro suisse. Pas Nadal. Pas Djokovic. Pas Murray. Juste Federer\u2026 et d\u00e9sormais Sinner.<\/p>\n<p>Ce chiffre n\u2019est pas qu\u2019un record statistique : il dit tout de la mont\u00e9e en puissance mentale de Jannik Sinner, qui semble avoir trouv\u00e9 une formule implacable pour performer dans les moments cl\u00e9s.<\/p>\n<p>Alors que beaucoup s\u2019effondrent sous la pression des grandes \u00e9ch\u00e9ances, l\u2019Italien transforme chaque demi-finale en d\u00e9monstration de s\u00e9r\u00e9nit\u00e9.<\/p>\n","protected":false},"excerpt":{"rendered":"En s\u2019imposant une nouvelle fois en demi-finale ce mardi, le num\u00e9ro 2 mondial signe sa 13e victoire d\u2019affil\u00e9e&hellip;\n","protected":false},"author":2,"featured_media":438323,"comment_status":"","ping_status":"","sticky":false,"template":"","format":"standard","meta":{"footnotes":""},"categories":[1415],"tags":[1011,27,60,1467],"class_list":{"0":"post-438322","1":"post","2":"type-post","3":"status-publish","4":"format-standard","5":"has-post-thumbnail","7":"category-tennis","8":"tag-fr","9":"tag-france","10":"tag-sports","11":"tag-tennis"},"share_on_mastodon":{"url":"https:\/\/pubeurope.com\/@fr\/115315236494172913","error":""},"_links":{"self":[{"href":"https:\/\/www.europesays.com\/fr\/wp-json\/wp\/v2\/posts\/438322","targetHints":{"allow":["GET"]}}],"collection":[{"href":"https:\/\/www.europesays.com\/fr\/wp-json\/wp\/v2\/posts"}],"about":[{"href":"https:\/\/www.europesays.com\/fr\/wp-json\/wp\/v2\/types\/post"}],"author":[{"embeddable":true,"href":"https:\/\/www.europesays.com\/fr\/wp-json\/wp\/v2\/users\/2"}],"replies":[{"embeddable":true,"href":"https:\/\/www.europesays.com\/fr\/wp-json\/wp\/v2\/comments?post=438322"}],"version-history":[{"count":0,"href":"https:\/\/www.europesays.com\/fr\/wp-json\/wp\/v2\/posts\/438322\/revisions"}],"wp:featuredmedia":[{"embeddable":true,"href":"https:\/\/www.europesays.com\/fr\/wp-json\/wp\/v2\/media\/438323"}],"wp:attachment":[{"href":"https:\/\/www.europesays.com\/fr\/wp-json\/wp\/v2\/media?parent=438322"}],"wp:term":[{"taxonomy":"category","embeddable":true,"href":"https:\/\/www.europesays.com\/fr\/wp-json\/wp\/v2\/categories?post=438322"},{"taxonomy":"post_tag","embeddable":true,"href":"https:\/\/www.europesays.com\/fr\/wp-json\/wp\/v2\/tags?post=438322"}],"curies":[{"name":"wp","href":"https:\/\/api.w.org\/{rel}","templated":true}]}}