{"id":438326,"date":"2025-10-04T09:42:11","date_gmt":"2025-10-04T09:42:11","guid":{"rendered":"https:\/\/www.europesays.com\/fr\/438326\/"},"modified":"2025-10-04T09:42:11","modified_gmt":"2025-10-04T09:42:11","slug":"un-genocide-en-direct-dans-une-video-pep-guardiola-affirme-son-soutien-a-la-palestine","status":"publish","type":"post","link":"https:\/\/www.europesays.com\/fr\/438326\/","title":{"rendered":"\u00abUn g\u00e9nocide en direct\u00bb, dans une vid\u00e9o, Pep Guardiola affirme son soutien \u00e0 la Palestine"},"content":{"rendered":"<p><strong>LE SCAN SPORT &#8211; <\/strong>L\u2019entra\u00eeneur de Manchester City a publi\u00e9 une vid\u00e9o dans laquelle il appelle ses concitoyens \u00e0 manifester \u00e0 Barcelone ce samedi en faveur de la Palestine et des habitants de Gaza.<\/p>\n<p class=\"fig-paragraph\">Une manifestation de soutien \u00e0 la Palestine est pr\u00e9vue ce samedi dans les rues de Barcelone alors que les pourparlers\u00a0<a href=\"http:\/\/www.lefigaro.fr\/international\/plan-de-paix-pour-gaza-ce-que-le-hamas-a-repondu-ou-non-a-chacun-des-20-points-de-trump-20251004\" data-fig-type=\"Article\" data-gtm-custom-categorie=\"navigation\" data-gtm-custom-action=\"crossclick\" data-gtm-custom-label=\"Contextuel\" data-gtm-event=\"customEventSPE\" data-fig-domain=\"LEFIGARO\" rel=\"nofollow noopener\" target=\"_blank\">autour du plan de paix propos\u00e9 par Donald Trump se poursuivent<\/a>. L\u2019entra\u00eeneur de Manchester City Pep Guardiola est apparu dans une vid\u00e9o pour soutenir cette manifestation tout en d\u00e9non\u00e7ant \u00abun g\u00e9nocide en direct\u00bb \u00e0 Gaza men\u00e9 par Isra\u00ebl.<\/p>\n<p class=\"fig-paragraph\">\u00ab Nous vivons un g\u00e9nocide en direct, o\u00f9 des milliers d\u2019enfants meurent et o\u00f9 d\u2019autres pourraient mourir. La bande de Gaza est d\u00e9vast\u00e9e et des flots de personnes marchent sans but, sans nourriture, sans eau potable ni m\u00e9dicaments. Une fois de plus, la soci\u00e9t\u00e9 s\u2019est mobilis\u00e9e pour sauver des vies et faire pression sur les gouvernements afin qu\u2019ils prennent des mesures imm\u00e9diates. Le 4 octobre, \u00e0 midi, aux Jardinets de Gr\u00e0cia (Barcelone), nous envahirons les rues pour exiger la fin du g\u00e9nocide\u00a0\u00bb, a expliqu\u00e9 l\u2019entra\u00eeneur de 54 ans.<\/p>\n<p>                                    <a class=\"fig-a11y-skip a11y-hidden\" href=\"#fig-a11y-skip-main-inarticle\"><br \/>\n        Passer la publicit\u00e9<br \/>\n    <\/a><\/p>\n<p class=\"fig-paragraph\">Cette prise de position d\u2019acteur du football en Espagne n\u2019est pas la seule. Vendredi, l\u2019Athletic Bilbao a lui aussi appel\u00e9 \u00e0 \u00abstopper le g\u00e9nocide\u00bb. Les dirigeants ont annonc\u00e9 qu\u2019un \u00e9v\u00e9nement rendrait hommage \u00e0 la population palestinienne et aux victimes de la bande de Gaza quelques instants avant la rencontre face \u00e0 Majorque (18h30 ce samedi).<\/p>\n<p class=\"fig-paragraph\">Dans un communiqu\u00e9, le club a aussi indiqu\u00e9 qu\u2019il avait particip\u00e9 \u00e0 un projet de soutien aux enfants palestiniens r\u00e9fugi\u00e9s en Syrie via sa fondation. Une action men\u00e9e avec l\u2019Office de secours et de travaux des Nations unies pour les r\u00e9fugi\u00e9s de Palestine dans le Proche-Orient (UNRWA) qui va permettre \u00e0 8000 enfants en situation pr\u00e9caire de recevoir des cours d\u2019\u00e9ducation physique.<\/p>\n","protected":false},"excerpt":{"rendered":"LE SCAN SPORT &#8211; L\u2019entra\u00eeneur de Manchester City a publi\u00e9 une vid\u00e9o dans laquelle il appelle ses concitoyens&hellip;\n","protected":false},"author":2,"featured_media":438327,"comment_status":"","ping_status":"","sticky":false,"template":"","format":"standard","meta":{"footnotes":""},"categories":[1412],"tags":[1451,1452,1453,1454,1455,1011,27,4977,28392,60],"class_list":{"0":"post-438326","1":"post","2":"type-post","3":"status-publish","4":"format-standard","5":"has-post-thumbnail","7":"category-f1","8":"tag-f1","9":"tag-formula-1","10":"tag-formula1","11":"tag-formule-1","12":"tag-formule1","13":"tag-fr","14":"tag-france","15":"tag-le-scan-sport","16":"tag-pep-guardiola","17":"tag-sports"},"share_on_mastodon":{"url":"https:\/\/pubeurope.com\/@fr\/115315248053281702","error":""},"_links":{"self":[{"href":"https:\/\/www.europesays.com\/fr\/wp-json\/wp\/v2\/posts\/438326","targetHints":{"allow":["GET"]}}],"collection":[{"href":"https:\/\/www.europesays.com\/fr\/wp-json\/wp\/v2\/posts"}],"about":[{"href":"https:\/\/www.europesays.com\/fr\/wp-json\/wp\/v2\/types\/post"}],"author":[{"embeddable":true,"href":"https:\/\/www.europesays.com\/fr\/wp-json\/wp\/v2\/users\/2"}],"replies":[{"embeddable":true,"href":"https:\/\/www.europesays.com\/fr\/wp-json\/wp\/v2\/comments?post=438326"}],"version-history":[{"count":0,"href":"https:\/\/www.europesays.com\/fr\/wp-json\/wp\/v2\/posts\/438326\/revisions"}],"wp:featuredmedia":[{"embeddable":true,"href":"https:\/\/www.europesays.com\/fr\/wp-json\/wp\/v2\/media\/438327"}],"wp:attachment":[{"href":"https:\/\/www.europesays.com\/fr\/wp-json\/wp\/v2\/media?parent=438326"}],"wp:term":[{"taxonomy":"category","embeddable":true,"href":"https:\/\/www.europesays.com\/fr\/wp-json\/wp\/v2\/categories?post=438326"},{"taxonomy":"post_tag","embeddable":true,"href":"https:\/\/www.europesays.com\/fr\/wp-json\/wp\/v2\/tags?post=438326"}],"curies":[{"name":"wp","href":"https:\/\/api.w.org\/{rel}","templated":true}]}}