{"id":438328,"date":"2025-10-04T09:43:27","date_gmt":"2025-10-04T09:43:27","guid":{"rendered":"https:\/\/www.europesays.com\/fr\/438328\/"},"modified":"2025-10-04T09:43:27","modified_gmt":"2025-10-04T09:43:27","slug":"la-montee-de-la-saint-bonnette-attend-les-cyclistes-samedi-entre-dunieres-et-saint-bonnet-le-froid","status":"publish","type":"post","link":"https:\/\/www.europesays.com\/fr\/438328\/","title":{"rendered":"La mont\u00e9e de la Saint-Bonnette attend les cyclistes samedi entre Duni\u00e8res et Saint-Bonnet-le-Froid"},"content":{"rendered":"<p>\t\t\t\t\t\t\t\t\t\t\t\t\t\t\t\t\t\t\t\t\t\t\t\t\t\t\t\t\t\t\t\t\t\t\t\t\t\t\t\t\t\t\t\t\t\t\t\t\t\t\t\t\t\t\t\t\t\t\t\t\t\t\t<a href=\"https:\/\/www.lacommere43.fr\/component\/banners\/click\/1827.html\" target=\"_blank\" title=\"Puy R\u00e9galades octobre 2025\" rel=\"noopener\"><br \/>\n\t\t\t\t\t\t\t<img decoding=\"async\" loading=\"lazy\" src=\"https:\/\/www.europesays.com\/fr\/wp-content\/uploads\/2025\/10\/Les-Regalades-600-x-600px.jpg\" alt=\"Puy R\u00e9galades octobre 2025\"\/><br \/>\n\t\t\t\t\t\t<\/a><\/p>\n<p>\t\t\t\t\t\t\t\t\t\t\t\t\t\t\t\t\t\t\t\t\t\t\t\t\t\t\t\t\t\t\t\t\t\t\t\t\t\t\t\t\t\t\t\t\t\t\t\t\t\t\t\t\t\t\t\t\t\t\t\t\t\t\t<a href=\"https:\/\/www.lacommere43.fr\/component\/banners\/click\/1830.html\" target=\"_blank\" title=\"Automnal gourmand octobre 2025\" rel=\"noopener\"><br \/>\n\t\t\t\t\t\t\t<img decoding=\"async\" loading=\"lazy\" src=\"https:\/\/www.europesays.com\/fr\/wp-content\/uploads\/2025\/10\/Carr_Commre_43.jpg\" alt=\"Automnal gourmand octobre 2025\"\/><br \/>\n\t\t\t\t\t\t<\/a><\/p>\n<p><strong>Le Groupe Cyclo de Montfaucon organise le samedi 4 octobre, sa 2e mont\u00e9e de la Saint-Bonnette &#8211; Troph\u00e9e Jean-Marc De Glo De Besses.<\/strong><\/p>\n<p>Il s&rsquo;agit d&rsquo;une \u00e9preuve individuelle sur un parcours s\u00e9lectif d&rsquo;un peu plus de 12 km pour 330 m de d\u00e9nivel\u00e9, depuis \u00ab\u00a0le Pont du Mirail\u00a0\u00bb (entre Duni\u00e8res et Riotord) jusqu&rsquo;\u00e0 l&rsquo;arriv\u00e9e \u00e0 Saint-Bonnet-le-Froid. Le trac\u00e9 est connu des cyclistes, longeant la rivi\u00e8re de la Saint-Bonnette.\u00a0<\/p>\n<p>En 2024, le meilleur temps avait \u00e9t\u00e9 r\u00e9alis\u00e9 par l&rsquo;Ard\u00e9chois Anthony Cheytion (Le Cheylard) en\u00a023&rsquo;18, soit une moyenne de 32,70 km\/h. Chez les f\u00e9minines, la Sigol\u00e9noise Line Montana avait\u00a0remport\u00e9 ce classement en 30&rsquo;33, soit 25 km\/h de moyenne.<\/p>\n<p>Le tarif est de 15 \u20ac pour les licenci\u00e9s FFC, 18 \u20ac sur place ; 18 \u20ac pour les non licenci\u00e9s, 20 \u20ac sur place, 8 \u20ac pour les U15-U17.\/<\/p>\n<p>Renseignements : 06 07 02 01 13 ou <a href=\"https:\/\/www.lacommere43.fr\/pays-de-montfaucon\/item\/77061-la-montee-de-la-saint-bonnette-attend-les-cyclistes-samedi-entre-dunieres-et-saint-bonnet-le-froid.html\/mailto:jean-luc@agencement.fr\" target=\"_blank\" rel=\"noopener\">jean-luc@agencement.fr<\/a><\/p>\n<p>Inscriptions \u00e0 partir de 13 heures \u00e0 Saint-Bonnet-le-Froid. Premier d\u00e9part \u00e0 14 heures.<\/p>\n","protected":false},"excerpt":{"rendered":"Le Groupe Cyclo de Montfaucon organise le samedi 4 octobre, sa 2e mont\u00e9e de la Saint-Bonnette &#8211; Troph\u00e9e&hellip;\n","protected":false},"author":2,"featured_media":438329,"comment_status":"","ping_status":"","sticky":false,"template":"","format":"standard","meta":{"footnotes":""},"categories":[1411],"tags":[2281,1154,207,2282,1011,27,2280,2284,2285,2283,60],"class_list":{"0":"post-438328","1":"post","2":"type-post","3":"status-publish","4":"format-standard","5":"has-post-thumbnail","7":"category-cyclisme","8":"tag-actualite-43","9":"tag-cycling","10":"tag-cyclisme","11":"tag-faits-divers-auvergne","12":"tag-fr","13":"tag-france","14":"tag-information-haute-loire","15":"tag-infos-43","16":"tag-journal-haute-loire","17":"tag-la-commere-43","18":"tag-sports"},"share_on_mastodon":{"url":"https:\/\/pubeurope.com\/@fr\/115315252477621903","error":""},"_links":{"self":[{"href":"https:\/\/www.europesays.com\/fr\/wp-json\/wp\/v2\/posts\/438328","targetHints":{"allow":["GET"]}}],"collection":[{"href":"https:\/\/www.europesays.com\/fr\/wp-json\/wp\/v2\/posts"}],"about":[{"href":"https:\/\/www.europesays.com\/fr\/wp-json\/wp\/v2\/types\/post"}],"author":[{"embeddable":true,"href":"https:\/\/www.europesays.com\/fr\/wp-json\/wp\/v2\/users\/2"}],"replies":[{"embeddable":true,"href":"https:\/\/www.europesays.com\/fr\/wp-json\/wp\/v2\/comments?post=438328"}],"version-history":[{"count":0,"href":"https:\/\/www.europesays.com\/fr\/wp-json\/wp\/v2\/posts\/438328\/revisions"}],"wp:featuredmedia":[{"embeddable":true,"href":"https:\/\/www.europesays.com\/fr\/wp-json\/wp\/v2\/media\/438329"}],"wp:attachment":[{"href":"https:\/\/www.europesays.com\/fr\/wp-json\/wp\/v2\/media?parent=438328"}],"wp:term":[{"taxonomy":"category","embeddable":true,"href":"https:\/\/www.europesays.com\/fr\/wp-json\/wp\/v2\/categories?post=438328"},{"taxonomy":"post_tag","embeddable":true,"href":"https:\/\/www.europesays.com\/fr\/wp-json\/wp\/v2\/tags?post=438328"}],"curies":[{"name":"wp","href":"https:\/\/api.w.org\/{rel}","templated":true}]}}