{"id":438333,"date":"2025-10-04T09:47:19","date_gmt":"2025-10-04T09:47:19","guid":{"rendered":"https:\/\/www.europesays.com\/fr\/438333\/"},"modified":"2025-10-04T09:47:19","modified_gmt":"2025-10-04T09:47:19","slug":"le-casino-de-royat-accueille-la-12-edition-du-salon-du-livre-comme-chaque-annee-le-1er-week-end-doctobre","status":"publish","type":"post","link":"https:\/\/www.europesays.com\/fr\/438333\/","title":{"rendered":"Le casino de Royat accueille la 12\u00b0 \u00e9dition du Salon du Livre comme chaque ann\u00e9e, le 1er week-end d\u2019octobre"},"content":{"rendered":"<p>Incontournable pour tous les amoureux des mots en partenariat avec les librairies Les Volcans et les Raconteurs d\u2019Histoires, c\u2019est le retour de cet \u00e9v\u00e8nement qui se veut un vibrant hommage \u00e0 la cr\u00e9ation litt\u00e9raire et qui offre une occasion unique de rencontrer des auteurs r\u00e9gionaux et nationaux. <\/p>\n<p>Une cinquantaine d\u2019auteurs sont \u00e0 l\u2019honneur ces deux jours. Rencontres et d\u00e9dicaces au programme. Un espace jeunesse avec des rencontres anim\u00e9es par des auteurs phares et des ateliers cr\u00e9atifs organis\u00e9s par la poule qui pond raviront les plus jeunes. Enfin une exposition d\u2019\u0153uvres, en collaboration avec l\u2019arthoth\u00e8que de Chamali\u00e8res vous plongera dans l\u2019univers artistique de l\u2019estampe en r\u00e9sonance avec la Triennale Mondiale de l\u2019Estampes.<\/p>\n<p><img loading=\"lazy\" decoding=\"async\" class=\"VisualPreview svelte-1rldrkz\" src=\"data:image\/jpeg;base64,\/9j\/2wBDACgcHiMeGSgjISMtKygwPGRBPDc3PHtYXUlkkYCZlo+AjIqgtObDoKrarYqMyP\/L2u71\/\/\/\/m8H\/\/\/\/6\/+b9\/\/j\/2wBDASstLTw1PHZBQXb4pYyl+Pj4+Pj4+Pj4+Pj4+Pj4+Pj4+Pj4+Pj4+Pj4+Pj4+Pj4+Pj4+Pj4+Pj4+Pj4+Pj4+Pj\/wAARCAAbACoDASIAAhEBAxEB\/8QAGAABAQEBAQAAAAAAAAAAAAAAAwIEAAH\/xAAZEAEAAwEBAAAAAAAAAAAAAAAAAQIREgP\/xAAWAQEBAQAAAAAAAAAAAAAAAAACAAH\/xAAWEQEBAQAAAAAAAAAAAAAAAAAAARH\/2gAMAwEAAhEDEQA\/AMsw8wuO5ENHjsLymapClK7QNqbIhcVTU1WDE8DvVpwdyOMd4C0eoE1\/\/9k=\" alt=\"L\u2019auteur d\u2019un polar animalier, Jean-Claude Mourlevat.\" width=\"600\" height=\"399\"\/>  L\u2019auteur d\u2019un polar animalier, Jean-Claude Mourlevat.  <\/p>\n<p>Jean-Claude Mourlevat vit pr\u00e8s de Saint-\u00c9tienne. Il est auteur jeunesse depuis 1997 de nombreux romans, parmi lesquels\u00a0Le combat d\u2019hiver\u00a0(Prix Jeunesse France T\u00e9l\u00e9vision 2006, Prix Sorci\u00e8res 2008, Prix des \u00a0Incorruptibles 2008) et\u00a0Jefferson\u00a0(Prix des libraires du Qu\u00e9bec 2019, Prix des Incorruptibles 2020)<\/p>\n<p>Une histoire d\u2019enqu\u00eate, d\u2019humour et d\u2019amiti\u00e9 adapt\u00e9e du roman \u00e0 succ\u00e8s de Jean-Claude Mourlevat\u00a0!\u00a0<br \/>En ce radieux matin d\u2019automne, le h\u00e9risson Jefferson d\u00e9cide d\u2019aller chez son coiffeur se faire rafra\u00eechir la\u00a0<br \/>houppette. Comment pourrait-il imaginer, alors qu\u2019il arrive plein d\u2019entrain au salon \u00ab\u00a0D\u00e9fini-Tif\u00a0\u00bb, que sa vie est sur le point de basculer? Accus\u00e9 d\u2019un meurtre qu\u2019il n\u2019a pas commis, le brave Jefferson, 72 cm de frousse et de courage, est jet\u00e9 dans une aventure qui le m\u00e8nera, pour le meilleur et pour le pire, au pays des \u00eatres humains.<\/p>\n<p><img loading=\"lazy\" decoding=\"async\" class=\"VisualPreview svelte-1rldrkz\" src=\"data:image\/jpeg;base64,\/9j\/2wBDACgcHiMeGSgjISMtKygwPGRBPDc3PHtYXUlkkYCZlo+AjIqgtObDoKrarYqMyP\/L2u71\/\/\/\/m8H\/\/\/\/6\/+b9\/\/j\/2wBDASstLTw1PHZBQXb4pYyl+Pj4+Pj4+Pj4+Pj4+Pj4+Pj4+Pj4+Pj4+Pj4+Pj4+Pj4+Pj4+Pj4+Pj4+Pj4+Pj4+Pj\/wAARCAAqAB0DASIAAhEBAxEB\/8QAFwABAQEBAAAAAAAAAAAAAAAAAQACA\/\/EABUQAQEAAAAAAAAAAAAAAAAAAAAB\/8QAFwEBAQEBAAAAAAAAAAAAAAAAAQACA\/\/EABYRAQEBAAAAAAAAAAAAAAAAAAABEf\/aAAwDAQACEQMRAD8A5lJtxxAhIggNJJEVqhqgEJEh\/9k=\" alt=\"La lecture jeunesse de cet hiver, \u00e0 lire absolument.\" width=\"600\" height=\"861\"\/>  La lecture jeunesse de cet hiver, \u00e0 lire absolument.  <\/p>\n<p>Christophe Malavoy a jou\u00e9 dans une quarantaine de films au cin\u00e9ma et plus d\u2019une soixantaine \u00e0 la t\u00e9l\u00e9vision. Il a endoss\u00e9 une trentaine de r\u00f4les au th\u00e9\u00e2tre et pr\u00eat\u00e9 sa voix \u00e0 autant de documentaires. Il est aussi r\u00e9alisateur de trois longs-m\u00e9trages et metteur en sc\u00e8ne de th\u00e9\u00e2tre et\u00a0<br \/>d\u2019op\u00e9ra. Lecteur averti de C\u00e9line, Christophe Malavoy a notamment publi\u00e9\u00a0C\u00e9line, m\u00eame pas mort\u00a0!\u00a0(Balland, 2011) et une bande-dessin\u00e9e consacr\u00e9e \u00e0 l\u2019auteur,\u00a0La cavale du Dr Destouches\u00a0(Futuropolis, 2015).<\/p>\n<p><img loading=\"lazy\" decoding=\"async\" class=\"VisualPreview svelte-1rldrkz\" src=\"data:image\/jpeg;base64,\/9j\/2wBDACgcHiMeGSgjISMtKygwPGRBPDc3PHtYXUlkkYCZlo+AjIqgtObDoKrarYqMyP\/L2u71\/\/\/\/m8H\/\/\/\/6\/+b9\/\/j\/2wBDASstLTw1PHZBQXb4pYyl+Pj4+Pj4+Pj4+Pj4+Pj4+Pj4+Pj4+Pj4+Pj4+Pj4+Pj4+Pj4+Pj4+Pj4+Pj4+Pj4+Pj\/wAARCAAqAB4DASIAAhEBAxEB\/8QAGAAAAwEBAAAAAAAAAAAAAAAAAQIDAAT\/xAAYEAEBAQEBAAAAAAAAAAAAAAAAAQISEf\/EABQBAQAAAAAAAAAAAAAAAAAAAAD\/xAAUEQEAAAAAAAAAAAAAAAAAAAAA\/9oADAMBAAIRAxEAPwCHhbFAoJWFp9J0HR6FpOgugHVStG0loG6DorANpbWAH\/\/Z\" alt=\"Christophe Malavoy, profond\u00e9ment passionn\u00e9 par l\u2019\u0153uvre et la vie de Louis Ferdinand C\u00e9line\" width=\"600\" height=\"839\"\/>  Christophe Malavoy, profond\u00e9ment passionn\u00e9 par l\u2019\u0153uvre et la vie de Louis Ferdinand C\u00e9line  <\/p>\n<p>L.F. C\u00e9line, Les Ann\u00e9es Noires, \u00e0 d\u00e9couvrir avec l\u2019auteur au salon du livre de Royat.\u00a0Apr\u00e8s un long p\u00e9riple \u00e0 travers l\u2019Europe, laissant derri\u00e8re eux les manuscrits de l\u2019\u00e9crivain et toute une vie, C\u00e9line et son \u00e9pouse Lucette parviennent \u00e0 gagner Copenhague en 1945, apr\u00e8s avoir travers\u00e9 un IIIe Reich agonisant. Loin de la France qui r\u00e9clame la t\u00eate du Dr Destouches, le couple pense avoir trouv\u00e9 un havre de paix, et un peu de r\u00e9pit. Mais leur sursis ne sera que de courte dur\u00e9e\u2026<\/p>\n<p><img loading=\"lazy\" decoding=\"async\" class=\"VisualPreview svelte-1rldrkz\" src=\"data:image\/jpeg;base64,\/9j\/2wBDACgcHiMeGSgjISMtKygwPGRBPDc3PHtYXUlkkYCZlo+AjIqgtObDoKrarYqMyP\/L2u71\/\/\/\/m8H\/\/\/\/6\/+b9\/\/j\/2wBDASstLTw1PHZBQXb4pYyl+Pj4+Pj4+Pj4+Pj4+Pj4+Pj4+Pj4+Pj4+Pj4+Pj4+Pj4+Pj4+Pj4+Pj4+Pj4+Pj4+Pj\/wAARCAAqABwDASIAAhEBAxEB\/8QAGAABAQEBAQAAAAAAAAAAAAAAAwIBAAT\/xAAYEAEBAQEBAAAAAAAAAAAAAAAAAQISMf\/EABUBAQEAAAAAAAAAAAAAAAAAAAAB\/8QAFBEBAAAAAAAAAAAAAAAAAAAAAP\/aAAwDAQACEQMRAD8AeFwGFygfJILBIDwQmUyLzALgs8FkkAPLZlbgZItLQf\/Z\" alt=\"Une face inconnue de L.F. C\u00e9line \u00e0 lire dans cet ouvrage.\" width=\"275\" height=\"411\"\/>  Une face inconnue de L.F. C\u00e9line \u00e0 lire dans cet ouvrage.  <\/p>\n<p>Julien Sandrel a connu un succ\u00e8s fulgurant d\u00e8s son 1er roman,\u00a0La Chambre des merveilles, traduit en 27 langues, adapt\u00e9 au th\u00e9\u00e2tre et au cin\u00e9ma. La popularit\u00e9 de l\u2019auteur ne s\u2019est jamais d\u00e9mentie depuis. Il est originaire de Hy\u00e8res et vit \u00e0 Paris.<\/p>\n<p><img loading=\"lazy\" decoding=\"async\" class=\"VisualPreview svelte-1rldrkz\" src=\"data:image\/jpeg;base64,\/9j\/2wBDACgcHiMeGSgjISMtKygwPGRBPDc3PHtYXUlkkYCZlo+AjIqgtObDoKrarYqMyP\/L2u71\/\/\/\/m8H\/\/\/\/6\/+b9\/\/j\/2wBDASstLTw1PHZBQXb4pYyl+Pj4+Pj4+Pj4+Pj4+Pj4+Pj4+Pj4+Pj4+Pj4+Pj4+Pj4+Pj4+Pj4+Pj4+Pj4+Pj4+Pj\/wAARCAAqAB4DASIAAhEBAxEB\/8QAGAABAQEBAQAAAAAAAAAAAAAAAgMAAQT\/xAAYEAEBAQEBAAAAAAAAAAAAAAAAAQISEf\/EABcBAAMBAAAAAAAAAAAAAAAAAAABAgP\/xAAWEQEBAQAAAAAAAAAAAAAAAAAAAQL\/2gAMAwEAAhEDEQA\/APBIUjSHIbKOeNycy7yBYGcqZyWcKzBVUicy7yryNggp5wpMtk4S07kNRbSWjiNP\/9k=\" alt=\"Le jour o\u00f9 Rose a disparu, un livre \u00e9mouvant, poignant de Julien Sadrel\" width=\"600\" height=\"839\"\/>  Le jour o\u00f9 Rose a disparu, un livre \u00e9mouvant, poignant de Julien Sadrel  <\/p>\n<p>Dans ce livre, Julien Sandrel rend hommage \u00e0 celles qui accompagnent sans juger, une plong\u00e9e dans les violences faites aux femmes et dans ce qu\u2019elles ont de plus insidieux. Voici un auteur qui exprime la souffrance de femmes avec une grande justesse. Des destins qui se croisent et un livre qui ne peut vous laisser indiff\u00e9rents.<\/p>\n<p><img loading=\"lazy\" decoding=\"async\" class=\"VisualPreview svelte-1rldrkz\" src=\"data:image\/jpeg;base64,\/9j\/2wBDACgcHiMeGSgjISMtKygwPGRBPDc3PHtYXUlkkYCZlo+AjIqgtObDoKrarYqMyP\/L2u71\/\/\/\/m8H\/\/\/\/6\/+b9\/\/j\/2wBDASstLTw1PHZBQXb4pYyl+Pj4+Pj4+Pj4+Pj4+Pj4+Pj4+Pj4+Pj4+Pj4+Pj4+Pj4+Pj4+Pj4+Pj4+Pj4+Pj4+Pj\/wAARCAAqABwDASIAAhEBAxEB\/8QAFwABAQEBAAAAAAAAAAAAAAAAAgEDAP\/EABgQAQEBAQEAAAAAAAAAAAAAAAABEQIS\/8QAFwEBAQEBAAAAAAAAAAAAAAAAAAEDBP\/EABYRAQEBAAAAAAAAAAAAAAAAAAABEf\/aAAwDAQACEQMRAD8AxkXyUhY21zRleQ8trBsRTdo2pqUh2imu0hUtC0ugqEXV0CWFf\/\/Z\" alt=\"Le jour o\u00f9 Rose a disparu, Harper Collins\" width=\"600\" height=\"878\"\/>  Le jour o\u00f9 Rose a disparu, Harper Collins  <\/p>\n<p>N\u00e9 en 1953 dans une famille franco-britannique, Romain Slocombe est l\u2019auteur d\u2019une trentaine de romans, dont\u00a0Monsieur le Commandant et\u00a0L\u2019Affaire L\u00e9on Sadorski, qui ouvre la saga Sadorski, tous deux s\u00e9lectionn\u00e9s pour le Goncourt.<\/p>\n<p><img loading=\"lazy\" decoding=\"async\" class=\"VisualPreview svelte-1rldrkz\" src=\"data:image\/jpeg;base64,\/9j\/2wBDACgcHiMeGSgjISMtKygwPGRBPDc3PHtYXUlkkYCZlo+AjIqgtObDoKrarYqMyP\/L2u71\/\/\/\/m8H\/\/\/\/6\/+b9\/\/j\/2wBDASstLTw1PHZBQXb4pYyl+Pj4+Pj4+Pj4+Pj4+Pj4+Pj4+Pj4+Pj4+Pj4+Pj4+Pj4+Pj4+Pj4+Pj4+Pj4+Pj4+Pj\/wAARCAAqAB0DASIAAhEBAxEB\/8QAGAABAQEBAQAAAAAAAAAAAAAAAgEEAwD\/xAAYEAEBAQEBAAAAAAAAAAAAAAAAAQISEf\/EABUBAQEAAAAAAAAAAAAAAAAAAAAB\/8QAFBEBAAAAAAAAAAAAAAAAAAAAAP\/aAAwDAQACEQMRAD8A8sGUpQKFAlL0GaaWaZ+1mxWmaOaZZs5sRj6Wac1gOs0c04woD\/\/Z\" alt=\"La saga Sadorsky, d\u00e9j\u00e0 8 tomes. Les avez-vous lus?\" width=\"311\" height=\"450\"\/>  La saga Sadorsky, d\u00e9j\u00e0 8 tomes. Les avez-vous lus?  <\/p>\n<p>France, mai 1945 : la paix en Europe est sur le point d\u2019\u00eatre sign\u00e9e. Lib\u00e9r\u00e9s en m\u00eame temps que nos prisonniers de 40, les d\u00e9port\u00e9s survivants reviennent des camps d\u2019extermination. N\u2019\u00e9tant pas des porteurs de bonnes nouvelles, ils sont accueillis en cons\u00e9quence, c\u2019est-\u00e0-dire mal. L\u2019ex-inspecteur Sadorski, r\u00e9voqu\u00e9 de la police nationale et recherch\u00e9, se cache avec sa femme Yvette sous un faux nom. Un revenant totalement inattendu d\u00e9barque chez eux. Sa visite annonce le d\u00e9but de nouveaux ennuis\u00a0; et menace la carri\u00e8re d\u2019un Sadorski devenu\u00a0\u00bb d\u00e9tective d\u2019art \u00ab\u00a0, au service d\u2019un Polonais exil\u00e9 aux \u00c9tats-Unis dont la mission \u00e0 Paris est de traquer les chefs-d\u2019\u0153uvre spoli\u00e9s des collections juives. Le livre est paru aux \u00e9ditions Robert Laffont.<\/p>\n<p><img loading=\"lazy\" decoding=\"async\" class=\"VisualPreview svelte-1rldrkz\" src=\"data:image\/jpeg;base64,\/9j\/2wBDACgcHiMeGSgjISMtKygwPGRBPDc3PHtYXUlkkYCZlo+AjIqgtObDoKrarYqMyP\/L2u71\/\/\/\/m8H\/\/\/\/6\/+b9\/\/j\/2wBDASstLTw1PHZBQXb4pYyl+Pj4+Pj4+Pj4+Pj4+Pj4+Pj4+Pj4+Pj4+Pj4+Pj4+Pj4+Pj4+Pj4+Pj4+Pj4+Pj4+Pj\/wAARCAAqAB4DASIAAhEBAxEB\/8QAGAAAAwEBAAAAAAAAAAAAAAAAAAECAwT\/xAAYEAEBAQEBAAAAAAAAAAAAAAAAAQIREv\/EABYBAQEBAAAAAAAAAAAAAAAAAAABAv\/EABQRAQAAAAAAAAAAAAAAAAAAAAD\/2gAMAwEAAhEDEQA\/AOao0rqay0y0zrTTOqjo9Faz9D0A1UU7UWgfR1IVD6QAP\/\/Z\" alt=\"Voil\u00e0 un auteur qui a toujours voulu raconter des histoires?\" width=\"600\" height=\"826\"\/>  Voil\u00e0 un auteur qui a toujours voulu raconter des histoires?  <\/p>\n<p>J\u00e9r\u00f4me Leroy, n\u00e9 \u00e0 Rouen le 29 ao\u00fbt 1964, est un \u00e9crivain fran\u00e7ais auteur de romans, de romans noirs, de romans pour la jeunesse et de po\u00e9sie. Ancien professeur \u00e0 Roubaix, il vit d\u00e9sormais \u00e0 Lille.<\/p>\n<p><img loading=\"lazy\" decoding=\"async\" class=\"VisualPreview svelte-1rldrkz\" src=\"data:image\/jpeg;base64,\/9j\/2wBDACgcHiMeGSgjISMtKygwPGRBPDc3PHtYXUlkkYCZlo+AjIqgtObDoKrarYqMyP\/L2u71\/\/\/\/m8H\/\/\/\/6\/+b9\/\/j\/2wBDASstLTw1PHZBQXb4pYyl+Pj4+Pj4+Pj4+Pj4+Pj4+Pj4+Pj4+Pj4+Pj4+Pj4+Pj4+Pj4+Pj4+Pj4+Pj4+Pj4+Pj\/wAARCAAqABoDASIAAhEBAxEB\/8QAGAABAQEBAQAAAAAAAAAAAAAAAQIDAAT\/xAAYEAEBAQEBAAAAAAAAAAAAAAAAARIRAv\/EABcBAQEBAQAAAAAAAAAAAAAAAAEAAwL\/xAAWEQEBAQAAAAAAAAAAAAAAAAAAERL\/2gAMAwEAAhEDEQA\/APdo6YT0dBplvo6YadpLLDrujhkLuqlPRIeBU4dPLQwsqieV4VFI1\/\/Z\" alt=\"Depuis que j\u2019ai u ordinateur portable, j\u2019\u00e9cris allong\u00e9 de pr\u00e9f\u00e9rence sur un canap\u00e9 \u2026\" width=\"600\" height=\"940\"\/>  Depuis que j\u2019ai u ordinateur portable, j\u2019\u00e9cris allong\u00e9 de pr\u00e9f\u00e9rence sur un canap\u00e9 \u2026  <\/p>\n<p>\u00ab\u00a0[\u2026] depuis que j\u2019ai un ordinateur portable, j\u2019\u00e9cris allong\u00e9, de pr\u00e9f\u00e9rence sur un canap\u00e9, la t\u00eate sur\u00e9lev\u00e9e par un coussin. Le chat est bienvenu, ainsi que des \u00e9couteurs qui passent le plus souvent des compilations de soul et de rhythm and blues. Quand le chat a faim, je retire les \u00e9couteurs et la journ\u00e9e est termin\u00e9e\u00a0: je peux enfin me lever. \u00bb<\/p>\n<p>De tr\u00e8s nombreux auteurs sont au Casino de Royat ce samedi et ce dimanche. N\u2019h\u00e9sitez pas \u00e0 aller les rencontrer et faire le plein de livres pur vos prochaines lectures. Entr\u00e9e gratuite. Ici Pays d\u2019Auvergne est partenaire de cet \u00e9v\u00e9nement. Le baladeur a fait quelques lectures et a rencontr\u00e9 des auteurs aussi passionn\u00e9s que passionnants. \u00c0 r\u00e9\u00e9couter sur ICI.fr<\/p>\n","protected":false},"excerpt":{"rendered":"Incontournable pour tous les amoureux des mots en partenariat avec les librairies Les Volcans et les Raconteurs d\u2019Histoires,&hellip;\n","protected":false},"author":2,"featured_media":438334,"comment_status":"","ping_status":"","sticky":false,"template":"","format":"standard","meta":{"footnotes":""},"categories":[1357],"tags":[1379,58,59,1011,27,1380],"class_list":{"0":"post-438333","1":"post","2":"type-post","3":"status-publish","4":"format-standard","5":"has-post-thumbnail","7":"category-livres","8":"tag-books","9":"tag-divertissement","10":"tag-entertainment","11":"tag-fr","12":"tag-france","13":"tag-livres"},"share_on_mastodon":{"url":"https:\/\/pubeurope.com\/@fr\/115315267664123740","error":""},"_links":{"self":[{"href":"https:\/\/www.europesays.com\/fr\/wp-json\/wp\/v2\/posts\/438333","targetHints":{"allow":["GET"]}}],"collection":[{"href":"https:\/\/www.europesays.com\/fr\/wp-json\/wp\/v2\/posts"}],"about":[{"href":"https:\/\/www.europesays.com\/fr\/wp-json\/wp\/v2\/types\/post"}],"author":[{"embeddable":true,"href":"https:\/\/www.europesays.com\/fr\/wp-json\/wp\/v2\/users\/2"}],"replies":[{"embeddable":true,"href":"https:\/\/www.europesays.com\/fr\/wp-json\/wp\/v2\/comments?post=438333"}],"version-history":[{"count":0,"href":"https:\/\/www.europesays.com\/fr\/wp-json\/wp\/v2\/posts\/438333\/revisions"}],"wp:featuredmedia":[{"embeddable":true,"href":"https:\/\/www.europesays.com\/fr\/wp-json\/wp\/v2\/media\/438334"}],"wp:attachment":[{"href":"https:\/\/www.europesays.com\/fr\/wp-json\/wp\/v2\/media?parent=438333"}],"wp:term":[{"taxonomy":"category","embeddable":true,"href":"https:\/\/www.europesays.com\/fr\/wp-json\/wp\/v2\/categories?post=438333"},{"taxonomy":"post_tag","embeddable":true,"href":"https:\/\/www.europesays.com\/fr\/wp-json\/wp\/v2\/tags?post=438333"}],"curies":[{"name":"wp","href":"https:\/\/api.w.org\/{rel}","templated":true}]}}