{"id":438356,"date":"2025-10-04T09:59:12","date_gmt":"2025-10-04T09:59:12","guid":{"rendered":"https:\/\/www.europesays.com\/fr\/438356\/"},"modified":"2025-10-04T09:59:12","modified_gmt":"2025-10-04T09:59:12","slug":"d1-feminine-les-marseillaises-sont-en-quete-de-points-face-a-saint-etienne","status":"publish","type":"post","link":"https:\/\/www.europesays.com\/fr\/438356\/","title":{"rendered":"D1 f\u00e9minine : les Marseillaises sont en qu\u00eate de points face \u00e0 Saint-\u00c9tienne"},"content":{"rendered":"<p>Entre l&rsquo;OM et Saint-\u00c9tienne, les similitudes se multiplient en ce d\u00e9but de saison. Un <a href=\"https:\/\/www.laprovence.com\/article\/om\/2172286392570514\/om-feminines-l-entraineur-olympien-frederic-goncalves-mis-a-pied-a-titre-conservatoire\" target=\"_blank\" rel=\"noopener\">nouveau coach sur le banc<\/a> (m\u00eame si Dalin Anrifani est un habitu\u00e9 du club, <a href=\"https:\/\/www.laprovence.com\/article\/om\/7037592772481114\/om-d1-feminine-accord-total-avec-corinne-diacre-attendue-lundi-a-marseille\" target=\"_blank\" rel=\"noopener\">en attendant la nomination de Corinne Diacre<\/a>), de nombreuses recrues, un calendrier compliqu\u00e9 (deux membres programm\u00e9s au top 4 affront\u00e9s lors des trois premi\u00e8res journ\u00e9es)&#8230; et surtout un z\u00e9ro point\u00e9 apr\u00e8s un mois de comp\u00e9tition !<\/p>\n<p>Les deux formations, qui visent le maintien, vont donc tenter de d\u00e9bloquer leur compteur ce samedi apr\u00e8s-midi (17h) sur la pelouse de Geoffroy-Guichard. Une situation qui n&rsquo;inqui\u00e8te pas dans les rangs olympiens. \u00ab\u00a0Si tu tires la sonnette d&rsquo;alarme d\u00e8s la 3e journ\u00e9e, c&rsquo;est qu&rsquo;il y a un probl\u00e8me peut-\u00eatre plus profond, sourit Anrifani. Le championnat est long et la v\u00e9rit\u00e9 d&rsquo;aujourd&rsquo;hui n&rsquo;est pas celle de demain. On reste confiant puisqu&rsquo;on sait qu&rsquo;il y a du potentiel, de la qualit\u00e9 et on le voit en s\u00e9ance.\u00a0\u00bb<\/p>\n<p>\u00ab\u00a0Ne pas \u00eatre trop n\u00e9gatives\u00a0\u00bb<\/p>\n<p>\u00ab\u00a0Ce n&rsquo;est jamais facile lorsqu&rsquo;on a z\u00e9ro point apr\u00e8s trois matches, forc\u00e9ment l&rsquo;ambiance n&rsquo;est pas la m\u00eame, souligne, de son c\u00f4t\u00e9, la milieu de terrain <a href=\"https:\/\/www.laprovence.com\/article\/om\/1125004746477415\/om-feminines-salome-elisor-arrive-en-pret\" target=\"_blank\" rel=\"noopener\">Salom\u00e9 Elisor<\/a>. On essaie de ne pas \u00eatre trop n\u00e9gatives. On est une nouvelle \u00e9quipe et on vient de monter en D1 donc il faut que la mayonnaise prenne aussi. Je ne suis pas craintive car je sais qu&rsquo;il y a de la qualit\u00e9 et qu&rsquo;on peut faire de bonnes choses, maintenant il faut qu&rsquo;on arrive \u00e0 se structurer un peu plus. Au fil des rencontres, \u00e7a ira de mieux en mieux.\u00a0\u00bb<\/p>\n<p>Pour cela, les Marseillaises devront rapidement boucler leur p\u00e9riode de rodage et basculer en mode \u00ab\u00a0premi\u00e8re division\u00a0\u00bb sur plusieurs aspects mentaux comme la concentration et l&rsquo;engagement, ce qui leur a co\u00fbt\u00e9 quatre buts en d\u00e9but de match contre <a href=\"https:\/\/www.laprovence.com\/article\/om\/4129604532632614\/om-d1-feminine-les-marseillaises-manquent-leur-premiere-a-turcan-en-sinclinant-face-au-havre\" target=\"_blank\" rel=\"noopener\">Le\u00a0Havre<\/a> et <a href=\"https:\/\/www.laprovence.com\/article\/om\/1102426193942115\/om-feminines-les-marseillaises-battues-par-fleury-ont-toujours-du-retard-a-lallumage\" target=\"_blank\" rel=\"noopener\">Fleury<\/a>. Si possible d\u00e8s ce samedi apr\u00e8s-midi&#8230;<\/p>\n","protected":false},"excerpt":{"rendered":"Entre l&rsquo;OM et Saint-\u00c9tienne, les similitudes se multiplient en ce d\u00e9but de saison. Un nouveau coach sur le&hellip;\n","protected":false},"author":2,"featured_media":438357,"comment_status":"","ping_status":"","sticky":false,"template":"","format":"standard","meta":{"footnotes":""},"categories":[9653],"tags":[17,1111,11,2430,1777,674,4283,1011,27,151,12191,12,149,1460,9742,25,4001,3333],"class_list":{"0":"post-438356","1":"post","2":"type-post","3":"status-publish","4":"format-standard","5":"has-post-thumbnail","7":"category-saint-etienne","8":"tag-17","9":"tag-actu","10":"tag-actualites","11":"tag-auvergne-rhone-alpes","12":"tag-eu","13":"tag-europe","14":"tag-feminine","15":"tag-fr","16":"tag-france","17":"tag-les","18":"tag-marseillaises","19":"tag-news","20":"tag-om","21":"tag-points","22":"tag-quete","23":"tag-republique-francaise","24":"tag-saint-etienne","25":"tag-sont"},"share_on_mastodon":{"url":"https:\/\/pubeurope.com\/@fr\/115315314945968616","error":""},"_links":{"self":[{"href":"https:\/\/www.europesays.com\/fr\/wp-json\/wp\/v2\/posts\/438356","targetHints":{"allow":["GET"]}}],"collection":[{"href":"https:\/\/www.europesays.com\/fr\/wp-json\/wp\/v2\/posts"}],"about":[{"href":"https:\/\/www.europesays.com\/fr\/wp-json\/wp\/v2\/types\/post"}],"author":[{"embeddable":true,"href":"https:\/\/www.europesays.com\/fr\/wp-json\/wp\/v2\/users\/2"}],"replies":[{"embeddable":true,"href":"https:\/\/www.europesays.com\/fr\/wp-json\/wp\/v2\/comments?post=438356"}],"version-history":[{"count":0,"href":"https:\/\/www.europesays.com\/fr\/wp-json\/wp\/v2\/posts\/438356\/revisions"}],"wp:featuredmedia":[{"embeddable":true,"href":"https:\/\/www.europesays.com\/fr\/wp-json\/wp\/v2\/media\/438357"}],"wp:attachment":[{"href":"https:\/\/www.europesays.com\/fr\/wp-json\/wp\/v2\/media?parent=438356"}],"wp:term":[{"taxonomy":"category","embeddable":true,"href":"https:\/\/www.europesays.com\/fr\/wp-json\/wp\/v2\/categories?post=438356"},{"taxonomy":"post_tag","embeddable":true,"href":"https:\/\/www.europesays.com\/fr\/wp-json\/wp\/v2\/tags?post=438356"}],"curies":[{"name":"wp","href":"https:\/\/api.w.org\/{rel}","templated":true}]}}