{"id":438380,"date":"2025-10-04T10:11:10","date_gmt":"2025-10-04T10:11:10","guid":{"rendered":"https:\/\/www.europesays.com\/fr\/438380\/"},"modified":"2025-10-04T10:11:10","modified_gmt":"2025-10-04T10:11:10","slug":"cette-depense-a-un-gout-amer-a-rennes-les-futurs-travaux-du-centre-des-impots-font-tiquer-les-syndicats","status":"publish","type":"post","link":"https:\/\/www.europesays.com\/fr\/438380\/","title":{"rendered":"\u00ab\u00a0Cette d\u00e9pense \u00e0 un go\u00fbt amer\u00a0\u00bb\u00a0: \u00e0 Rennes, les futurs travaux du centre des imp\u00f4ts font tiquer les syndicats"},"content":{"rendered":"<p>\u00ab Alors que l\u2019\u00c9tat est en faillite, ce n\u2019est pas tr\u00e8s citoyen \u00bb, d\u00e9plore l\u2019intersyndicale (CGT, FO, Solidaires, CFDT) des finances publiques d\u2019Ille-et-Vilaine. La raison de cette consternation ? Les travaux qui seront entrepris d\u00e8s janvier afin de r\u00e9nover l\u2019accueil d<a href=\"https:\/\/www.letelegramme.fr\/cotes-d-armor\/saint-brieuc-22000\/les-syndicats-des-finances-publiques-tracteront-a-saint-brieuc-pour-denoncer-leurs-conditions-de-travail-6805806.php\" target=\"_blank\" rel=\"nofollow noopener\">u centre des finances publiques<\/a> situ\u00e9 boulevard Magenta, \u00e0 Rennes. Tous les centres r\u00e9gionaux sont concern\u00e9s par cette r\u00e9novation. \u00ab Dans un contexte de gel du point d\u2019indice et de perte de pouvoir d\u2019achat de plus en plus marqu\u00e9e, ann\u00e9e apr\u00e8s ann\u00e9e, pour nos agents, cette d\u00e9pense a un go\u00fbt particuli\u00e8rement amer \u00bb, regrettent les syndicats.<\/p>\n<p>Ces derniers entrevoient, derri\u00e8re ces travaux, \u00ab une grande campagne pour refaire les accueils \u00e0 l\u2019image de Bercy. Ils veulent avoir une vitrine de Bercy \u00bb.<\/p>\n<p>Un probl\u00e8me de s\u00e9curit\u00e9 ?<\/p>\n<p>Pour la direction des finances bretillienne, ce projet vise avant tout \u00ab \u00e0 renforcer la s\u00e9curit\u00e9 des agents assurant la mission d\u2019accueil des usagers \u00bb. Un probl\u00e8me reconnu par les syndicats, mais jug\u00e9 comme \u00ab de petits soucis de s\u00e9curit\u00e9. \u00bb \u00ab L\u2019accueil en question a \u00e9t\u00e9 r\u00e9nov\u00e9 trois fois en 20 ans et est, de l\u2019avis des agents, parfaitement fonctionnel, \u00e0 l\u2019exception d\u2019un probl\u00e8me de s\u00e9curit\u00e9 qui pourrait \u00eatre solutionn\u00e9 \u00e0 moindre co\u00fbt \u00bb, assurent les syndicats dans un communiqu\u00e9.<\/p>\n<p>Autre point abord\u00e9 par la direction du centre : le confort. \u00ab La r\u00e9novation de l\u2019espace d\u2019accueil prend \u00e9galement en compte l\u2019am\u00e9lioration du cadre de travail et des conditions de r\u00e9ception des usagers dans ce centre, qui est le plus important du d\u00e9partement, avec pr\u00e8s de 70 000 usagers re\u00e7us en 2024. \u00bb Les syndicats envisagent la chose sous un autre angle. \u00ab Les travaux doivent d\u00e9buter en janvier et durer plusieurs mois. Au printemps, avec l\u2019imp\u00f4t sur le revenu, il y aura beaucoup de passage. Avec les travaux, on ne voit pas comment \u00e7a va bien se passer avec les usagers. \u00bb<\/p>\n<p>\u00ab Des services qui en ont davantage besoin \u00bb<\/p>\n<p>Le co\u00fbt du projet est fix\u00e9 \u00e0 1M d\u2019\u20ac. \u00ab 250 000 \u20ac seront pris du fonds global de la part de notre direction, poursuit l\u2019intersyndicale. Alors qu\u2019il a des services qui en ont davantage besoin. Il y a des sites o\u00f9 la situation est plus catastrophique avec des probl\u00e8mes de climatisation, de toitures qui menacent de s\u2019effondrer. \u00bb Pour la direction : \u00ab L\u2019enveloppe budg\u00e9taire allou\u00e9e \u00e0 cette op\u00e9ration, financ\u00e9e \u00e0 80 % par la direction g\u00e9n\u00e9rale, est tout \u00e0 fait coh\u00e9rente avec l\u2019ampleur des travaux strictement n\u00e9cessaires et les prix du march\u00e9. \u00bb<\/p>\n","protected":false},"excerpt":{"rendered":"\u00ab Alors que l\u2019\u00c9tat est en faillite, ce n\u2019est pas tr\u00e8s citoyen \u00bb, d\u00e9plore l\u2019intersyndicale (CGT, FO, Solidaires,&hellip;\n","protected":false},"author":2,"featured_media":438381,"comment_status":"","ping_status":"","sticky":false,"template":"","format":"standard","meta":{"footnotes":""},"categories":[2821],"tags":[1111,11,829,1777,674,1011,27,848,12,584,25],"class_list":{"0":"post-438380","1":"post","2":"type-post","3":"status-publish","4":"format-standard","5":"has-post-thumbnail","7":"category-rennes","8":"tag-actu","9":"tag-actualites","10":"tag-bretagne","11":"tag-eu","12":"tag-europe","13":"tag-fr","14":"tag-france","15":"tag-ille-et-vilaine","16":"tag-news","17":"tag-rennes","18":"tag-republique-francaise"},"share_on_mastodon":{"url":"https:\/\/pubeurope.com\/@fr\/115315361975217424","error":""},"_links":{"self":[{"href":"https:\/\/www.europesays.com\/fr\/wp-json\/wp\/v2\/posts\/438380","targetHints":{"allow":["GET"]}}],"collection":[{"href":"https:\/\/www.europesays.com\/fr\/wp-json\/wp\/v2\/posts"}],"about":[{"href":"https:\/\/www.europesays.com\/fr\/wp-json\/wp\/v2\/types\/post"}],"author":[{"embeddable":true,"href":"https:\/\/www.europesays.com\/fr\/wp-json\/wp\/v2\/users\/2"}],"replies":[{"embeddable":true,"href":"https:\/\/www.europesays.com\/fr\/wp-json\/wp\/v2\/comments?post=438380"}],"version-history":[{"count":0,"href":"https:\/\/www.europesays.com\/fr\/wp-json\/wp\/v2\/posts\/438380\/revisions"}],"wp:featuredmedia":[{"embeddable":true,"href":"https:\/\/www.europesays.com\/fr\/wp-json\/wp\/v2\/media\/438381"}],"wp:attachment":[{"href":"https:\/\/www.europesays.com\/fr\/wp-json\/wp\/v2\/media?parent=438380"}],"wp:term":[{"taxonomy":"category","embeddable":true,"href":"https:\/\/www.europesays.com\/fr\/wp-json\/wp\/v2\/categories?post=438380"},{"taxonomy":"post_tag","embeddable":true,"href":"https:\/\/www.europesays.com\/fr\/wp-json\/wp\/v2\/tags?post=438380"}],"curies":[{"name":"wp","href":"https:\/\/api.w.org\/{rel}","templated":true}]}}