{"id":438382,"date":"2025-10-04T10:12:59","date_gmt":"2025-10-04T10:12:59","guid":{"rendered":"https:\/\/www.europesays.com\/fr\/438382\/"},"modified":"2025-10-04T10:12:59","modified_gmt":"2025-10-04T10:12:59","slug":"un-incendie-criminel-ravage-un-immeuble-de-bureaux-et-deux-voitures-a-rennes-ce-que-lon-sait","status":"publish","type":"post","link":"https:\/\/www.europesays.com\/fr\/438382\/","title":{"rendered":"Un incendie criminel ravage un immeuble de bureaux et deux voitures \u00e0 Rennes\u00a0: ce que l\u2019on sait"},"content":{"rendered":"<p>\u00c0 4 h 06, ce jeudi, les pompiers sont intervenus pour deux voitures en feu, rue Descartes \u00e0 Rennes, \u00e0 l\u2019angle du boulevard Magenta, non loin de la gare. L\u2019incendie s\u2019est propag\u00e9 \u00e0 un immeuble de bureaux attenant de six \u00e9tages. Deux ailes ont \u00e9t\u00e9 embras\u00e9es et le feu s\u2019est \u00e9tendu \u00e0 l\u2019ensemble de la fa\u00e7ade du b\u00e2timent. Vingt-cinq pompiers ont \u00e9t\u00e9 mobilis\u00e9s. Le feu a \u00e9t\u00e9 ma\u00eetris\u00e9 vers 7 h. Il n\u2019y a pas de bless\u00e9s.<\/p>\n<p><img decoding=\"async\" src=\"https:\/\/www.europesays.com\/fr\/wp-content\/uploads\/2025\/10\/68de3da33ee0bff81104d728.1.jpeg\" width=\"480\" height=\"300\" class=\"web_golden_m\" loading=\"lazy\" alt=\"Le feu s\u2019est propag\u00e9 aux voitures puis \u00e0 l\u2019immeuble.\"\/>Le feu s\u2019est propag\u00e9 aux voitures puis \u00e0 l\u2019immeuble. (Photo Le T\u00e9l\u00e9gramme\/Claire Staes)<\/p>\n<p>Vers 9 h ce matin, Jean-Marc Trihan, le pr\u00e9sident du groupe Lamotte, propri\u00e9taire du b\u00e2timent, \u00e9tait sur place pour constater les d\u00e9g\u00e2ts. \u00ab Plusieurs individus ont incendi\u00e9 volontairement des poubelles. Le feu s\u2019est propag\u00e9 aux deux v\u00e9hicules en bas, puis \u00e0 l\u2019immeuble. La moiti\u00e9 du rez-de-chauss\u00e9e et du premier \u00e9tage est touch\u00e9e \u00bb. Ancien si\u00e8ge du groupe, le b\u00e2timent h\u00e9berge d\u00e9sormais sa filiale coworking WeFlex.<\/p>\n<p>\u00ab Maintenant nous devons v\u00e9rifier si la structure du b\u00e2timent est touch\u00e9e \u00bb, poursuit Jean-Marc Trihan. \u00ab Deux poteaux de b\u00e9ton ont \u00e9t\u00e9 surchauff\u00e9s. On va continuer \u00e0 d\u00e9senfumer et fermer le b\u00e2timent pour \u00e9viter que des gens ne rentrent. Nous allons \u00e9videmment d\u00e9poser plainte \u00bb.<\/p>\n<p>Une enqu\u00eate a \u00e9t\u00e9 ouverte paR la police. Selon nos informations, les cam\u00e9ras de surveillance de la rue ont film\u00e9 les auteurs qui sont repartis en voiture.<\/p>\n","protected":false},"excerpt":{"rendered":"\u00c0 4 h 06, ce jeudi, les pompiers sont intervenus pour deux voitures en feu, rue Descartes \u00e0&hellip;\n","protected":false},"author":2,"featured_media":438383,"comment_status":"","ping_status":"","sticky":false,"template":"","format":"standard","meta":{"footnotes":""},"categories":[2821],"tags":[1111,11,829,765,1777,674,118,1011,27,848,5383,12,584,25],"class_list":{"0":"post-438382","1":"post","2":"type-post","3":"status-publish","4":"format-standard","5":"has-post-thumbnail","7":"category-rennes","8":"tag-actu","9":"tag-actualites","10":"tag-bretagne","11":"tag-en-continu","12":"tag-eu","13":"tag-europe","14":"tag-faits-divers","15":"tag-fr","16":"tag-france","17":"tag-ille-et-vilaine","18":"tag-incendies","19":"tag-news","20":"tag-rennes","21":"tag-republique-francaise"},"share_on_mastodon":{"url":"https:\/\/pubeurope.com\/@fr\/115315370345026909","error":""},"_links":{"self":[{"href":"https:\/\/www.europesays.com\/fr\/wp-json\/wp\/v2\/posts\/438382","targetHints":{"allow":["GET"]}}],"collection":[{"href":"https:\/\/www.europesays.com\/fr\/wp-json\/wp\/v2\/posts"}],"about":[{"href":"https:\/\/www.europesays.com\/fr\/wp-json\/wp\/v2\/types\/post"}],"author":[{"embeddable":true,"href":"https:\/\/www.europesays.com\/fr\/wp-json\/wp\/v2\/users\/2"}],"replies":[{"embeddable":true,"href":"https:\/\/www.europesays.com\/fr\/wp-json\/wp\/v2\/comments?post=438382"}],"version-history":[{"count":0,"href":"https:\/\/www.europesays.com\/fr\/wp-json\/wp\/v2\/posts\/438382\/revisions"}],"wp:featuredmedia":[{"embeddable":true,"href":"https:\/\/www.europesays.com\/fr\/wp-json\/wp\/v2\/media\/438383"}],"wp:attachment":[{"href":"https:\/\/www.europesays.com\/fr\/wp-json\/wp\/v2\/media?parent=438382"}],"wp:term":[{"taxonomy":"category","embeddable":true,"href":"https:\/\/www.europesays.com\/fr\/wp-json\/wp\/v2\/categories?post=438382"},{"taxonomy":"post_tag","embeddable":true,"href":"https:\/\/www.europesays.com\/fr\/wp-json\/wp\/v2\/tags?post=438382"}],"curies":[{"name":"wp","href":"https:\/\/api.w.org\/{rel}","templated":true}]}}