{"id":438384,"date":"2025-10-04T10:14:12","date_gmt":"2025-10-04T10:14:12","guid":{"rendered":"https:\/\/www.europesays.com\/fr\/438384\/"},"modified":"2025-10-04T10:14:12","modified_gmt":"2025-10-04T10:14:12","slug":"le-show-affiche-complet-un-concert-supplementaire-programme","status":"publish","type":"post","link":"https:\/\/www.europesays.com\/fr\/438384\/","title":{"rendered":"le show affiche complet, un concert suppl\u00e9mentaire programm\u00e9"},"content":{"rendered":"<p>Vous n\u2019avez pas pu avoir de places pour <a href=\"https:\/\/www.dna.fr\/culture-loisirs\/2025\/10\/02\/bibliotheques-ideales-une-soiree-cabaret-amp-drag-en-cloture\" target=\"_blank\" rel=\"noopener\">le show Cabaret &amp; drag<\/a> ce samedi\u00a0? Passions Crois\u00e9es et Biblioth\u00e8ques id\u00e9ales remettent \u00e7a ce dimanche soir \u00e0 Saint-Guillaume. Avec une soir\u00e9e en deux temps, entre rires et larmes autour de notre condition humaine.<\/p>\n<p>  Partie 1\u00a0: Cabaret Berlin &#8211; les nuits folles de Weimar<\/p>\n<p>Bienvenue dans le Berlin des ann\u00e9es 1920, capitale de la libert\u00e9 et de la provocation, o\u00f9 l\u2019art flirte avec le scandale et la nuit se fait th\u00e9\u00e2tre de toutes les audaces. Cabaret Berlin vous ouvre les portes d\u2019un univers entre ombres et lumi\u00e8res, o\u00f9 les plumes se m\u00ealent aux cris du saxophone et o\u00f9 les masques tombent sous les lueurs tamis\u00e9es.<\/p>\n<p>Entre chansons engag\u00e9es, corps lib\u00e9r\u00e9s, et rires amers, voici un hommage \u00e0 l\u2019\u00e2ge d\u2019or du cabaret berlinois, celui de Marlene Dietrich, des clubs interlopes, et d\u2019une soci\u00e9t\u00e9 en qu\u00eate de vertige.<\/p>\n<p>Un cabaret sans censure, entre \u00e9l\u00e9gance d\u00e9cadente et v\u00e9rit\u00e9 crue avec L\u00e9opoldine HH (chant, r\u00e9cit, instrument), Liselotte Hamm (chant et r\u00e9cit) et Jean-Marc Hummel (chant et piano Steinway et drag).<\/p>\n<p>Entrez, et laissez la nuit vous emporter.<\/p>\n<p>  Partie 2\u00a0: \u00c9lys\u00e9e Moon, t\u00e9nor &amp; drag<\/p>\n<p>Les Biblioth\u00e8ques id\u00e9ales et Passions Crois\u00e9es ont cette ann\u00e9e le plaisir d\u2019inviter \u00c9lys\u00e9e Moon, drag-queen, chanteuse lyrique et guide-conf\u00e9renci\u00e8re.<\/p>\n<p>Se produisant autant \u00e0 Paris (Op\u00e9ra-Comique et th\u00e9\u00e2tre du Ch\u00e2telet), qu\u2019\u00e0 Bruxelles (th\u00e9\u00e2tre de la Monnaie), elle s\u2019amuse \u00e0 m\u00ealer drag, op\u00e9ra et histoire de l\u2019art, masculin et f\u00e9minin, culture dites \u201cl\u00e9gitimes\u201d, \u201cpopulaires\u201d et \u201csubcultures\u201d tout en faisant r\u00e9sonner sa voix de t\u00e9nor lyrique.<\/p>\n<p>Une plong\u00e9e scintillante \u00e0 la crois\u00e9e des chemins\u00a0!<\/p>\n<p>\u00c9lys\u00e9e Moon sera accompagn\u00e9e de Guillem Aubry (mise en sc\u00e8ne, chef de chant, piano Steinway).<\/p>\n<p class=\"note\">Dimanche 5\u00a0octobre \u00e0 20\u00a0h\u00a045 \u00e0 l\u2019\u00e9glise Saint-Guillaume \u00e0 Strasbourg.<\/p>\n<p class=\"note\">Lien vers la billetterie\u00a0: https:\/\/urlr.me\/yam37<\/p>\n<p class=\"note\">En partenariat avec Passions Crois\u00e9es.<\/p>\n","protected":false},"excerpt":{"rendered":"Vous n\u2019avez pas pu avoir de places pour le show Cabaret &amp; drag ce samedi\u00a0? Passions Crois\u00e9es et&hellip;\n","protected":false},"author":2,"featured_media":438385,"comment_status":"","ping_status":"","sticky":false,"template":"","format":"standard","meta":{"footnotes":""},"categories":[2820],"tags":[1111,11,1687,2880,1777,674,107,1011,27,775,12,25,3140,640,2879],"class_list":{"0":"post-438384","1":"post","2":"type-post","3":"status-publish","4":"format-standard","5":"has-post-thumbnail","7":"category-strasbourg","8":"tag-actu","9":"tag-actualites","10":"tag-culture-loisirs","11":"tag-edition-strasbourg","12":"tag-eu","13":"tag-europe","14":"tag-fil-info","15":"tag-fr","16":"tag-france","17":"tag-grand-est","18":"tag-news","19":"tag-republique-francaise","20":"tag-spectacle","21":"tag-strasbourg","22":"tag-strasbourg-ville"},"share_on_mastodon":{"url":"https:\/\/pubeurope.com\/@fr\/115315373861637507","error":""},"_links":{"self":[{"href":"https:\/\/www.europesays.com\/fr\/wp-json\/wp\/v2\/posts\/438384","targetHints":{"allow":["GET"]}}],"collection":[{"href":"https:\/\/www.europesays.com\/fr\/wp-json\/wp\/v2\/posts"}],"about":[{"href":"https:\/\/www.europesays.com\/fr\/wp-json\/wp\/v2\/types\/post"}],"author":[{"embeddable":true,"href":"https:\/\/www.europesays.com\/fr\/wp-json\/wp\/v2\/users\/2"}],"replies":[{"embeddable":true,"href":"https:\/\/www.europesays.com\/fr\/wp-json\/wp\/v2\/comments?post=438384"}],"version-history":[{"count":0,"href":"https:\/\/www.europesays.com\/fr\/wp-json\/wp\/v2\/posts\/438384\/revisions"}],"wp:featuredmedia":[{"embeddable":true,"href":"https:\/\/www.europesays.com\/fr\/wp-json\/wp\/v2\/media\/438385"}],"wp:attachment":[{"href":"https:\/\/www.europesays.com\/fr\/wp-json\/wp\/v2\/media?parent=438384"}],"wp:term":[{"taxonomy":"category","embeddable":true,"href":"https:\/\/www.europesays.com\/fr\/wp-json\/wp\/v2\/categories?post=438384"},{"taxonomy":"post_tag","embeddable":true,"href":"https:\/\/www.europesays.com\/fr\/wp-json\/wp\/v2\/tags?post=438384"}],"curies":[{"name":"wp","href":"https:\/\/api.w.org\/{rel}","templated":true}]}}