{"id":438386,"date":"2025-10-04T10:15:16","date_gmt":"2025-10-04T10:15:16","guid":{"rendered":"https:\/\/www.europesays.com\/fr\/438386\/"},"modified":"2025-10-04T10:15:16","modified_gmt":"2025-10-04T10:15:16","slug":"rc-strasbourg-detail-des-primes-deja-gagnees-en-ligue-conference","status":"publish","type":"post","link":"https:\/\/www.europesays.com\/fr\/438386\/","title":{"rendered":"RC Strasbourg. D\u00e9tail des primes d\u00e9j\u00e0 gagn\u00e9es en Ligue Conf\u00e9rence"},"content":{"rendered":"<p><img fetchpriority=\"high\" decoding=\"async\" width=\"620\" height=\"413\" src=\"https:\/\/www.europesays.com\/fr\/wp-content\/uploads\/2025\/10\/Ligue-Europa-Conference-620x413.jpg\" alt=\"RC Strasbourg. D\u00e9tail des primes d\u00e9j\u00e0 gagn\u00e9es en Ligue Conf\u00e9rence\" class=\"wp-image-370477\"  \/>D\u00e9buts r\u00e9ussis pour Strasbourg en Ligue Conf\u00e9rence.<\/p>\n<p>Presque vingt ans apr\u00e8s sa derni\u00e8re campagne, le <a href=\"https:\/\/sportune.20minutes.fr\/rc-strasbourg-rcsa\" target=\"_blank\" rel=\"noopener\">RC Strasbourg<\/a> a retrouv\u00e9 avec succ\u00e8s, ce jeudi, le chemin d\u2019une comp\u00e9tition europ\u00e9enne. Il a domin\u00e9 (1-2) le Slovan Bratislava, chez lui en Slovaquie. C\u2019est la premi\u00e8re fois que le club alsacien dispute la Ligue Conf\u00e9rence, la derni\u00e8re n\u00e9e de l\u2019imaginaire de l\u2019UEFA qui l\u2019organise.<\/p>\n<p>Moins lucrative que ses deux grandes soeurs, la Ligue des champions et la Ligue Europa, elle n\u2019en promet pas moins d\u2019\u00eatre attractive, surtout pour les \u00e9quipes qui avanceront le plus loin, <a href=\"https:\/\/sportune.20minutes.fr\/les-primes-de-la-ligue-europa-conference-saison-2025-2026-370450\" target=\"_blank\" rel=\"noopener\">d\u2019apr\u00e8s la grille de r\u00e9partition du nouveau format \u00e0 36 \u00e9quipes<\/a>. D\u00e9j\u00e0, selon nos estimations \u00e0 Sportune, le <a href=\"https:\/\/sportune.20minutes.fr\/rc-strasbourg-rcsa\" target=\"_blank\" rel=\"noopener\">Racing Club Strasbourg Alsace<\/a> a gagn\u00e9 pr\u00e8s de 6 millions d\u2019euros.<\/p>\n<p>Un premier succ\u00e8s \u00e0 Bratislava pay\u00e9 400 000 euros<\/p>\n<p>Estimation, car le pilier valeur repose \u00e0 la fois sur le classement au coefficient sur dix ans et le m\u00e9lange des droits TV, plus du classement au coefficient sur cinq ans. En l\u2019esp\u00e8ce, il rapporte plus ou moins 2,5 millions d\u2019euros au b\u00e9n\u00e9fice du <a href=\"https:\/\/sportune.20minutes.fr\/rc-strasbourg-rcsa\" target=\"_blank\" rel=\"noopener\">RCSA<\/a>.<\/p>\n<p>Le reste, en revanche, est fixe. A savoir la prime commune aux trente-six \u00e9quipes qualifi\u00e9es \u00e0 3,17 millions d\u2019euros et les 400 000 euros de la victoire acquise ce jeudi sur le Slovan Bratislava. De fa\u00e7on certaine \u00e9galement, s\u2019ajoutera \u00e0 la fin de la phase de classement, un bonus selon la place obtenue. Apr\u00e8s la premi\u00e8re journ\u00e9e, le <a href=\"https:\/\/sportune.20minutes.fr\/rc-strasbourg-rcsa\" target=\"_blank\" rel=\"noopener\">RC Strasbourg<\/a> est douzi\u00e8me, un rang qui vaut 700 000 euros (chaque place paie 28 000 euros fois le nombre de parts ; le premier recevant ainsi 28 000 x 36, soit 1,008 M\u20ac).<\/p>\n<p>Sachant que les 8 premiers se qualifieront directement pour la huiti\u00e8mes de finale, avec une prime en plus 400 000 euros et les huit suivant recevront 200 000 euros et disputeront un barrage l\u00e0 encore \u00e0 200 000 euros suppl\u00e9mentaires, qualificatif pour les huiti\u00e8mes, pay\u00e9s 800 000 euros aux seize clubs qui y parviendront.<\/p>\n","protected":false},"excerpt":{"rendered":"D\u00e9buts r\u00e9ussis pour Strasbourg en Ligue Conf\u00e9rence. Presque vingt ans apr\u00e8s sa derni\u00e8re campagne, le RC Strasbourg a&hellip;\n","protected":false},"author":2,"featured_media":438387,"comment_status":"","ping_status":"","sticky":false,"template":"","format":"standard","meta":{"footnotes":""},"categories":[2820],"tags":[1111,11,1777,674,1011,27,775,20708,12,8323,4448,25,640],"class_list":{"0":"post-438386","1":"post","2":"type-post","3":"status-publish","4":"format-standard","5":"has-post-thumbnail","7":"category-strasbourg","8":"tag-actu","9":"tag-actualites","10":"tag-eu","11":"tag-europe","12":"tag-fr","13":"tag-france","14":"tag-grand-est","15":"tag-ligue-europa-conference","16":"tag-news","17":"tag-primes","18":"tag-rc-strasbourg","19":"tag-republique-francaise","20":"tag-strasbourg"},"share_on_mastodon":{"url":"https:\/\/pubeurope.com\/@fr\/115315378034408398","error":""},"_links":{"self":[{"href":"https:\/\/www.europesays.com\/fr\/wp-json\/wp\/v2\/posts\/438386","targetHints":{"allow":["GET"]}}],"collection":[{"href":"https:\/\/www.europesays.com\/fr\/wp-json\/wp\/v2\/posts"}],"about":[{"href":"https:\/\/www.europesays.com\/fr\/wp-json\/wp\/v2\/types\/post"}],"author":[{"embeddable":true,"href":"https:\/\/www.europesays.com\/fr\/wp-json\/wp\/v2\/users\/2"}],"replies":[{"embeddable":true,"href":"https:\/\/www.europesays.com\/fr\/wp-json\/wp\/v2\/comments?post=438386"}],"version-history":[{"count":0,"href":"https:\/\/www.europesays.com\/fr\/wp-json\/wp\/v2\/posts\/438386\/revisions"}],"wp:featuredmedia":[{"embeddable":true,"href":"https:\/\/www.europesays.com\/fr\/wp-json\/wp\/v2\/media\/438387"}],"wp:attachment":[{"href":"https:\/\/www.europesays.com\/fr\/wp-json\/wp\/v2\/media?parent=438386"}],"wp:term":[{"taxonomy":"category","embeddable":true,"href":"https:\/\/www.europesays.com\/fr\/wp-json\/wp\/v2\/categories?post=438386"},{"taxonomy":"post_tag","embeddable":true,"href":"https:\/\/www.europesays.com\/fr\/wp-json\/wp\/v2\/tags?post=438386"}],"curies":[{"name":"wp","href":"https:\/\/api.w.org\/{rel}","templated":true}]}}