{"id":438411,"date":"2025-10-04T10:30:15","date_gmt":"2025-10-04T10:30:15","guid":{"rendered":"https:\/\/www.europesays.com\/fr\/438411\/"},"modified":"2025-10-04T10:30:15","modified_gmt":"2025-10-04T10:30:15","slug":"lyon-le-bouchon-alsacien-une-winstub-a-la-lyonnaise","status":"publish","type":"post","link":"https:\/\/www.europesays.com\/fr\/438411\/","title":{"rendered":"Lyon. Le Bouchon Alsacien, une winstub\u2026 \u00e0 la lyonnaise\u00a0!"},"content":{"rendered":"<p>Est-ce que les termes \u201cbouchon\u201d et \u201calsacien\u201d peuvent \u00eatre compatibles\u00a0? A priori non, on aurait comme un souci de g\u00e9ographie. \u00ab\u00a0On me le dit souvent, mais je d\u00e9fends notre nom de Bouchon Alsacien \u00bb, sourit Jacky Gallmann. Le tout nouveau patron du Cazenove\u00a0de <a href=\"https:\/\/www.leprogres.fr\/magazine-cuisine-et-vins\/2025\/04\/05\/ancien-restaurant-de-pierre-orsi-le-cazenove-a-ete-vendu-a-jacky-gallmann\" target=\"_blank\" rel=\"nofollow noopener\">Pierre Ors<\/a>i , alsacien d\u2019origine, conna\u00eet bien les winstubs, ces bars \u00e0 vins mont\u00e9s quand l\u2019Alsace \u00e9tait sous<a href=\"https:\/\/www.leprogres.fr\/societe\/2024\/08\/24\/peur-pain-noir-et-penurie-la-vie-quotidienne-des-lyonnais-sous-l-occupation\" target=\"_blank\" rel=\"nofollow noopener\"> occupation allemande,<\/a> en r\u00e9ponse aux bars \u00e0 bi\u00e8re allemands.<\/p>\n<p>On y trouvait une cuisine franche et accessible, mais aussi une bonne ambiance et une certaine convivialit\u00e9. Tiens tiens\u2026 est-ce que ce ne serait pas aussi ce qui d\u00e9finit un bouchon lyonnais\u00a0? Et il sait de quoi il parle\u00a0: pendant&#8230;<\/p>\n","protected":false},"excerpt":{"rendered":"Est-ce que les termes \u201cbouchon\u201d et \u201calsacien\u201d peuvent \u00eatre compatibles\u00a0? A priori non, on aurait comme un souci&hellip;\n","protected":false},"author":2,"featured_media":438412,"comment_status":"","ping_status":"","sticky":false,"template":"","format":"standard","meta":{"footnotes":""},"categories":[1889],"tags":[1111,11,2430,4406,130,33,2757,1777,674,1011,27,2428,14926,2802,6016,12,25,2429,3151],"class_list":{"0":"post-438411","1":"post","2":"type-post","3":"status-publish","4":"format-standard","5":"has-post-thumbnail","7":"category-lyon","8":"tag-actu","9":"tag-actualites","10":"tag-auvergne-rhone-alpes","11":"tag-commerce-et-services","12":"tag-consommation","13":"tag-economie","14":"tag-edition-lyon-villeurbanne","15":"tag-eu","16":"tag-europe","17":"tag-fr","18":"tag-france","19":"tag-lyon","20":"tag-lyon-6e","21":"tag-lyon-6e-arrondissement","22":"tag-magazine-cuisine-et-vins","23":"tag-news","24":"tag-republique-francaise","25":"tag-rhone","26":"tag-selection-de-la-redaction-69"},"share_on_mastodon":{"url":"https:\/\/pubeurope.com\/@fr\/115315436668807238","error":""},"_links":{"self":[{"href":"https:\/\/www.europesays.com\/fr\/wp-json\/wp\/v2\/posts\/438411","targetHints":{"allow":["GET"]}}],"collection":[{"href":"https:\/\/www.europesays.com\/fr\/wp-json\/wp\/v2\/posts"}],"about":[{"href":"https:\/\/www.europesays.com\/fr\/wp-json\/wp\/v2\/types\/post"}],"author":[{"embeddable":true,"href":"https:\/\/www.europesays.com\/fr\/wp-json\/wp\/v2\/users\/2"}],"replies":[{"embeddable":true,"href":"https:\/\/www.europesays.com\/fr\/wp-json\/wp\/v2\/comments?post=438411"}],"version-history":[{"count":0,"href":"https:\/\/www.europesays.com\/fr\/wp-json\/wp\/v2\/posts\/438411\/revisions"}],"wp:featuredmedia":[{"embeddable":true,"href":"https:\/\/www.europesays.com\/fr\/wp-json\/wp\/v2\/media\/438412"}],"wp:attachment":[{"href":"https:\/\/www.europesays.com\/fr\/wp-json\/wp\/v2\/media?parent=438411"}],"wp:term":[{"taxonomy":"category","embeddable":true,"href":"https:\/\/www.europesays.com\/fr\/wp-json\/wp\/v2\/categories?post=438411"},{"taxonomy":"post_tag","embeddable":true,"href":"https:\/\/www.europesays.com\/fr\/wp-json\/wp\/v2\/tags?post=438411"}],"curies":[{"name":"wp","href":"https:\/\/api.w.org\/{rel}","templated":true}]}}