{"id":438413,"date":"2025-10-04T10:32:45","date_gmt":"2025-10-04T10:32:45","guid":{"rendered":"https:\/\/www.europesays.com\/fr\/438413\/"},"modified":"2025-10-04T10:32:45","modified_gmt":"2025-10-04T10:32:45","slug":"sante-4-nouveautes-qui-vont-accelerer-linnovation-medicale-en-ile-de-france","status":"publish","type":"post","link":"https:\/\/www.europesays.com\/fr\/438413\/","title":{"rendered":"Sant\u00e9 : 4 nouveaut\u00e9s qui vont acc\u00e9l\u00e9rer l&rsquo;innovation m\u00e9dicale en \u00cele-de-France"},"content":{"rendered":"<p>    \u25b6 Un nouveau Challenge IA Sant\u00e9 sur la maladie d\u2019Alzheimer<\/p>\n<p>Parmi les annonces majeures, apr\u00e8s le lancement du <a href=\"https:\/\/www.iledefrance.fr\/toutes-les-actualites\/sante-un-nouveau-challenge-ia-pour-lutter-contre-la-sclerose-en-plaques\" data-entity-type=\"node\" data-entity-uuid=\"78ac0355-06e6-41a3-80f9-d67a7fad5b0c\" data-entity-substitution=\"canonical\" rel=\"nofollow noopener\" target=\"_blank\">Challege IA sur la scl\u00e9rose en plaques l&rsquo;an dernier<\/a>, la R\u00e9gion a pr\u00e9sent\u00e9 <strong>le lancement d\u2019un nouveau Challenge IA en sant\u00e9 sur la maladie d\u2019Alzheimer.<\/strong><\/p>\n<p>Ce projet, qui sera soumis au vote de la Commission Permanente en novembre prochain, vise \u00e0 <strong>mobiliser les talents et les technologies pour d\u00e9velopper des solutions innovantes au service des patients et des soignants.<\/strong><\/p>\n<p>C\u00f4t\u00e9 R\u00e9gion, ce challenge ambitionne de :<\/p>\n<ul>\n<li>Stimuler l\u2019innovation en IA appliqu\u00e9e \u00e0 la sant\u00e9 ;<\/li>\n<li>Valoriser les donn\u00e9es cliniques franciliennes ;<\/li>\n<li>Favoriser l\u2019\u00e9mergence de champions technologiques ;<\/li>\n<li>Renforcer les collaborations entre recherche acad\u00e9mique et entreprises.<\/li>\n<\/ul>\n<p><strong>Entre 500<\/strong>\u00a0<strong>000 et 1 million d\u2019euros seront allou\u00e9s aux laur\u00e9ats et jusqu\u2019\u00e0 200<\/strong>\u00a0<strong>000 euros pour les \u00e9tablissements de recherche.<\/strong><\/p>\n","protected":false},"excerpt":{"rendered":"\u25b6 Un nouveau Challenge IA Sant\u00e9 sur la maladie d\u2019Alzheimer Parmi les annonces majeures, apr\u00e8s le lancement du&hellip;\n","protected":false},"author":2,"featured_media":431180,"comment_status":"","ping_status":"","sticky":false,"template":"","format":"standard","meta":{"footnotes":""},"categories":[1592],"tags":[1111,11,1777,674,1011,27,662,12,626,25],"class_list":{"0":"post-438413","1":"post","2":"type-post","3":"status-publish","4":"format-standard","5":"has-post-thumbnail","7":"category-ile-de-france","8":"tag-actu","9":"tag-actualites","10":"tag-eu","11":"tag-europe","12":"tag-fr","13":"tag-france","14":"tag-ile-de-france","15":"tag-news","16":"tag-paris","17":"tag-republique-francaise"},"share_on_mastodon":{"url":"https:\/\/pubeurope.com\/@fr\/115315444557817576","error":""},"_links":{"self":[{"href":"https:\/\/www.europesays.com\/fr\/wp-json\/wp\/v2\/posts\/438413","targetHints":{"allow":["GET"]}}],"collection":[{"href":"https:\/\/www.europesays.com\/fr\/wp-json\/wp\/v2\/posts"}],"about":[{"href":"https:\/\/www.europesays.com\/fr\/wp-json\/wp\/v2\/types\/post"}],"author":[{"embeddable":true,"href":"https:\/\/www.europesays.com\/fr\/wp-json\/wp\/v2\/users\/2"}],"replies":[{"embeddable":true,"href":"https:\/\/www.europesays.com\/fr\/wp-json\/wp\/v2\/comments?post=438413"}],"version-history":[{"count":0,"href":"https:\/\/www.europesays.com\/fr\/wp-json\/wp\/v2\/posts\/438413\/revisions"}],"wp:featuredmedia":[{"embeddable":true,"href":"https:\/\/www.europesays.com\/fr\/wp-json\/wp\/v2\/media\/431180"}],"wp:attachment":[{"href":"https:\/\/www.europesays.com\/fr\/wp-json\/wp\/v2\/media?parent=438413"}],"wp:term":[{"taxonomy":"category","embeddable":true,"href":"https:\/\/www.europesays.com\/fr\/wp-json\/wp\/v2\/categories?post=438413"},{"taxonomy":"post_tag","embeddable":true,"href":"https:\/\/www.europesays.com\/fr\/wp-json\/wp\/v2\/tags?post=438413"}],"curies":[{"name":"wp","href":"https:\/\/api.w.org\/{rel}","templated":true}]}}