{"id":438434,"date":"2025-10-04T10:43:36","date_gmt":"2025-10-04T10:43:36","guid":{"rendered":"https:\/\/www.europesays.com\/fr\/438434\/"},"modified":"2025-10-04T10:43:36","modified_gmt":"2025-10-04T10:43:36","slug":"la-commission-europeenne-veut-taxer-plus-fortement-et-plus-largement-lacier-etranger-lexpress","status":"publish","type":"post","link":"https:\/\/www.europesays.com\/fr\/438434\/","title":{"rendered":"La Commission europ\u00e9enne veut taxer plus fortement et plus largement l&rsquo;acier \u00e9tranger \u2013 L&rsquo;Express"},"content":{"rendered":"<p class=\"paragraph article-body-paragraph article__item   article-body-paragraph--first \">La Commission europ\u00e9enne, qui doit d\u00e9voiler mardi 7 octobre une nouvelle mesure de sauvegarde pour prot\u00e9ger la production d&rsquo;acier europ\u00e9enne, en grande difficult\u00e9, va proposer d&rsquo;\u00e9largir et augmenter fortement les <a href=\"https:\/\/www.lexpress.fr\/idees-et-debats\/les-droits-de-douane-de-trump-la-recette-parfaite-pour-sappauvrir-lavertissement-de-douglas-irwin-U4XPVH4TDFFCVMAMF5V65YHBQE\/\" target=\"_self\" rel=\"noopener\" title=\"https:\/\/www.lexpress.fr\/idees-et-debats\/les-droits-de-douane-de-trump-la-recette-parfaite-pour-sappauvrir-lavertissement-de-douglas-irwin-U4XPVH4TDFFCVMAMF5V65YHBQE\/\">droits de douane<\/a> appliqu\u00e9s aux importations. Le vice-pr\u00e9sident de l&rsquo;ex\u00e9cutif europ\u00e9en, <a href=\"https:\/\/www.lexpress.fr\/monde\/europe\/stephane-sejourne-a-la-commission-europeenne-ce-grand-oral-quil-ne-faut-pas-rater-BTEHZVJPTRCKJIUGVCR2RGZQAM\/\" target=\"_self\" rel=\"noopener\" title=\"https:\/\/www.lexpress.fr\/monde\/europe\/stephane-sejourne-a-la-commission-europeenne-ce-grand-oral-quil-ne-faut-pas-rater-BTEHZVJPTRCKJIUGVCR2RGZQAM\/\">St\u00e9phane S\u00e9journ\u00e9<\/a>, a dress\u00e9 les grandes lignes de ce nouveau dispositif devant des repr\u00e9sentants de la fili\u00e8re, r\u00e9unis mercredi 1er octobre \u00e0 Bruxelles par des organisations du secteur, selon des participants \u00e0 la rencontre. <\/p>\n<p class=\"paragraph article-body-paragraph article__item   \">La nouvelle \u00ab\u00a0clause de sauvegarde\u00a0\u00bb pr\u00e9par\u00e9e par Bruxelles inclura la r\u00e9duction de \u00ab\u00a0pr\u00e8s de moiti\u00e9\u00a0\u00bb des quotas d&rsquo;<a href=\"https:\/\/www.lexpress.fr\/environnement\/eric-niedziela-arcelormittal-sur-lacier-nous-ne-sommes-plus-dans-une-competition-loyale-4QRCB7ICJFGRNE3SQHGOCKRI5A\/\" target=\"_self\" rel=\"noopener\" title=\"https:\/\/www.lexpress.fr\/environnement\/eric-niedziela-arcelormittal-sur-lacier-nous-ne-sommes-plus-dans-une-competition-loyale-4QRCB7ICJFGRNE3SQHGOCKRI5A\/\">acier<\/a> \u00e9tranger qui peuvent \u00eatre import\u00e9s dans l&rsquo;Union europ\u00e9enne (UE) sans surtaxe, ont rapport\u00e9 ces participants. En outre, les <a href=\"https:\/\/www.lexpress.fr\/economie\/politique-economique\/donald-trump-et-les-droits-de-douane-les-etats-unis-non-plus-nen-sortiront-pas-indemnes-LY3WI3QOQNAOJOTR7EYTS2Y3GI\/\" target=\"_self\" rel=\"noopener\" title=\"https:\/\/www.lexpress.fr\/economie\/politique-economique\/donald-trump-et-les-droits-de-douane-les-etats-unis-non-plus-nen-sortiront-pas-indemnes-LY3WI3QOQNAOJOTR7EYTS2Y3GI\/\">droits de douane<\/a> sur l&rsquo;acier, actuellement fix\u00e9s \u00e0 25 %, seront augment\u00e9s \u00ab\u00a0significativement\u00a0\u00bb, dans des proportions similaires \u00e0 ce qu&rsquo;on fait les Etats-Unis ou le Canada. Enfin, la mesure ne sera pas temporaire, contrairement au dispositif de protection actuel.<\/p>\n<p>Surcapacit\u00e9s chinoises<\/p>\n<p class=\"paragraph article-body-paragraph article__item   \">Il s&rsquo;agira ainsi de la clause \u00ab\u00a0la plus robuste jamais pr\u00e9sent\u00e9e\u00a0\u00bb, a assur\u00e9 St\u00e9phane S\u00e9journ\u00e9 aux repr\u00e9sentants du secteur europ\u00e9en de l&rsquo;acier. Le temps presse car l&rsquo;acier, \u00e0 l&rsquo;instar d&rsquo;autres fili\u00e8res industrielles comme l&rsquo;automobile, traverse une tr\u00e8s mauvaise passe. Les fabricants europ\u00e9ens ont vu leurs marges s&rsquo;effondrer, face \u00e0 l&rsquo;afflux en Europe d&rsquo;importantes quantit\u00e9s d&rsquo;acier venues de Chine. C&rsquo;est la cons\u00e9quence d&rsquo;une forte surcapacit\u00e9 des usines de ce pays, un ph\u00e9nom\u00e8ne qui tire les prix vers le bas sur le march\u00e9 mondial.<\/p>\n<p><strong class=\"article-body-link-list__item text-gray-800 article-body-link-list__item--one-item\">LIRE AUSSI : <a class=\"article-body-link-list__item-link\" href=\"https:\/\/www.lexpress.fr\/monde\/amerique\/droits-de-douane-pourquoi-donald-trump-cible-lacier-et-laluminium-XIFWEMHA5JFJDI2VTXCQY5YMB4\/\" target=\"_blank\" rel=\"noopener\">Droits de douane : pourquoi Donald Trump cible l\u2019acier et l\u2019aluminium<\/a><\/strong><\/p>\n<p class=\"paragraph article-body-paragraph article__item   \">L&rsquo;an dernier, la Chine a produit \u00e0 elle seule plus de 1.000 millions de tonnes d&rsquo;acier, soit plus de la moiti\u00e9 de la production mondiale. Les pays europ\u00e9ens arrivent loin derri\u00e8re : l&rsquo;Allemagne en a produit 37 millions, l&rsquo;Espagne 12 et la France moins de 11, selon les statistiques de l&rsquo;organisation professionnelle World Steel. Parall\u00e8lement, les co\u00fbts des sid\u00e9rurgistes europ\u00e9ens ont grimp\u00e9 en raison de la flamb\u00e9e des prix de l&rsquo;\u00e9nergie. Une conjonction de facteurs redoutable pour <a href=\"https:\/\/www.lexpress.fr\/economie\/entreprises\/arcelormittal-va-supprimer-600-postes-dans-sept-sites-du-nord-de-la-france-KSDE6VKSLZHGTKFVVAN3SY7IYI\/\" target=\"_self\" rel=\"noopener\" title=\"https:\/\/www.lexpress.fr\/economie\/entreprises\/arcelormittal-va-supprimer-600-postes-dans-sept-sites-du-nord-de-la-france-KSDE6VKSLZHGTKFVVAN3SY7IYI\/\">ArcelorMittal<\/a>, ThyssenKrupp et consorts, alors qu&rsquo;ils doivent investir pour r\u00e9duire les \u00e9missions de gaz \u00e0 effet de serre de leurs usines.<\/p>\n<p class=\"paragraph article-body-paragraph article__item   \">ArcelorMittal, deuxi\u00e8me producteur mondial d&rsquo;acier, a ainsi suspendu ses projets d&rsquo;investissement de d\u00e9carbonation du plus grand haut-fourneau europ\u00e9en \u00e0 Dunkerque (pour 1,8 milliard d&rsquo;euros) dans l&rsquo;attente de mesures d&rsquo;aides. Il a aussi annonc\u00e9 la suppression de quelque 600 postes dans sept sites du nord de la France.<\/p>\n<p>Le dispositif actuel jug\u00e9 insuffisant<\/p>\n<p class=\"paragraph article-body-paragraph article__item   \">L&rsquo;UE avait d\u00e9j\u00e0 mis en place en 2019 un dispositif appel\u00e9 clause de sauvegarde pour prot\u00e9ger la production d&rsquo;acier europ\u00e9enne. Mais ce dispositif, prolong\u00e9 en 2024, expire mi-2026 et est jug\u00e9 insuffisant par les industriels qui sonnent l&rsquo;alarme depuis plusieurs mois.<\/p>\n<p><strong class=\"article-body-link-list__item text-gray-800 article-body-link-list__item--one-item\">LIRE AUSSI : <a class=\"article-body-link-list__item-link\" href=\"https:\/\/www.lexpress.fr\/idees-et-debats\/droits-de-douane-donald-trump-penalise-les-americains-mais-leurope-peut-rafler-la-mise-WQNNDTX7GJCE5LUUG3QZ4G7OGA\/\" target=\"_blank\" rel=\"noopener\">Droits de douane : Donald Trump p\u00e9nalise les Am\u00e9ricains, mais l\u2019Europe peut rafler la mise<\/a><\/strong><\/p>\n<p class=\"paragraph article-body-paragraph article__item    article__text__endpicto\">Comme les sid\u00e9rurgistes n&rsquo;h\u00e9sitent pas \u00e0 le rappeler, ce dossier est hautement symbolique pour l&rsquo;avenir industriel de l&rsquo;Europe. La construction europ\u00e9enne a d\u00e9marr\u00e9, dans les ann\u00e9es 1950, avec la mise en commun du charbon et de l&rsquo;acier, les deux fili\u00e8res qui furent le moteur de la reconstruction apr\u00e8s-guerre.<\/p>\n","protected":false},"excerpt":{"rendered":"La Commission europ\u00e9enne, qui doit d\u00e9voiler mardi 7 octobre une nouvelle mesure de sauvegarde pour prot\u00e9ger la production&hellip;\n","protected":false},"author":2,"featured_media":438435,"comment_status":"","ping_status":"","sticky":false,"template":"","format":"standard","meta":{"footnotes":""},"categories":[1586],"tags":[11,33,1777,674,1779,1011,27,74,12,9130,25,1778,364],"class_list":{"0":"post-438434","1":"post","2":"type-post","3":"status-publish","4":"format-standard","5":"has-post-thumbnail","7":"category-europe","8":"tag-actualites","9":"tag-economie","10":"tag-eu","11":"tag-europe","12":"tag-european-union","13":"tag-fr","14":"tag-france","15":"tag-monde","16":"tag-news","17":"tag-politique-economique","18":"tag-republique-francaise","19":"tag-ue","20":"tag-union-europeenne"},"share_on_mastodon":{"url":"https:\/\/pubeurope.com\/@fr\/115315487839510033","error":""},"_links":{"self":[{"href":"https:\/\/www.europesays.com\/fr\/wp-json\/wp\/v2\/posts\/438434","targetHints":{"allow":["GET"]}}],"collection":[{"href":"https:\/\/www.europesays.com\/fr\/wp-json\/wp\/v2\/posts"}],"about":[{"href":"https:\/\/www.europesays.com\/fr\/wp-json\/wp\/v2\/types\/post"}],"author":[{"embeddable":true,"href":"https:\/\/www.europesays.com\/fr\/wp-json\/wp\/v2\/users\/2"}],"replies":[{"embeddable":true,"href":"https:\/\/www.europesays.com\/fr\/wp-json\/wp\/v2\/comments?post=438434"}],"version-history":[{"count":0,"href":"https:\/\/www.europesays.com\/fr\/wp-json\/wp\/v2\/posts\/438434\/revisions"}],"wp:featuredmedia":[{"embeddable":true,"href":"https:\/\/www.europesays.com\/fr\/wp-json\/wp\/v2\/media\/438435"}],"wp:attachment":[{"href":"https:\/\/www.europesays.com\/fr\/wp-json\/wp\/v2\/media?parent=438434"}],"wp:term":[{"taxonomy":"category","embeddable":true,"href":"https:\/\/www.europesays.com\/fr\/wp-json\/wp\/v2\/categories?post=438434"},{"taxonomy":"post_tag","embeddable":true,"href":"https:\/\/www.europesays.com\/fr\/wp-json\/wp\/v2\/tags?post=438434"}],"curies":[{"name":"wp","href":"https:\/\/api.w.org\/{rel}","templated":true}]}}