{"id":438436,"date":"2025-10-04T10:44:14","date_gmt":"2025-10-04T10:44:14","guid":{"rendered":"https:\/\/www.europesays.com\/fr\/438436\/"},"modified":"2025-10-04T10:44:14","modified_gmt":"2025-10-04T10:44:14","slug":"quest-ce-que-larticle-47-de-la-constitution-dont-le-rn-craint-lutilisation-par-sebastien-lecornu-pour-faire-passer-le-budget","status":"publish","type":"post","link":"https:\/\/www.europesays.com\/fr\/438436\/","title":{"rendered":"qu\u2019est-ce que l\u2019article 47 de la Constitution dont le RN craint l\u2019utilisation par S\u00e9bastien Lecornu pour faire passer le budget ?"},"content":{"rendered":"<p><strong>D\u00c9CRYPTAGE<\/strong> &#8211; Le premier ministre a promis de ne pas utiliser le 49.3, mais le Rassemblement national s\u2019inqui\u00e8te d\u2019un autre article de la Constitution de 1958 qui permettrait de \u00abcourt-circuiter le Parlement\u00bb.<\/p>\n<p class=\"fig-paragraph\">La crise politique que traverse l\u2019Hexagone depuis la dissolution de juin 2024 a une cons\u00e9quence inattendue et malgr\u00e9 tout heureuse\u00a0: les Fran\u00e7ais red\u00e9couvrent au fil des p\u00e9rip\u00e9ties parlementaires certains articles parfois arides de la Constitution de 1958. Le\u00a0<a href=\"http:\/\/www.lefigaro.fr\/politique\/budget-les-raisons-du-coup-de-poker-de-sebastien-lecornu-qui-delaisse-le-49-3-20251003\" data-fig-type=\"Article\" data-gtm-custom-categorie=\"navigation\" data-gtm-custom-action=\"crossclick\" data-gtm-custom-label=\"Contextuel\" data-gtm-event=\"customEventSPE\" data-fig-domain=\"LEFIGARO\" target=\"_blank\" rel=\"noopener\">49.3\u00a0<\/a>\u00e9tait depuis longtemps un grand classique des gouvernements en difficult\u00e9. Vendredi,\u00a0<a href=\"http:\/\/www.lefigaro.fr\/politique\/sans-le-49-3-sebastien-lecornu-prend-le-risque-d-un-sabordage-de-la-reforme-des-retraites-20251003\" data-fig-type=\"Article\" data-gtm-custom-categorie=\"navigation\" data-gtm-custom-action=\"crossclick\" data-gtm-custom-label=\"Contextuel\" data-gtm-event=\"customEventSPE\" data-fig-domain=\"LEFIGARO\" target=\"_blank\" rel=\"noopener\">S\u00e9bastien Lecornu<\/a>, le premier ministre qui se d\u00e9finit lui-m\u00eame comme \u00able plus faible de la Ve R\u00e9publique\u00bb, a annonc\u00e9 qu\u2019il ne l\u2019utiliserait pas. \u00abJ\u2019ai d\u00e9cid\u00e9 de renoncer \u00e0 [cet] article. Dans un Parlement qui fonctionne, [&#8230;] on ne peut pas passer en force et contraindre son opposition\u00bb, a-t-il promis, ce qui lui retire une option pour faire passer un budget s\u2019il n\u2019obtient pas de majorit\u00e9.<\/p>\n<p class=\"fig-paragraph\">Mais on se souvient d\u2019autres articles qui ont fait parler d\u2019eux, comme l\u2019article 44.3 surnomm\u00e9 \u00abvote bloqu\u00e9\u00bb, d\u00e9clench\u00e9 par Olivier Dussopt en mars 2023 pour faire passer la\u00a0<a href=\"http:\/\/www.lefigaro.fr\/economie\/reforme-des-retraites-le-premier-ministre-exclut-sa-suspension-20250926\" data-fig-type=\"NewsFlash\" data-gtm-custom-categorie=\"navigation\" data-gtm-custom-action=\"crossclick\" data-gtm-custom-label=\"Contextuel\" data-gtm-event=\"customEventSPE\" data-fig-domain=\"LEFIGARO\" target=\"_blank\" rel=\"noopener\">r\u00e9forme des retraites\u00a0<\/a>ou par\u00a0<a href=\"http:\/\/www.lefigaro.fr\/politique\/municipales-a-paris-rachida-dati-n-est-plus-certaine-du-soutien-de-gabriel-attal-20251002\" data-fig-type=\"Article\" data-gtm-custom-categorie=\"navigation\" data-gtm-custom-action=\"crossclick\" data-gtm-custom-label=\"Contextuel\" data-gtm-event=\"customEventSPE\" data-fig-domain=\"LEFIGARO\" target=\"_blank\" rel=\"noopener\">Rachida Dati<\/a>\u00a0en juillet 2025 pour voter<a href=\"http:\/\/www.lefigaro.fr\/politique\/apres-le-rejet-de-sa-reforme-sur-l-audiovisuel-public-a-l-assemblee-la-loi-defendue-par-dati-de-retour-au-senat-des-la-semaine-prochaine-20250701\" data-fig-type=\"Article\" data-gtm-custom-categorie=\"navigation\" data-gtm-custom-action=\"crossclick\" data-gtm-custom-label=\"Contextuel\" data-gtm-event=\"customEventSPE\" data-fig-domain=\"LEFIGARO\" target=\"_blank\" rel=\"noopener\">\u00a0la loi sur\u2026<\/a><\/p>\n<p class=\"fig-premium-paywall__infos\">\n        Cet article est r\u00e9serv\u00e9 aux abonn\u00e9s.        Il vous reste 86% \u00e0 d\u00e9couvrir.\n    <\/p>\n<p>                <img  data- alt=\"Le Figaro\" class=\"fig-img--complete fig-img\"\/><\/p>\n<p class=\"fig-premium-paywall__title\">Vous avez envie de lire la suite ?<\/p>\n<p class=\"fig-premium-paywall__subtitle\">D\u00e9bloquez tous les articles imm\u00e9diatement.<\/p>\n<p class=\"fig-premium-paywall__connect\">\n                D\u00e9j\u00e0 abonn\u00e9\u00a0?                <a class=\"fig-premium-paywall__connect-link\" href=\"https:\/\/connect.lefigaro.fr\/login?client=horizon_web&amp;type=main&amp;redirect_uri=https%3A%2F%2Fwww.lefigaro.fr%2Fpolitique%2Fjouer-la-montre-qu-est-ce-que-l-article-47-de-la-constitution-dont-le-rn-craint-l-utilisation-par-sebastien-lecornu-pour-faire-passer-le-budget-20251004\" data-js-gtm=\"{&quot;customCategorie&quot;: &quot;conversion&quot;, &quot;customAction&quot;: &quot;before_Landing_Connexion_paywall_auto&quot;, &quot;customLabel&quot;: &quot;bGVmaWdhcm8uZnJfXzFmMGEwZWUxLTFlYmYtNjllNi1hOWQ2LThkMmY5NGUzMzdhM19fTmV3c0ZsYXNo_\u00abJouer la montre\u00bb\u00a0: qu\u2019est-ce que l\u2019article 47 de la Constitution dont le RN craint l\u2019utilisation par S\u00e9bastien Lecornu pour faire passer le budget\u00a0?_252&quot;, &quot;customIDSPE&quot;: &quot;bGVmaWdhcm8uZnJfXzFmMGEwZWUxLTFlYmYtNjllNi1hOWQ2LThkMmY5NGUzMzdhM19fTmV3c0ZsYXNo&quot;, &quot;event&quot;: &quot;customEventSPE&quot;}\" target=\"_blank\" rel=\"noopener\"><br \/>\n                    Connectez-vous<br \/>\n                <\/a>\n            <\/p>\n","protected":false},"excerpt":{"rendered":"D\u00c9CRYPTAGE &#8211; Le premier ministre a promis de ne pas utiliser le 49.3, mais le Rassemblement national s\u2019inqui\u00e8te&hellip;\n","protected":false},"author":2,"featured_media":438437,"comment_status":"","ping_status":"","sticky":false,"template":"","format":"standard","meta":{"footnotes":""},"categories":[2],"tags":[11,1011,27,418,12,25,11067],"class_list":{"0":"post-438436","1":"post","2":"type-post","3":"status-publish","4":"format-standard","5":"has-post-thumbnail","7":"category-actualites","8":"tag-actualites","9":"tag-fr","10":"tag-france","11":"tag-gouvernement","12":"tag-news","13":"tag-republique-francaise","14":"tag-sebastien-lecornu"},"share_on_mastodon":{"url":"https:\/\/pubeurope.com\/@fr\/115315491817109302","error":""},"_links":{"self":[{"href":"https:\/\/www.europesays.com\/fr\/wp-json\/wp\/v2\/posts\/438436","targetHints":{"allow":["GET"]}}],"collection":[{"href":"https:\/\/www.europesays.com\/fr\/wp-json\/wp\/v2\/posts"}],"about":[{"href":"https:\/\/www.europesays.com\/fr\/wp-json\/wp\/v2\/types\/post"}],"author":[{"embeddable":true,"href":"https:\/\/www.europesays.com\/fr\/wp-json\/wp\/v2\/users\/2"}],"replies":[{"embeddable":true,"href":"https:\/\/www.europesays.com\/fr\/wp-json\/wp\/v2\/comments?post=438436"}],"version-history":[{"count":0,"href":"https:\/\/www.europesays.com\/fr\/wp-json\/wp\/v2\/posts\/438436\/revisions"}],"wp:featuredmedia":[{"embeddable":true,"href":"https:\/\/www.europesays.com\/fr\/wp-json\/wp\/v2\/media\/438437"}],"wp:attachment":[{"href":"https:\/\/www.europesays.com\/fr\/wp-json\/wp\/v2\/media?parent=438436"}],"wp:term":[{"taxonomy":"category","embeddable":true,"href":"https:\/\/www.europesays.com\/fr\/wp-json\/wp\/v2\/categories?post=438436"},{"taxonomy":"post_tag","embeddable":true,"href":"https:\/\/www.europesays.com\/fr\/wp-json\/wp\/v2\/tags?post=438436"}],"curies":[{"name":"wp","href":"https:\/\/api.w.org\/{rel}","templated":true}]}}